{"id":1708,"date":"2024-09-26T11:22:17","date_gmt":"2024-09-26T09:22:17","guid":{"rendered":"https:\/\/www.peyrac.fr\/actualites\/?p=1708"},"modified":"2024-09-26T11:22:18","modified_gmt":"2024-09-26T09:22:18","slug":"lun-des-plus-grands-poles-moto-deurope-va-prochainement-ouvrir-ses-portes","status":"publish","type":"post","link":"https:\/\/www.peyrac.fr\/actualites\/lun-des-plus-grands-poles-moto-deurope-va-prochainement-ouvrir-ses-portes\/","title":{"rendered":"L&rsquo;un des plus grands p\u00f4les moto d&rsquo;Europe va prochainement ouvrir ses portes !"},"content":{"rendered":"\n<figure class=\"wp-block-gallery aligncenter columns-1 is-cropped\"><ul data-carousel-extra='{\"blog_id\":1,\"permalink\":\"https:\\\/\\\/www.peyrac.fr\\\/actualites\\\/lun-des-plus-grands-poles-moto-deurope-va-prochainement-ouvrir-ses-portes\\\/\"}' class=\"blocks-gallery-grid\"><li class=\"blocks-gallery-item\"><figure><img data-attachment-id=\"1709\" data-permalink=\"https:\/\/www.peyrac.fr\/actualites\/lun-des-plus-grands-poles-moto-deurope-va-prochainement-ouvrir-ses-portes\/mo-town\/\" data-orig-file=\"https:\/\/www.peyrac.fr\/actualites\/wp-content\/uploads\/2024\/09\/Mo-Town.webp\" data-orig-size=\"678,361\" data-comments-opened=\"1\" data-image-meta=\"{&quot;aperture&quot;:&quot;0&quot;,&quot;credit&quot;:&quot;&quot;,&quot;camera&quot;:&quot;&quot;,&quot;caption&quot;:&quot;&quot;,&quot;created_timestamp&quot;:&quot;0&quot;,&quot;copyright&quot;:&quot;&quot;,&quot;focal_length&quot;:&quot;0&quot;,&quot;iso&quot;:&quot;0&quot;,&quot;shutter_speed&quot;:&quot;0&quot;,&quot;title&quot;:&quot;&quot;,&quot;orientation&quot;:&quot;0&quot;}\" data-image-title=\"Mo-Town\" data-image-description=\"\" data-medium-file=\"https:\/\/www.peyrac.fr\/actualites\/wp-content\/uploads\/2024\/09\/Mo-Town-300x160.webp\" data-large-file=\"https:\/\/www.peyrac.fr\/actualites\/wp-content\/uploads\/2024\/09\/Mo-Town.webp\" loading=\"lazy\" width=\"678\" height=\"361\" src=\"https:\/\/www.peyrac.fr\/actualites\/wp-content\/uploads\/2024\/09\/Mo-Town.webp\" alt=\"\" data-id=\"1709\" data-full-url=\"https:\/\/www.peyrac.fr\/actualites\/wp-content\/uploads\/2024\/09\/Mo-Town.webp\" data-link=\"https:\/\/www.peyrac.fr\/actualites\/?attachment_id=1709\" class=\"wp-image-1709\" srcset=\"https:\/\/www.peyrac.fr\/actualites\/wp-content\/uploads\/2024\/09\/Mo-Town.webp 678w, https:\/\/www.peyrac.fr\/actualites\/wp-content\/uploads\/2024\/09\/Mo-Town-300x160.webp 300w, https:\/\/www.peyrac.fr\/actualites\/wp-content\/uploads\/2024\/09\/Mo-Town-507x270.webp 507w\" sizes=\"(max-width: 640px) 100vw, 640px\" \/><\/figure><\/li><\/ul><\/figure>\n\n\n\n<p>Un nouvel espace d\u00e9di\u00e9 aux passionn\u00e9s de moto, baptis\u00e9 <a href=\"https:\/\/venissieuxinfos.fr\/venissieux-vers-un-village-moto-dexception-mo-town-pour-2025\/\">Mo Town<\/a>, va ouvrir ses portes \u00e0 V\u00e9nissieux, dans la m\u00e9tropole de Lyon. Ce projet ambitieux con\u00e7u par les architectes lyonnais Soho Atlas vise \u00e0 devenir un lieu incontournable pour les motards de la r\u00e9gion, en offrant une large gamme de services et d&rsquo;activit\u00e9s autour de l&rsquo;univers des deux-roues. Mo Town proposera un concept unique alliant exposition, customisation et pratique, le tout dans une ambiance conviviale et dynamique.<\/p>\n\n\n\n<p>Le site de 16 000 m2 comprendra plusieurs zones sp\u00e9cifiques : une grande salle d&rsquo;exposition o\u00f9 les visiteurs pourront d\u00e9couvrir les derni\u00e8res nouveaut\u00e9s du monde de la moto, ainsi que des mod\u00e8les vintage restaur\u00e9s et customis\u00e9s. Un atelier de customisation permettra aux motards de personnaliser leur v\u00e9hicule, avec l&rsquo;aide de professionnels du secteur. L&rsquo;un des atouts majeurs de Mo Town sera \u00e9galement sa piste d&rsquo;essai, o\u00f9 les amateurs pourront tester diff\u00e9rents mod\u00e8les de motos en toute s\u00e9curit\u00e9.<\/p>\n\n\n\n<p>En plus de ses services, Mo Town se veut \u00eatre un v\u00e9ritable<strong> <\/strong>lieu de rassemblement pour les motards. Le centre pr\u00e9voit d\u2019organiser r\u00e9guli\u00e8rement des \u00e9v\u00e9nements, tels que des rassemblements de bikers, des salons et des stages de conduite, destin\u00e9s aussi bien aux d\u00e9butants qu\u2019aux motards confirm\u00e9s. Plus de 1000 m2 d&rsquo;espaces de restauration et de d\u00e9tente compl\u00e9teront l&rsquo;offre, cr\u00e9ant ainsi un lieu de rencontre pour les passionn\u00e9s.<\/p>\n\n\n\n<p>Avec son ouverture pr\u00e9vue le printemps avril 2025, Mo Town promet de dynamiser la sc\u00e8ne moto lyonnaise et de devenir un incontournable pour tous les amateurs de deux-roues.<\/p>\n\n\n\n<h3><span class=\"has-inline-color has-vivid-cyan-blue-color\"><strong>5 bonnes raisons de rejoindre Peyrac Assurances pour votre <a href=\"https:\/\/www.peyrac.fr\/\"><span style=\"text-decoration: underline;\">assurance moto<\/span><\/a><\/strong><\/span> <span class=\"has-inline-color has-vivid-cyan-blue-color\">:<\/span><\/h3>\n\n\n\n<div data-carousel-extra='{\"blog_id\":1,\"permalink\":\"https:\\\/\\\/www.peyrac.fr\\\/actualites\\\/lun-des-plus-grands-poles-moto-deurope-va-prochainement-ouvrir-ses-portes\\\/\"}' class=\"wp-block-columns\">\n<div data-carousel-extra='{\"blog_id\":1,\"permalink\":\"https:\\\/\\\/www.peyrac.fr\\\/actualites\\\/lun-des-plus-grands-poles-moto-deurope-va-prochainement-ouvrir-ses-portes\\\/\"}' class=\"wp-block-column\" style=\"flex-basis:100%\">\n<ul><li>Garantie valeur \u00e0 neuf de votre 2 roues pendant 12 mois*,<\/li><li>0 \u20ac de franchise en cas de non sinistralit\u00e9 au bout de 3 ans d&rsquo;assurance,<\/li><li>Un conseiller d&rsquo;assurance d\u00e9di\u00e9 durant toute la vie de votre contrat,<\/li><li>Garanties et tarifs parmi les meilleurs du march\u00e9 depuis plus de 17 ans.<\/li><li>Jusqu\u2019\u00e0 moins 15% de remise sur votre 2<sup>\u00e8me<\/sup> contrat moto.<\/li><\/ul>\n\n\n\n<p> * <sub>Pour les v\u00e9hicules ayant moins d&rsquo;un an suivant la date de 1\u00e8re mise en circulation<\/sub> <\/p>\n\n\n\n<p> <strong><span class=\"has-inline-color has-vivid-cyan-blue-color\">N&rsquo;attendez plus pour d\u00e9couvrir nos offres en cliquant sur le lien ci-dessous !<\/span> <\/strong><\/p>\n\n\n\n<p class=\"has-text-align-center\"> <\/p>\n\n\n\n<p class=\"has-text-align-center\"><a rel=\"noreferrer noopener\" href=\"https:\/\/www.peyrac.fr\/devis-assurance-2roues\" target=\"_blank\">DEVIS ET SOUSCRIPTION EN LIGNE EN 2 MN<\/a> <\/p>\n\n\n\n<div data-carousel-extra='{\"blog_id\":1,\"permalink\":\"https:\\\/\\\/www.peyrac.fr\\\/actualites\\\/lun-des-plus-grands-poles-moto-deurope-va-prochainement-ouvrir-ses-portes\\\/\"}' class=\"wp-block-image\"><figure class=\"aligncenter\"><a href=\"https:\/\/www.peyrac.fr\/devis-assurance-2roues\"><img src=\"https:\/\/i2.wp.com\/www.peyrac.fr\/actualites\/wp-content\/uploads\/2022\/04\/image.png?w=640&#038;ssl=1\" alt=\"L\u2019attribut alt de cette image est vide, son nom de fichier est image.png.\" data-recalc-dims=\"1\"\/><\/a><\/figure><\/div>\n\n\n\n<p><\/p>\n<\/div>\n<\/div>\n","protected":false},"excerpt":{"rendered":"<p>Un nouvel espace d\u00e9di\u00e9 aux passionn\u00e9s de moto, baptis\u00e9 Mo Town, va ouvrir ses portes \u00e0 V\u00e9nissieux, dans la m\u00e9tropole de Lyon. Ce projet ambitieux con\u00e7u par les architectes lyonnais Soho Atlas vise \u00e0 devenir un lieu incontournable pour les motards de la r\u00e9gion, en offrant une large gamme de services et d&rsquo;activit\u00e9s autour de l&rsquo;univers des deux-roues. Mo Town proposera un concept unique alliant exposition, customisation et pratique, le tout dans une ambiance conviviale et dynamique. Le site de&#8230;<\/p>\n<p class=\"read-more\"><a class=\"btn btn-default\" href=\"https:\/\/www.peyrac.fr\/actualites\/lun-des-plus-grands-poles-moto-deurope-va-prochainement-ouvrir-ses-portes\/\">Lire la suite<span class=\"screen-reader-text\"> Lire la suite<\/span><\/a><\/p>\n","protected":false},"author":4,"featured_media":0,"comment_status":"open","ping_status":"open","sticky":false,"template":"","format":"standard","meta":{"spay_email":"","jetpack_publicize_message":""},"categories":[1],"tags":[],"jetpack_featured_media_url":"","jetpack_publicize_connections":[],"yoast_head":"<!-- This site is optimized with the Yoast SEO plugin v14.2 - https:\/\/yoast.com\/wordpress\/plugins\/seo\/ -->\n<title>L&#039;un des plus grands p\u00f4les moto d&#039;Europe va prochainement ouvrir ses portes ! - Actualit\u00e9s<\/title>\n<meta name=\"robots\" content=\"index, follow\" \/>\n<meta name=\"googlebot\" content=\"index, follow, max-snippet:-1, max-image-preview:large, max-video-preview:-1\" \/>\n<meta name=\"bingbot\" content=\"index, follow, max-snippet:-1, max-image-preview:large, max-video-preview:-1\" \/>\n<link rel=\"canonical\" href=\"https:\/\/www.peyrac.fr\/actualites\/lun-des-plus-grands-poles-moto-deurope-va-prochainement-ouvrir-ses-portes\/\" \/>\n<meta property=\"og:locale\" content=\"fr_FR\" \/>\n<meta property=\"og:type\" content=\"article\" \/>\n<meta property=\"og:title\" content=\"L&#039;un des plus grands p\u00f4les moto d&#039;Europe va prochainement ouvrir ses portes ! - Actualit\u00e9s\" \/>\n<meta property=\"og:description\" content=\"Un nouvel espace d\u00e9di\u00e9 aux passionn\u00e9s de moto, baptis\u00e9 Mo Town, va ouvrir ses portes \u00e0 V\u00e9nissieux, dans la m\u00e9tropole de Lyon. Ce projet ambitieux con\u00e7u par les architectes lyonnais Soho Atlas vise \u00e0 devenir un lieu incontournable pour les motards de la r\u00e9gion, en offrant une large gamme de services et d&rsquo;activit\u00e9s autour de l&rsquo;univers des deux-roues. Mo Town proposera un concept unique alliant exposition, customisation et pratique, le tout dans une ambiance conviviale et dynamique. Le site de...Lire la suite Lire la suite\" \/>\n<meta property=\"og:url\" content=\"https:\/\/www.peyrac.fr\/actualites\/lun-des-plus-grands-poles-moto-deurope-va-prochainement-ouvrir-ses-portes\/\" \/>\n<meta property=\"og:site_name\" content=\"Actualit\u00e9s\" \/>\n<meta property=\"article:publisher\" content=\"https:\/\/fr-fr.facebook.com\/pages\/category\/Insurance-Broker\/Peyrac-Assurances-785156224901716\/\" \/>\n<meta property=\"article:published_time\" content=\"2024-09-26T09:22:17+00:00\" \/>\n<meta property=\"article:modified_time\" content=\"2024-09-26T09:22:18+00:00\" \/>\n<meta property=\"og:image\" content=\"https:\/\/www.peyrac.fr\/actualites\/wp-content\/uploads\/2024\/09\/Mo-Town.webp\" \/>\n<meta name=\"twitter:card\" content=\"summary\" \/>\n<meta name=\"twitter:creator\" content=\"@PeyracAssurance\" \/>\n<meta name=\"twitter:site\" content=\"@PeyracAssurance\" \/>\n<script type=\"application\/ld+json\" class=\"yoast-schema-graph\">{\"@context\":\"https:\/\/schema.org\",\"@graph\":[{\"@type\":\"WebSite\",\"@id\":\"https:\/\/www.peyrac.fr\/actualites\/#website\",\"url\":\"https:\/\/www.peyrac.fr\/actualites\/\",\"name\":\"Peyrac Assurances\",\"description\":\"\",\"potentialAction\":[{\"@type\":\"SearchAction\",\"target\":\"https:\/\/www.peyrac.fr\/actualites\/?s={search_term_string}\",\"query-input\":\"required name=search_term_string\"}],\"inLanguage\":\"fr-FR\"},{\"@type\":\"ImageObject\",\"@id\":\"https:\/\/www.peyrac.fr\/actualites\/lun-des-plus-grands-poles-moto-deurope-va-prochainement-ouvrir-ses-portes\/#primaryimage\",\"inLanguage\":\"fr-FR\",\"url\":\"https:\/\/www.peyrac.fr\/actualites\/wp-content\/uploads\/2024\/09\/Mo-Town.webp\",\"width\":678,\"height\":361},{\"@type\":\"WebPage\",\"@id\":\"https:\/\/www.peyrac.fr\/actualites\/lun-des-plus-grands-poles-moto-deurope-va-prochainement-ouvrir-ses-portes\/#webpage\",\"url\":\"https:\/\/www.peyrac.fr\/actualites\/lun-des-plus-grands-poles-moto-deurope-va-prochainement-ouvrir-ses-portes\/\",\"name\":\"L'un des plus grands p\\u00f4les moto d'Europe va prochainement ouvrir ses portes ! - Actualit\\u00e9s\",\"isPartOf\":{\"@id\":\"https:\/\/www.peyrac.fr\/actualites\/#website\"},\"primaryImageOfPage\":{\"@id\":\"https:\/\/www.peyrac.fr\/actualites\/lun-des-plus-grands-poles-moto-deurope-va-prochainement-ouvrir-ses-portes\/#primaryimage\"},\"datePublished\":\"2024-09-26T09:22:17+00:00\",\"dateModified\":\"2024-09-26T09:22:18+00:00\",\"author\":{\"@id\":\"https:\/\/www.peyrac.fr\/actualites\/#\/schema\/person\/162ff8dc4aeb790d0bf315f75b32f724\"},\"breadcrumb\":{\"@id\":\"https:\/\/www.peyrac.fr\/actualites\/lun-des-plus-grands-poles-moto-deurope-va-prochainement-ouvrir-ses-portes\/#breadcrumb\"},\"inLanguage\":\"fr-FR\",\"potentialAction\":[{\"@type\":\"ReadAction\",\"target\":[\"https:\/\/www.peyrac.fr\/actualites\/lun-des-plus-grands-poles-moto-deurope-va-prochainement-ouvrir-ses-portes\/\"]}]},{\"@type\":\"BreadcrumbList\",\"@id\":\"https:\/\/www.peyrac.fr\/actualites\/lun-des-plus-grands-poles-moto-deurope-va-prochainement-ouvrir-ses-portes\/#breadcrumb\",\"itemListElement\":[{\"@type\":\"ListItem\",\"position\":1,\"item\":{\"@type\":\"WebPage\",\"@id\":\"https:\/\/www.peyrac.fr\/actualites\/\",\"url\":\"https:\/\/www.peyrac.fr\/actualites\/\",\"name\":\"Accueil des actualit\\u00e9s\"}},{\"@type\":\"ListItem\",\"position\":2,\"item\":{\"@type\":\"WebPage\",\"@id\":\"https:\/\/www.peyrac.fr\/actualites\/category\/non-classe\/\",\"url\":\"https:\/\/www.peyrac.fr\/actualites\/category\/non-classe\/\",\"name\":\"Non class\\u00e9\"}},{\"@type\":\"ListItem\",\"position\":3,\"item\":{\"@type\":\"WebPage\",\"@id\":\"https:\/\/www.peyrac.fr\/actualites\/lun-des-plus-grands-poles-moto-deurope-va-prochainement-ouvrir-ses-portes\/\",\"url\":\"https:\/\/www.peyrac.fr\/actualites\/lun-des-plus-grands-poles-moto-deurope-va-prochainement-ouvrir-ses-portes\/\",\"name\":\"L&rsquo;un des plus grands p\\u00f4les moto d&rsquo;Europe va prochainement ouvrir ses portes !\"}}]},{\"@type\":[\"Person\"],\"@id\":\"https:\/\/www.peyrac.fr\/actualites\/#\/schema\/person\/162ff8dc4aeb790d0bf315f75b32f724\",\"name\":\"M B\",\"image\":{\"@type\":\"ImageObject\",\"@id\":\"https:\/\/www.peyrac.fr\/actualites\/#personlogo\",\"inLanguage\":\"fr-FR\",\"url\":\"https:\/\/secure.gravatar.com\/avatar\/7095438c901b5d50da8fb9a6f5680d8c?s=96&d=mm&r=g\",\"caption\":\"M B\"}}]}<\/script>\n<!-- \/ Yoast SEO plugin. -->","jetpack_sharing_enabled":true,"jetpack_shortlink":"https:\/\/wp.me\/p9FV2m-ry","jetpack_likes_enabled":true,"jetpack-related-posts":[],"_links":{"self":[{"href":"https:\/\/www.peyrac.fr\/actualites\/wp-json\/wp\/v2\/posts\/1708"}],"collection":[{"href":"https:\/\/www.peyrac.fr\/actualites\/wp-json\/wp\/v2\/posts"}],"about":[{"href":"https:\/\/www.peyrac.fr\/actualites\/wp-json\/wp\/v2\/types\/post"}],"author":[{"embeddable":true,"href":"https:\/\/www.peyrac.fr\/actualites\/wp-json\/wp\/v2\/users\/4"}],"replies":[{"embeddable":true,"href":"https:\/\/www.peyrac.fr\/actualites\/wp-json\/wp\/v2\/comments?post=1708"}],"version-history":[{"count":6,"href":"https:\/\/www.peyrac.fr\/actualites\/wp-json\/wp\/v2\/posts\/1708\/revisions"}],"predecessor-version":[{"id":1715,"href":"https:\/\/www.peyrac.fr\/actualites\/wp-json\/wp\/v2\/posts\/1708\/revisions\/1715"}],"wp:attachment":[{"href":"https:\/\/www.peyrac.fr\/actualites\/wp-json\/wp\/v2\/media?parent=1708"}],"wp:term":[{"taxonomy":"category","embeddable":true,"href":"https:\/\/www.peyrac.fr\/actualites\/wp-json\/wp\/v2\/categories?post=1708"},{"taxonomy":"post_tag","embeddable":true,"href":"https:\/\/www.peyrac.fr\/actualites\/wp-json\/wp\/v2\/tags?post=1708"}],"curies":[{"name":"wp","href":"https:\/\/api.w.org\/{rel}","templated":true}]}}