{"id":1716,"date":"2024-10-04T11:39:02","date_gmt":"2024-10-04T09:39:02","guid":{"rendered":"https:\/\/www.peyrac.fr\/actualites\/?p=1716"},"modified":"2024-10-04T11:39:02","modified_gmt":"2024-10-04T09:39:02","slug":"le-can-am-pulse-le-deux-roues-electrique-reinvente","status":"publish","type":"post","link":"https:\/\/www.peyrac.fr\/actualites\/le-can-am-pulse-le-deux-roues-electrique-reinvente\/","title":{"rendered":"Le Can-Am Pulse : le deux-roues \u00e9lectrique r\u00e9invent\u00e9"},"content":{"rendered":"\n<figure class=\"wp-block-gallery aligncenter columns-1 is-cropped\"><ul data-carousel-extra='{\"blog_id\":1,\"permalink\":\"https:\\\/\\\/www.peyrac.fr\\\/actualites\\\/le-can-am-pulse-le-deux-roues-electrique-reinvente\\\/\"}' class=\"blocks-gallery-grid\"><li class=\"blocks-gallery-item\"><figure><img data-attachment-id=\"1718\" data-permalink=\"https:\/\/www.peyrac.fr\/actualites\/le-can-am-pulse-le-deux-roues-electrique-reinvente\/canam-pulse\/\" data-orig-file=\"https:\/\/i0.wp.com\/www.peyrac.fr\/actualites\/wp-content\/uploads\/2024\/10\/CanAM-Pulse.jpg?fit=1280%2C803&amp;ssl=1\" data-orig-size=\"1280,803\" data-comments-opened=\"1\" data-image-meta=\"{&quot;aperture&quot;:&quot;0&quot;,&quot;credit&quot;:&quot;&quot;,&quot;camera&quot;:&quot;&quot;,&quot;caption&quot;:&quot;&quot;,&quot;created_timestamp&quot;:&quot;0&quot;,&quot;copyright&quot;:&quot;&quot;,&quot;focal_length&quot;:&quot;0&quot;,&quot;iso&quot;:&quot;0&quot;,&quot;shutter_speed&quot;:&quot;0&quot;,&quot;title&quot;:&quot;&quot;,&quot;orientation&quot;:&quot;1&quot;}\" data-image-title=\"CanAM-Pulse\" data-image-description=\"\" data-medium-file=\"https:\/\/i0.wp.com\/www.peyrac.fr\/actualites\/wp-content\/uploads\/2024\/10\/CanAM-Pulse.jpg?fit=300%2C188&amp;ssl=1\" data-large-file=\"https:\/\/i0.wp.com\/www.peyrac.fr\/actualites\/wp-content\/uploads\/2024\/10\/CanAM-Pulse.jpg?fit=640%2C401&amp;ssl=1\" loading=\"lazy\" width=\"1280\" height=\"803\" src=\"https:\/\/i0.wp.com\/www.peyrac.fr\/actualites\/wp-content\/uploads\/2024\/10\/CanAM-Pulse.jpg?fit=640%2C401&amp;ssl=1\" alt=\"\" data-id=\"1718\" data-full-url=\"https:\/\/i0.wp.com\/www.peyrac.fr\/actualites\/wp-content\/uploads\/2024\/10\/CanAM-Pulse.jpg?fit=1280%2C803&amp;ssl=1\" data-link=\"https:\/\/www.peyrac.fr\/actualites\/?attachment_id=1718\" class=\"wp-image-1718\" srcset=\"https:\/\/i0.wp.com\/www.peyrac.fr\/actualites\/wp-content\/uploads\/2024\/10\/CanAM-Pulse.jpg?w=1280&amp;ssl=1 1280w, https:\/\/i0.wp.com\/www.peyrac.fr\/actualites\/wp-content\/uploads\/2024\/10\/CanAM-Pulse.jpg?resize=300%2C188&amp;ssl=1 300w, https:\/\/i0.wp.com\/www.peyrac.fr\/actualites\/wp-content\/uploads\/2024\/10\/CanAM-Pulse.jpg?resize=1024%2C642&amp;ssl=1 1024w, https:\/\/i0.wp.com\/www.peyrac.fr\/actualites\/wp-content\/uploads\/2024\/10\/CanAM-Pulse.jpg?resize=768%2C482&amp;ssl=1 768w, https:\/\/i0.wp.com\/www.peyrac.fr\/actualites\/wp-content\/uploads\/2024\/10\/CanAM-Pulse.jpg?resize=430%2C270&amp;ssl=1 430w\" sizes=\"(max-width: 640px) 100vw, 640px\" \/><\/figure><\/li><\/ul><\/figure>\n\n\n\n<p>Le Can-Am Pulse est un deux-roues \u00e9lectrique con\u00e7u pour r\u00e9pondre aux besoins de mobilit\u00e9 urbaine tout en offrant une conduite agr\u00e9able et respectueuse de l&rsquo;environnement. Avec son nouveau roadster, Can-Am marque son retour dans l&rsquo;univers des deux-roues, en se positionnant cette fois sur le march\u00e9 de l&rsquo;\u00e9lectrique.<\/p>\n\n\n\n<p>Le Pulse arbore un design \u00e9l\u00e9gant et minimaliste, adapt\u00e9 \u00e0 la vie citadine. Ses lignes \u00e9pur\u00e9es, ses mat\u00e9riaux de qualit\u00e9 et ses feux \u00e0 LED lui donnent un aspect futuriste, tout en restant pratique et fonctionnel pour les d\u00e9placements quotidiens.<\/p>\n\n\n\n<p>Il est \u00e9quip\u00e9 d\u2019un moteur \u00e9lectrique puissant, offrant une acc\u00e9l\u00e9ration fluide et instantan\u00e9e, id\u00e9ale pour naviguer en toute agilit\u00e9 en ville. Sa batterie assure une autonomie suffisante pour les trajets quotidiens, et gr\u00e2ce \u00e0 la recharge rapide, il est pr\u00eat \u00e0 repartir en peu de temps.<\/p>\n\n\n\n<p>Il est \u00e9galement dot\u00e9 d&rsquo;une interface num\u00e9rique intuitive, avec des informations en temps r\u00e9el sur la vitesse, l\u2019autonomie, et l\u2019\u00e9tat du v\u00e9hicule. L\u2019application mobile d\u00e9di\u00e9e permet \u00e9galement de suivre l\u2019\u00e9tat de la batterie et d\u2019autres param\u00e8tres \u00e0 distance. Pour la s\u00e9curit\u00e9, le Pulse int\u00e8gre des syst\u00e8mes avanc\u00e9s comme l&rsquo;ABS et le contr\u00f4le de traction, garantissant une conduite plus s\u00fbre.<\/p>\n\n\n\n<p>Enti\u00e8rement \u00e9lectrique, le Can-Am Pulse ne produit aucune \u00e9mission polluante, contribuant ainsi \u00e0 r\u00e9duire l&#8217;empreinte carbone dans les villes. Avec ce v\u00e9hicule, Can-Am propose une alternative \u00e9cologique aux scooters thermiques, tout en garantissant le plaisir de conduite.<\/p>\n\n\n\n<p>Le Can-Am Pulse combine design, technologie et durabilit\u00e9, en faisant une option id\u00e9ale pour les citadins \u00e0 la recherche d\u2019un moyen de transport pratique, performant et respectueux de l&rsquo;environnement.<\/p>\n\n\n\n<h3><span class=\"has-inline-color has-vivid-cyan-blue-color\"><strong>5 bonnes raisons de rejoindre Peyrac Assurances pour votre <a href=\"https:\/\/www.peyrac.fr\/\"><span style=\"text-decoration: underline;\">assurance moto<\/span><\/a><\/strong><\/span> <span class=\"has-inline-color has-vivid-cyan-blue-color\">:<\/span><\/h3>\n\n\n\n<div data-carousel-extra='{\"blog_id\":1,\"permalink\":\"https:\\\/\\\/www.peyrac.fr\\\/actualites\\\/le-can-am-pulse-le-deux-roues-electrique-reinvente\\\/\"}' class=\"wp-block-columns\">\n<div data-carousel-extra='{\"blog_id\":1,\"permalink\":\"https:\\\/\\\/www.peyrac.fr\\\/actualites\\\/le-can-am-pulse-le-deux-roues-electrique-reinvente\\\/\"}' class=\"wp-block-column\" style=\"flex-basis:100%\">\n<ul><li>Garantie valeur \u00e0 neuf de votre 2 roues pendant 12 mois*,<\/li><li>0 \u20ac de franchise en cas de non sinistralit\u00e9 au bout de 3 ans d&rsquo;assurance,<\/li><li>Un conseiller d&rsquo;assurance d\u00e9di\u00e9 durant toute la vie de votre contrat,<\/li><li>Garanties et tarifs parmi les meilleurs du march\u00e9 depuis plus de 17 ans.<\/li><li>Jusqu\u2019\u00e0 moins 15% de remise sur votre 2<sup>\u00e8me<\/sup> contrat moto.<\/li><\/ul>\n\n\n\n<p> * <sub>Pour les v\u00e9hicules ayant moins d&rsquo;un an suivant la date de 1\u00e8re mise en circulation<\/sub> <\/p>\n\n\n\n<p> <strong><span class=\"has-inline-color has-vivid-cyan-blue-color\">N&rsquo;attendez plus pour d\u00e9couvrir nos offres en cliquant sur le lien ci-dessous !<\/span> <\/strong><\/p>\n\n\n\n<p class=\"has-text-align-center\"> <\/p>\n\n\n\n<p class=\"has-text-align-center\"><a rel=\"noreferrer noopener\" href=\"https:\/\/www.peyrac.fr\/devis-assurance-2roues\" target=\"_blank\">DEVIS ET SOUSCRIPTION EN LIGNE EN 2 MN<\/a> <\/p>\n\n\n\n<div data-carousel-extra='{\"blog_id\":1,\"permalink\":\"https:\\\/\\\/www.peyrac.fr\\\/actualites\\\/le-can-am-pulse-le-deux-roues-electrique-reinvente\\\/\"}' class=\"wp-block-image\"><figure class=\"aligncenter\"><a href=\"https:\/\/www.peyrac.fr\/devis-assurance-2roues\"><img src=\"https:\/\/i2.wp.com\/www.peyrac.fr\/actualites\/wp-content\/uploads\/2022\/04\/image.png?w=640&#038;ssl=1\" alt=\"L\u2019attribut alt de cette image est vide, son nom de fichier est image.png.\" data-recalc-dims=\"1\"\/><\/a><\/figure><\/div>\n\n\n\n<p><\/p>\n<\/div>\n<\/div>\n","protected":false},"excerpt":{"rendered":"<p>Le Can-Am Pulse est un deux-roues \u00e9lectrique con\u00e7u pour r\u00e9pondre aux besoins de mobilit\u00e9 urbaine tout en offrant une conduite agr\u00e9able et respectueuse de l&rsquo;environnement. Avec son nouveau roadster, Can-Am marque son retour dans l&rsquo;univers des deux-roues, en se positionnant cette fois sur le march\u00e9 de l&rsquo;\u00e9lectrique. Le Pulse arbore un design \u00e9l\u00e9gant et minimaliste, adapt\u00e9 \u00e0 la vie citadine. Ses lignes \u00e9pur\u00e9es, ses mat\u00e9riaux de qualit\u00e9 et ses feux \u00e0 LED lui donnent un aspect futuriste, tout en restant&#8230;<\/p>\n<p class=\"read-more\"><a class=\"btn btn-default\" href=\"https:\/\/www.peyrac.fr\/actualites\/le-can-am-pulse-le-deux-roues-electrique-reinvente\/\">Lire la suite<span class=\"screen-reader-text\"> Lire la suite<\/span><\/a><\/p>\n","protected":false},"author":4,"featured_media":0,"comment_status":"open","ping_status":"open","sticky":false,"template":"","format":"standard","meta":{"spay_email":"","jetpack_publicize_message":""},"categories":[1],"tags":[],"jetpack_featured_media_url":"","jetpack_publicize_connections":[],"yoast_head":"<!-- This site is optimized with the Yoast SEO plugin v14.2 - https:\/\/yoast.com\/wordpress\/plugins\/seo\/ -->\n<title>Le Can-Am Pulse : le deux-roues \u00e9lectrique r\u00e9invent\u00e9 - Actualit\u00e9s<\/title>\n<meta name=\"robots\" content=\"index, follow\" \/>\n<meta name=\"googlebot\" content=\"index, follow, max-snippet:-1, max-image-preview:large, max-video-preview:-1\" \/>\n<meta name=\"bingbot\" content=\"index, follow, max-snippet:-1, max-image-preview:large, max-video-preview:-1\" \/>\n<link rel=\"canonical\" href=\"https:\/\/www.peyrac.fr\/actualites\/le-can-am-pulse-le-deux-roues-electrique-reinvente\/\" \/>\n<meta property=\"og:locale\" content=\"fr_FR\" \/>\n<meta property=\"og:type\" content=\"article\" \/>\n<meta property=\"og:title\" content=\"Le Can-Am Pulse : le deux-roues \u00e9lectrique r\u00e9invent\u00e9 - Actualit\u00e9s\" \/>\n<meta property=\"og:description\" content=\"Le Can-Am Pulse est un deux-roues \u00e9lectrique con\u00e7u pour r\u00e9pondre aux besoins de mobilit\u00e9 urbaine tout en offrant une conduite agr\u00e9able et respectueuse de l&rsquo;environnement. Avec son nouveau roadster, Can-Am marque son retour dans l&rsquo;univers des deux-roues, en se positionnant cette fois sur le march\u00e9 de l&rsquo;\u00e9lectrique. Le Pulse arbore un design \u00e9l\u00e9gant et minimaliste, adapt\u00e9 \u00e0 la vie citadine. Ses lignes \u00e9pur\u00e9es, ses mat\u00e9riaux de qualit\u00e9 et ses feux \u00e0 LED lui donnent un aspect futuriste, tout en restant...Lire la suite Lire la suite\" \/>\n<meta property=\"og:url\" content=\"https:\/\/www.peyrac.fr\/actualites\/le-can-am-pulse-le-deux-roues-electrique-reinvente\/\" \/>\n<meta property=\"og:site_name\" content=\"Actualit\u00e9s\" \/>\n<meta property=\"article:publisher\" content=\"https:\/\/fr-fr.facebook.com\/pages\/category\/Insurance-Broker\/Peyrac-Assurances-785156224901716\/\" \/>\n<meta property=\"article:published_time\" content=\"2024-10-04T09:39:02+00:00\" \/>\n<meta property=\"og:image\" content=\"https:\/\/i0.wp.com\/www.peyrac.fr\/actualites\/wp-content\/uploads\/2024\/10\/CanAM-Pulse.jpg?fit=640%2C401&#038;ssl=1\" \/>\n<meta name=\"twitter:card\" content=\"summary\" \/>\n<meta name=\"twitter:creator\" content=\"@PeyracAssurance\" \/>\n<meta name=\"twitter:site\" content=\"@PeyracAssurance\" \/>\n<script type=\"application\/ld+json\" class=\"yoast-schema-graph\">{\"@context\":\"https:\/\/schema.org\",\"@graph\":[{\"@type\":\"WebSite\",\"@id\":\"https:\/\/www.peyrac.fr\/actualites\/#website\",\"url\":\"https:\/\/www.peyrac.fr\/actualites\/\",\"name\":\"Peyrac Assurances\",\"description\":\"\",\"potentialAction\":[{\"@type\":\"SearchAction\",\"target\":\"https:\/\/www.peyrac.fr\/actualites\/?s={search_term_string}\",\"query-input\":\"required name=search_term_string\"}],\"inLanguage\":\"fr-FR\"},{\"@type\":\"ImageObject\",\"@id\":\"https:\/\/www.peyrac.fr\/actualites\/le-can-am-pulse-le-deux-roues-electrique-reinvente\/#primaryimage\",\"inLanguage\":\"fr-FR\",\"url\":\"https:\/\/i0.wp.com\/www.peyrac.fr\/actualites\/wp-content\/uploads\/2024\/10\/CanAM-Pulse.jpg?fit=640%2C401&amp;ssl=1\"},{\"@type\":\"WebPage\",\"@id\":\"https:\/\/www.peyrac.fr\/actualites\/le-can-am-pulse-le-deux-roues-electrique-reinvente\/#webpage\",\"url\":\"https:\/\/www.peyrac.fr\/actualites\/le-can-am-pulse-le-deux-roues-electrique-reinvente\/\",\"name\":\"Le Can-Am Pulse : le deux-roues \\u00e9lectrique r\\u00e9invent\\u00e9 - Actualit\\u00e9s\",\"isPartOf\":{\"@id\":\"https:\/\/www.peyrac.fr\/actualites\/#website\"},\"primaryImageOfPage\":{\"@id\":\"https:\/\/www.peyrac.fr\/actualites\/le-can-am-pulse-le-deux-roues-electrique-reinvente\/#primaryimage\"},\"datePublished\":\"2024-10-04T09:39:02+00:00\",\"dateModified\":\"2024-10-04T09:39:02+00:00\",\"author\":{\"@id\":\"https:\/\/www.peyrac.fr\/actualites\/#\/schema\/person\/162ff8dc4aeb790d0bf315f75b32f724\"},\"breadcrumb\":{\"@id\":\"https:\/\/www.peyrac.fr\/actualites\/le-can-am-pulse-le-deux-roues-electrique-reinvente\/#breadcrumb\"},\"inLanguage\":\"fr-FR\",\"potentialAction\":[{\"@type\":\"ReadAction\",\"target\":[\"https:\/\/www.peyrac.fr\/actualites\/le-can-am-pulse-le-deux-roues-electrique-reinvente\/\"]}]},{\"@type\":\"BreadcrumbList\",\"@id\":\"https:\/\/www.peyrac.fr\/actualites\/le-can-am-pulse-le-deux-roues-electrique-reinvente\/#breadcrumb\",\"itemListElement\":[{\"@type\":\"ListItem\",\"position\":1,\"item\":{\"@type\":\"WebPage\",\"@id\":\"https:\/\/www.peyrac.fr\/actualites\/\",\"url\":\"https:\/\/www.peyrac.fr\/actualites\/\",\"name\":\"Accueil des actualit\\u00e9s\"}},{\"@type\":\"ListItem\",\"position\":2,\"item\":{\"@type\":\"WebPage\",\"@id\":\"https:\/\/www.peyrac.fr\/actualites\/category\/non-classe\/\",\"url\":\"https:\/\/www.peyrac.fr\/actualites\/category\/non-classe\/\",\"name\":\"Non class\\u00e9\"}},{\"@type\":\"ListItem\",\"position\":3,\"item\":{\"@type\":\"WebPage\",\"@id\":\"https:\/\/www.peyrac.fr\/actualites\/le-can-am-pulse-le-deux-roues-electrique-reinvente\/\",\"url\":\"https:\/\/www.peyrac.fr\/actualites\/le-can-am-pulse-le-deux-roues-electrique-reinvente\/\",\"name\":\"Le Can-Am Pulse : le deux-roues \\u00e9lectrique r\\u00e9invent\\u00e9\"}}]},{\"@type\":[\"Person\"],\"@id\":\"https:\/\/www.peyrac.fr\/actualites\/#\/schema\/person\/162ff8dc4aeb790d0bf315f75b32f724\",\"name\":\"M B\",\"image\":{\"@type\":\"ImageObject\",\"@id\":\"https:\/\/www.peyrac.fr\/actualites\/#personlogo\",\"inLanguage\":\"fr-FR\",\"url\":\"https:\/\/secure.gravatar.com\/avatar\/7095438c901b5d50da8fb9a6f5680d8c?s=96&d=mm&r=g\",\"caption\":\"M B\"}}]}<\/script>\n<!-- \/ Yoast SEO plugin. -->","jetpack_sharing_enabled":true,"jetpack_shortlink":"https:\/\/wp.me\/p9FV2m-rG","jetpack_likes_enabled":true,"jetpack-related-posts":[],"_links":{"self":[{"href":"https:\/\/www.peyrac.fr\/actualites\/wp-json\/wp\/v2\/posts\/1716"}],"collection":[{"href":"https:\/\/www.peyrac.fr\/actualites\/wp-json\/wp\/v2\/posts"}],"about":[{"href":"https:\/\/www.peyrac.fr\/actualites\/wp-json\/wp\/v2\/types\/post"}],"author":[{"embeddable":true,"href":"https:\/\/www.peyrac.fr\/actualites\/wp-json\/wp\/v2\/users\/4"}],"replies":[{"embeddable":true,"href":"https:\/\/www.peyrac.fr\/actualites\/wp-json\/wp\/v2\/comments?post=1716"}],"version-history":[{"count":3,"href":"https:\/\/www.peyrac.fr\/actualites\/wp-json\/wp\/v2\/posts\/1716\/revisions"}],"predecessor-version":[{"id":1720,"href":"https:\/\/www.peyrac.fr\/actualites\/wp-json\/wp\/v2\/posts\/1716\/revisions\/1720"}],"wp:attachment":[{"href":"https:\/\/www.peyrac.fr\/actualites\/wp-json\/wp\/v2\/media?parent=1716"}],"wp:term":[{"taxonomy":"category","embeddable":true,"href":"https:\/\/www.peyrac.fr\/actualites\/wp-json\/wp\/v2\/categories?post=1716"},{"taxonomy":"post_tag","embeddable":true,"href":"https:\/\/www.peyrac.fr\/actualites\/wp-json\/wp\/v2\/tags?post=1716"}],"curies":[{"name":"wp","href":"https:\/\/api.w.org\/{rel}","templated":true}]}}