{"id":185,"date":"2020-10-24T09:30:00","date_gmt":"2020-10-24T07:30:00","guid":{"rendered":"http:\/\/www.peyrac.fr\/actualites\/?p=185"},"modified":"2020-10-24T10:08:06","modified_gmt":"2020-10-24T08:08:06","slug":"peyrac-assurances-change-ses-tarifs-2020-2-roues-a-la-baisse","status":"publish","type":"post","link":"https:\/\/www.peyrac.fr\/actualites\/peyrac-assurances-change-ses-tarifs-2020-2-roues-a-la-baisse\/","title":{"rendered":"PEYRAC ASSURANCES REVOIT SES TARIFS 2 ROUES \u00c0 LA BAISSE !"},"content":{"rendered":"<div class=\"col-lg-12\">\n<div class=\"col-lg-12\">\n<h3 style=\"text-align: center;\" align=\"center\"><span style=\"font-family: 'Arial',sans-serif;\">JUSQU&rsquo;A -20 % SUR LES TARIFS 2 ROUES !<\/span><\/h3>\n<p class=\"subtitle\"><span style=\"font-family: 'Arial',sans-serif;\">Expert de l\u2019assurance 2-roues depuis plus de 16 ans, Peyrac Assurances souhaite r\u00e9pondre au mieux aux besoins de ses assur\u00e9s.<\/span><\/p>\n<h3 style=\"text-align: center;\"><span style=\"color: #00ff00;\"><a style=\"color: #00ff00;\" href=\"https:\/\/www.peyrac.fr\/devis-assurance-2roues\">DEVIS ET SOUSCRIPTION EN LIGNE EN 2 MN<\/a><\/span><br \/>\n<span style=\"color: #00ff00;\"><a style=\"color: #00ff00;\" href=\"https:\/\/www.peyrac.fr\/devis-assurance-2roues\">Cliquez sur l&rsquo;image ci-dessous<\/a><\/span><\/h3>\n<\/div>\n<div class=\"col-lg-12\">\n<h1><a href=\"https:\/\/www.peyrac.fr\/devis-assurance-2roues\"><img data-attachment-id=\"513\" data-permalink=\"https:\/\/www.peyrac.fr\/actualites\/peyrac-assurances-change-ses-tarifs-2020-2-roues-a-la-baisse\/ktm-890-duke-r-2020-4\/\" data-orig-file=\"https:\/\/i2.wp.com\/www.peyrac.fr\/actualites\/wp-content\/uploads\/2020\/04\/KTM-890-Duke-R-2020-4.jpg?fit=1320%2C825&amp;ssl=1\" data-orig-size=\"1320,825\" data-comments-opened=\"1\" data-image-meta=\"{&quot;aperture&quot;:&quot;0&quot;,&quot;credit&quot;:&quot;&quot;,&quot;camera&quot;:&quot;&quot;,&quot;caption&quot;:&quot;&quot;,&quot;created_timestamp&quot;:&quot;0&quot;,&quot;copyright&quot;:&quot;&quot;,&quot;focal_length&quot;:&quot;0&quot;,&quot;iso&quot;:&quot;0&quot;,&quot;shutter_speed&quot;:&quot;0&quot;,&quot;title&quot;:&quot;&quot;,&quot;orientation&quot;:&quot;0&quot;}\" data-image-title=\"KTM-890-Duke-R-2020-4\" data-image-description=\"\" data-medium-file=\"https:\/\/i2.wp.com\/www.peyrac.fr\/actualites\/wp-content\/uploads\/2020\/04\/KTM-890-Duke-R-2020-4.jpg?fit=300%2C188&amp;ssl=1\" data-large-file=\"https:\/\/i2.wp.com\/www.peyrac.fr\/actualites\/wp-content\/uploads\/2020\/04\/KTM-890-Duke-R-2020-4.jpg?fit=640%2C400&amp;ssl=1\" loading=\"lazy\" class=\"wp-image-513 aligncenter\" src=\"https:\/\/i2.wp.com\/www.peyrac.fr\/actualites\/wp-content\/uploads\/2020\/04\/KTM-890-Duke-R-2020-4.jpg?resize=445%2C278\" alt=\"\" width=\"445\" height=\"278\" srcset=\"https:\/\/i2.wp.com\/www.peyrac.fr\/actualites\/wp-content\/uploads\/2020\/04\/KTM-890-Duke-R-2020-4.jpg?w=1320&amp;ssl=1 1320w, https:\/\/i2.wp.com\/www.peyrac.fr\/actualites\/wp-content\/uploads\/2020\/04\/KTM-890-Duke-R-2020-4.jpg?resize=300%2C188&amp;ssl=1 300w, https:\/\/i2.wp.com\/www.peyrac.fr\/actualites\/wp-content\/uploads\/2020\/04\/KTM-890-Duke-R-2020-4.jpg?resize=1024%2C640&amp;ssl=1 1024w, https:\/\/i2.wp.com\/www.peyrac.fr\/actualites\/wp-content\/uploads\/2020\/04\/KTM-890-Duke-R-2020-4.jpg?resize=768%2C480&amp;ssl=1 768w, https:\/\/i2.wp.com\/www.peyrac.fr\/actualites\/wp-content\/uploads\/2020\/04\/KTM-890-Duke-R-2020-4.jpg?resize=432%2C270&amp;ssl=1 432w\" sizes=\"(max-width: 445px) 100vw, 445px\" data-recalc-dims=\"1\" \/><\/a><\/h1>\n<p>Peyrac Assurances, sp\u00e9cialiste du march\u00e9 de l\u2019assurance Moto, prend en compte les demandes et besoins de ses assur\u00e9s. Depuis le 28 septembre 2020, les assurances 2-roues Peyrac Assurances affichent une baisse de tarifs jusqu\u2019\u00e0 20% sur de nombreuses cat\u00e9gories de scooters\u00a0 et motos.<\/p>\n<p>Gr\u00e2ce \u00e0 ses 4 formules de garanties, ses 10 options et ses franchises modulables, la gamme Moto de Peyrac Assurances permet de r\u00e9pondre aux besoins d\u2019un grand nombre de motards qui peuvent choisir entre une formule basique et des formules plus compl\u00e8tes.<\/p>\n<h3><strong>UN PRODUIT CON\u00c7U PAR ET POUR LES MOTARDS, QUEL QUE SOIT LEUR PROFIL<\/strong><\/h3>\n<p>Peyrac Assurances assure l\u2019ensemble des motards : que vous conduisiez votre scooter quotidiennement ou que vous conduisiez une plus grosse cylindr\u00e9e occasionnellement, personnalisez votre contrat d\u2019assurance pour que celui-ci colle \u00e0 votre profil.<\/p>\n<p>L\u2019offre Moto de Peyrac Assurances a la particularit\u00e9 d\u2019\u00eatre con\u00e7ue par des motards et des sp\u00e9cialistes du march\u00e9 de la moto pour apporter plus de nouveaut\u00e9s en mati\u00e8re de protection et de s\u00e9curit\u00e9 aux conducteurs de 2-roues<\/p>\n<p>Les franchises modulables : vous pouvez choisir entre une franchise proportionnelle, fixe ou son rachat total selon votre cylindr\u00e9e.<\/p>\n<p>L\u2019option suspension intemp\u00e9ries : si vous laissez votre 2-roues au garage pendant la saison hivernale, cette option vous propose, pour une dur\u00e9e de 3 \u00e0 6 mois, de ne pas activer les garanties li\u00e9es \u00e0 la circulation, vous permettant ainsi de baisser le prix de votre prime d\u2019assurance.<\/p>\n<p>L\u2019indemnisation des gants et du casque, \u00e0 la fois pour le conducteur et pour son passager en cas d\u2019accident de la circulation, en inclusion. Vous pouvez aussi choisir de couvrir la totalit\u00e9 de vos accessoires vestimentaires de s\u00e9curit\u00e9 (bottes, combinaison, blouson, pantalon, gilet airbag).<\/p>\n<h3 style=\"text-align: center;\"><span style=\"color: #00ff00;\"><a style=\"color: #00ff00;\" href=\"https:\/\/www.peyrac.fr\/devis-assurance-2roues\">DEVIS ET SOUSCRIPTION EN LIGNE EN 2 MN<\/a><\/span><br \/>\n<span style=\"color: #00ff00;\"><a style=\"color: #00ff00;\" href=\"https:\/\/www.peyrac.fr\/devis-assurance-2roues\">Cliquez sur l&rsquo;image ci-dessous<\/a><\/span><\/h3>\n<h1><a href=\"https:\/\/www.peyrac.fr\/devis-assurance-2roues\"><img data-attachment-id=\"188\" data-permalink=\"https:\/\/www.peyrac.fr\/actualites\/peyrac-assurances-change-ses-tarifs-2020-2-roues-a-la-baisse\/kawazaki_z650_2017\/\" data-orig-file=\"https:\/\/i2.wp.com\/www.peyrac.fr\/actualites\/wp-content\/uploads\/2019\/04\/kawazaki_z650_2017.jpg?fit=1500%2C1125&amp;ssl=1\" data-orig-size=\"1500,1125\" data-comments-opened=\"1\" data-image-meta=\"{&quot;aperture&quot;:&quot;0&quot;,&quot;credit&quot;:&quot;&quot;,&quot;camera&quot;:&quot;P45+&quot;,&quot;caption&quot;:&quot;&quot;,&quot;created_timestamp&quot;:&quot;1468283248&quot;,&quot;copyright&quot;:&quot;&quot;,&quot;focal_length&quot;:&quot;0&quot;,&quot;iso&quot;:&quot;200&quot;,&quot;shutter_speed&quot;:&quot;0.0040000118782832&quot;,&quot;title&quot;:&quot;&quot;,&quot;orientation&quot;:&quot;1&quot;}\" data-image-title=\"kawazaki_z650_2017\" data-image-description=\"\" data-medium-file=\"https:\/\/i2.wp.com\/www.peyrac.fr\/actualites\/wp-content\/uploads\/2019\/04\/kawazaki_z650_2017.jpg?fit=300%2C225&amp;ssl=1\" data-large-file=\"https:\/\/i2.wp.com\/www.peyrac.fr\/actualites\/wp-content\/uploads\/2019\/04\/kawazaki_z650_2017.jpg?fit=640%2C480&amp;ssl=1\" loading=\"lazy\" class=\"wp-image-188 aligncenter\" src=\"https:\/\/i2.wp.com\/www.peyrac.fr\/actualites\/wp-content\/uploads\/2019\/04\/kawazaki_z650_2017.jpg?resize=395%2C296\" alt=\"\" width=\"395\" height=\"296\" srcset=\"https:\/\/i2.wp.com\/www.peyrac.fr\/actualites\/wp-content\/uploads\/2019\/04\/kawazaki_z650_2017.jpg?w=1500&amp;ssl=1 1500w, https:\/\/i2.wp.com\/www.peyrac.fr\/actualites\/wp-content\/uploads\/2019\/04\/kawazaki_z650_2017.jpg?resize=300%2C225&amp;ssl=1 300w, https:\/\/i2.wp.com\/www.peyrac.fr\/actualites\/wp-content\/uploads\/2019\/04\/kawazaki_z650_2017.jpg?resize=768%2C576&amp;ssl=1 768w, https:\/\/i2.wp.com\/www.peyrac.fr\/actualites\/wp-content\/uploads\/2019\/04\/kawazaki_z650_2017.jpg?resize=1024%2C768&amp;ssl=1 1024w, https:\/\/i2.wp.com\/www.peyrac.fr\/actualites\/wp-content\/uploads\/2019\/04\/kawazaki_z650_2017.jpg?resize=360%2C270&amp;ssl=1 360w, https:\/\/i2.wp.com\/www.peyrac.fr\/actualites\/wp-content\/uploads\/2019\/04\/kawazaki_z650_2017.jpg?w=1280 1280w\" sizes=\"(max-width: 395px) 100vw, 395px\" data-recalc-dims=\"1\" \/><\/a><\/h1>\n<\/div>\n<\/div>\n<h3 style=\"text-align: center;\">\n<!--more--><\/h3>\n<p><!--more--><\/p>\n","protected":false},"excerpt":{"rendered":"<p>JUSQU&rsquo;A -20 % SUR LES TARIFS 2 ROUES ! Expert de l\u2019assurance 2-roues depuis plus de 16 ans, Peyrac Assurances souhaite r\u00e9pondre au mieux aux besoins de ses assur\u00e9s. DEVIS ET SOUSCRIPTION EN LIGNE EN 2 MN Cliquez sur l&rsquo;image ci-dessous Peyrac Assurances, sp\u00e9cialiste du march\u00e9 de l\u2019assurance Moto, prend en compte les demandes et besoins de ses assur\u00e9s. Depuis le 28 septembre 2020, les assurances 2-roues Peyrac Assurances affichent une baisse de tarifs jusqu\u2019\u00e0 20% sur de nombreuses cat\u00e9gories&#8230;<\/p>\n<p class=\"read-more\"><a class=\"btn btn-default\" href=\"https:\/\/www.peyrac.fr\/actualites\/peyrac-assurances-change-ses-tarifs-2020-2-roues-a-la-baisse\/\">Lire la suite<span class=\"screen-reader-text\"> Lire la suite<\/span><\/a><\/p>\n","protected":false},"author":4,"featured_media":0,"comment_status":"open","ping_status":"open","sticky":false,"template":"","format":"standard","meta":{"spay_email":"","jetpack_publicize_message":""},"categories":[1],"tags":[],"jetpack_featured_media_url":"","jetpack_publicize_connections":[],"yoast_head":"<!-- This site is optimized with the Yoast SEO plugin v14.2 - https:\/\/yoast.com\/wordpress\/plugins\/seo\/ -->\n<title>PEYRAC ASSURANCES REVOIT SES TARIFS 2 ROUES \u00c0 LA BAISSE ! - Actualit\u00e9s<\/title>\n<meta name=\"robots\" content=\"index, follow\" \/>\n<meta name=\"googlebot\" content=\"index, follow, max-snippet:-1, max-image-preview:large, max-video-preview:-1\" \/>\n<meta name=\"bingbot\" content=\"index, follow, max-snippet:-1, max-image-preview:large, max-video-preview:-1\" \/>\n<link rel=\"canonical\" href=\"http:\/\/www.peyrac.fr\/actualites\/peyrac-assurances-change-ses-tarifs-2020-2-roues-a-la-baisse\/\" \/>\n<meta property=\"og:locale\" content=\"fr_FR\" \/>\n<meta property=\"og:type\" content=\"article\" \/>\n<meta property=\"og:title\" content=\"PEYRAC ASSURANCES REVOIT SES TARIFS 2 ROUES \u00c0 LA BAISSE ! - Actualit\u00e9s\" \/>\n<meta property=\"og:description\" content=\"JUSQU&rsquo;A -20 % SUR LES TARIFS 2 ROUES ! Expert de l\u2019assurance 2-roues depuis plus de 16 ans, Peyrac Assurances souhaite r\u00e9pondre au mieux aux besoins de ses assur\u00e9s. DEVIS ET SOUSCRIPTION EN LIGNE EN 2 MN Cliquez sur l&rsquo;image ci-dessous Peyrac Assurances, sp\u00e9cialiste du march\u00e9 de l\u2019assurance Moto, prend en compte les demandes et besoins de ses assur\u00e9s. Depuis le 28 septembre 2020, les assurances 2-roues Peyrac Assurances affichent une baisse de tarifs jusqu\u2019\u00e0 20% sur de nombreuses cat\u00e9gories...Lire la suite Lire la suite\" \/>\n<meta property=\"og:url\" content=\"http:\/\/www.peyrac.fr\/actualites\/peyrac-assurances-change-ses-tarifs-2020-2-roues-a-la-baisse\/\" \/>\n<meta property=\"og:site_name\" content=\"Actualit\u00e9s\" \/>\n<meta property=\"article:publisher\" content=\"https:\/\/fr-fr.facebook.com\/pages\/category\/Insurance-Broker\/Peyrac-Assurances-785156224901716\/\" \/>\n<meta property=\"article:published_time\" content=\"2020-10-24T07:30:00+00:00\" \/>\n<meta property=\"article:modified_time\" content=\"2020-10-24T08:08:06+00:00\" \/>\n<meta property=\"og:image\" content=\"http:\/\/www.peyrac.fr\/actualites\/wp-content\/uploads\/2020\/04\/KTM-890-Duke-R-2020-4.jpg\" \/>\n<meta name=\"twitter:card\" content=\"summary\" \/>\n<meta name=\"twitter:creator\" content=\"@PeyracAssurance\" \/>\n<meta name=\"twitter:site\" content=\"@PeyracAssurance\" \/>\n<script type=\"application\/ld+json\" class=\"yoast-schema-graph\">{\"@context\":\"https:\/\/schema.org\",\"@graph\":[{\"@type\":\"WebSite\",\"@id\":\"https:\/\/www.peyrac.fr\/actualites\/#website\",\"url\":\"https:\/\/www.peyrac.fr\/actualites\/\",\"name\":\"Peyrac Assurances\",\"description\":\"\",\"potentialAction\":[{\"@type\":\"SearchAction\",\"target\":\"https:\/\/www.peyrac.fr\/actualites\/?s={search_term_string}\",\"query-input\":\"required name=search_term_string\"}],\"inLanguage\":\"fr-FR\"},{\"@type\":\"ImageObject\",\"@id\":\"http:\/\/www.peyrac.fr\/actualites\/peyrac-assurances-change-ses-tarifs-2020-2-roues-a-la-baisse\/#primaryimage\",\"inLanguage\":\"fr-FR\",\"url\":\"http:\/\/www.peyrac.fr\/actualites\/wp-content\/uploads\/2020\/04\/KTM-890-Duke-R-2020-4.jpg\"},{\"@type\":\"WebPage\",\"@id\":\"http:\/\/www.peyrac.fr\/actualites\/peyrac-assurances-change-ses-tarifs-2020-2-roues-a-la-baisse\/#webpage\",\"url\":\"http:\/\/www.peyrac.fr\/actualites\/peyrac-assurances-change-ses-tarifs-2020-2-roues-a-la-baisse\/\",\"name\":\"PEYRAC ASSURANCES REVOIT SES TARIFS 2 ROUES \\u00c0 LA BAISSE ! - Actualit\\u00e9s\",\"isPartOf\":{\"@id\":\"https:\/\/www.peyrac.fr\/actualites\/#website\"},\"primaryImageOfPage\":{\"@id\":\"http:\/\/www.peyrac.fr\/actualites\/peyrac-assurances-change-ses-tarifs-2020-2-roues-a-la-baisse\/#primaryimage\"},\"datePublished\":\"2020-10-24T07:30:00+00:00\",\"dateModified\":\"2020-10-24T08:08:06+00:00\",\"author\":{\"@id\":\"https:\/\/www.peyrac.fr\/actualites\/#\/schema\/person\/162ff8dc4aeb790d0bf315f75b32f724\"},\"breadcrumb\":{\"@id\":\"http:\/\/www.peyrac.fr\/actualites\/peyrac-assurances-change-ses-tarifs-2020-2-roues-a-la-baisse\/#breadcrumb\"},\"inLanguage\":\"fr-FR\",\"potentialAction\":[{\"@type\":\"ReadAction\",\"target\":[\"http:\/\/www.peyrac.fr\/actualites\/peyrac-assurances-change-ses-tarifs-2020-2-roues-a-la-baisse\/\"]}]},{\"@type\":\"BreadcrumbList\",\"@id\":\"http:\/\/www.peyrac.fr\/actualites\/peyrac-assurances-change-ses-tarifs-2020-2-roues-a-la-baisse\/#breadcrumb\",\"itemListElement\":[{\"@type\":\"ListItem\",\"position\":1,\"item\":{\"@type\":\"WebPage\",\"@id\":\"https:\/\/www.peyrac.fr\/actualites\/\",\"url\":\"https:\/\/www.peyrac.fr\/actualites\/\",\"name\":\"Accueil des actualit\\u00e9s\"}},{\"@type\":\"ListItem\",\"position\":2,\"item\":{\"@type\":\"WebPage\",\"@id\":\"https:\/\/www.peyrac.fr\/actualites\/category\/non-classe\/\",\"url\":\"https:\/\/www.peyrac.fr\/actualites\/category\/non-classe\/\",\"name\":\"Non class\\u00e9\"}},{\"@type\":\"ListItem\",\"position\":3,\"item\":{\"@type\":\"WebPage\",\"@id\":\"http:\/\/www.peyrac.fr\/actualites\/peyrac-assurances-change-ses-tarifs-2020-2-roues-a-la-baisse\/\",\"url\":\"http:\/\/www.peyrac.fr\/actualites\/peyrac-assurances-change-ses-tarifs-2020-2-roues-a-la-baisse\/\",\"name\":\"PEYRAC ASSURANCES REVOIT SES TARIFS 2 ROUES \\u00c0 LA BAISSE !\"}}]},{\"@type\":[\"Person\"],\"@id\":\"https:\/\/www.peyrac.fr\/actualites\/#\/schema\/person\/162ff8dc4aeb790d0bf315f75b32f724\",\"name\":\"M B\",\"image\":{\"@type\":\"ImageObject\",\"@id\":\"https:\/\/www.peyrac.fr\/actualites\/#personlogo\",\"inLanguage\":\"fr-FR\",\"url\":\"https:\/\/secure.gravatar.com\/avatar\/7095438c901b5d50da8fb9a6f5680d8c?s=96&d=mm&r=g\",\"caption\":\"M B\"}}]}<\/script>\n<!-- \/ Yoast SEO plugin. -->","jetpack_sharing_enabled":true,"jetpack_shortlink":"https:\/\/wp.me\/p9FV2m-2Z","jetpack_likes_enabled":true,"jetpack-related-posts":[],"_links":{"self":[{"href":"https:\/\/www.peyrac.fr\/actualites\/wp-json\/wp\/v2\/posts\/185"}],"collection":[{"href":"https:\/\/www.peyrac.fr\/actualites\/wp-json\/wp\/v2\/posts"}],"about":[{"href":"https:\/\/www.peyrac.fr\/actualites\/wp-json\/wp\/v2\/types\/post"}],"author":[{"embeddable":true,"href":"https:\/\/www.peyrac.fr\/actualites\/wp-json\/wp\/v2\/users\/4"}],"replies":[{"embeddable":true,"href":"https:\/\/www.peyrac.fr\/actualites\/wp-json\/wp\/v2\/comments?post=185"}],"version-history":[{"count":38,"href":"https:\/\/www.peyrac.fr\/actualites\/wp-json\/wp\/v2\/posts\/185\/revisions"}],"predecessor-version":[{"id":681,"href":"https:\/\/www.peyrac.fr\/actualites\/wp-json\/wp\/v2\/posts\/185\/revisions\/681"}],"wp:attachment":[{"href":"https:\/\/www.peyrac.fr\/actualites\/wp-json\/wp\/v2\/media?parent=185"}],"wp:term":[{"taxonomy":"category","embeddable":true,"href":"https:\/\/www.peyrac.fr\/actualites\/wp-json\/wp\/v2\/categories?post=185"},{"taxonomy":"post_tag","embeddable":true,"href":"https:\/\/www.peyrac.fr\/actualites\/wp-json\/wp\/v2\/tags?post=185"}],"curies":[{"name":"wp","href":"https:\/\/api.w.org\/{rel}","templated":true}]}}