{"id":260,"date":"2019-11-22T14:50:35","date_gmt":"2019-11-22T13:50:35","guid":{"rendered":"http:\/\/www.peyrac.fr\/actualites\/?p=260"},"modified":"2019-11-22T14:50:35","modified_gmt":"2019-11-22T13:50:35","slug":"le-fichier-des-vehicules-assures-fva-est-desormais-exploitable","status":"publish","type":"post","link":"https:\/\/www.peyrac.fr\/actualites\/le-fichier-des-vehicules-assures-fva-est-desormais-exploitable\/","title":{"rendered":"Le fichier des v\u00e9hicules assur\u00e9s (FVA) est d\u00e9sormais exploitable"},"content":{"rendered":"<p><img data-attachment-id=\"264\" data-permalink=\"https:\/\/www.peyrac.fr\/actualites\/le-fichier-des-vehicules-assures-fva-est-desormais-exploitable\/cg-permis-assur\/\" data-orig-file=\"https:\/\/i1.wp.com\/www.peyrac.fr\/actualites\/wp-content\/uploads\/2019\/11\/cg-permis-assur.jpg?fit=800%2C400&amp;ssl=1\" data-orig-size=\"800,400\" data-comments-opened=\"1\" data-image-meta=\"{&quot;aperture&quot;:&quot;0&quot;,&quot;credit&quot;:&quot;&quot;,&quot;camera&quot;:&quot;&quot;,&quot;caption&quot;:&quot;&quot;,&quot;created_timestamp&quot;:&quot;0&quot;,&quot;copyright&quot;:&quot;&quot;,&quot;focal_length&quot;:&quot;0&quot;,&quot;iso&quot;:&quot;0&quot;,&quot;shutter_speed&quot;:&quot;0&quot;,&quot;title&quot;:&quot;&quot;,&quot;orientation&quot;:&quot;0&quot;}\" data-image-title=\"cg permis assur\" data-image-description=\"\" data-medium-file=\"https:\/\/i1.wp.com\/www.peyrac.fr\/actualites\/wp-content\/uploads\/2019\/11\/cg-permis-assur.jpg?fit=300%2C150&amp;ssl=1\" data-large-file=\"https:\/\/i1.wp.com\/www.peyrac.fr\/actualites\/wp-content\/uploads\/2019\/11\/cg-permis-assur.jpg?fit=640%2C320&amp;ssl=1\" loading=\"lazy\" class=\"wp-image-264 aligncenter\" src=\"https:\/\/i1.wp.com\/www.peyrac.fr\/actualites\/wp-content\/uploads\/2019\/11\/cg-permis-assur.jpg?resize=608%2C304\" alt=\"\" width=\"608\" height=\"304\" srcset=\"https:\/\/i1.wp.com\/www.peyrac.fr\/actualites\/wp-content\/uploads\/2019\/11\/cg-permis-assur.jpg?w=800&amp;ssl=1 800w, https:\/\/i1.wp.com\/www.peyrac.fr\/actualites\/wp-content\/uploads\/2019\/11\/cg-permis-assur.jpg?resize=300%2C150&amp;ssl=1 300w, https:\/\/i1.wp.com\/www.peyrac.fr\/actualites\/wp-content\/uploads\/2019\/11\/cg-permis-assur.jpg?resize=768%2C384&amp;ssl=1 768w, https:\/\/i1.wp.com\/www.peyrac.fr\/actualites\/wp-content\/uploads\/2019\/11\/cg-permis-assur.jpg?resize=540%2C270&amp;ssl=1 540w\" sizes=\"(max-width: 608px) 100vw, 608px\" data-recalc-dims=\"1\" \/><\/p>\n<p>Le fichier des v\u00e9hicules assur\u00e9s est \u00e0 pr\u00e9sent op\u00e9rationnel. Ce fichier a \u00e9t\u00e9 cr\u00e9\u00e9 au terme de la loi du 18 novembre 2016 pour diminuer le nombre d\u2019usager roulant sans assurance. En effet, 700 000 personnes rouleraient \u00e0 ce jour sans assurance. En 2018, 175\u00a0personnes ont perdu la vie dans un accident impliquant un v\u00e9hicule non assur\u00e9.<\/p>\n<p>Ce fichier permet aux forces de l\u2019ordre de v\u00e9rifier la validit\u00e9 de l\u2019assurance des v\u00e9hicules en circulation.Par exemple, si un v\u00e9hicule est flash\u00e9 pour une infraction d\u2019exc\u00e8s de vitesse, et qu\u2019un avis de contravention est envoy\u00e9 \u00e0 son propri\u00e9taire, le FVA sera automatiquement interrog\u00e9. Cette consultation aura lieu dans un d\u00e9lai d\u2019au moins 3 jours apr\u00e8s la date et l\u2019heure de l\u2019infraction, afin de s\u2019assurer de l\u2019actualisation du fichier. La loi impose en effet aux assureurs un d\u00e9lai de 3 jours pour approvisionner le FVA de toute nouvelle adh\u00e9sion, ou des modifications apport\u00e9es \u00e0 un contrat d\u00e9j\u00e0 existant.<\/p>\n<p>Le FVA contient les informations relatives aux contrats souscrits par les assur\u00e9s\u00a0tels que l\u2019immatriculation du v\u00e9hicule, le nom de la compagnie d\u2019assurance et le num\u00e9ro de police avec sa p\u00e9riode de couverture.<\/p>\n<p>Le fait de conduire sans assurance est consid\u00e9r\u00e9 comme un d\u00e9lit passible d\u2019une amende de 3 750 euros, et pouvant \u00eatre assortie de peines compl\u00e9mentaires comme l\u2019annulation du permis et la saisie du v\u00e9hicule.En cas de r\u00e9cidive, la r\u00e9ponse p\u00e9nale sera plus ferme dans la mesure o\u00f9 la proc\u00e9dure sera dirig\u00e9e vers un tribunal dont la d\u00e9cision sera notifi\u00e9e sur le casier judiciaire. Le conducteur devra s\u2019acquitter d\u2019une amende pouvant aller jusqu\u2019\u00e0\u00a0 7\u00a0500\u00a0euros.<\/p>\n<p>Les victimes d\u2019un accident occasionn\u00e9 par un conducteur sans assurance sont indemnis\u00e9es par le FGAO (Fonds de Garantie des Assurances Obligatoires de dommages).L\u2019auteur su sinistre devra rembourser au fond de garantie la totalit\u00e9 des sommes vers\u00e9es pour l\u2019indemnisation des victimes. Le conducteur non assur\u00e9 ne sera pas indemnis\u00e9 pour ses propres blessures ou d\u00e9g\u00e2ts mat\u00e9riels.<\/p>\n<p>En cas d\u2019accident s\u00e9rieux, ces sommes peuvent rapidement devenir tr\u00e8s cons\u00e9quentes. Le conducteur responsable de l\u2019accident devra rembourser tous les mois, et le plus souvent durant plusieurs ann\u00e9es, une mensualit\u00e9 calcul\u00e9e en fonction de ses revenus.<\/p>\n<p><a style=\"font-size: 16px;\" href=\"https:\/\/www.peyrac.fr\/devis-assurance-2roues\" target=\"_blank\" rel=\"noopener\">DEVIS ET SOUSCRIPTION EN LIGNE EN 2 MN<\/a><br \/>\n<a style=\"font-size: 16px;\" href=\"https:\/\/www.peyrac.fr\/devis-assurance-2roues\" target=\"_blank\" rel=\"noopener\">Cliquez sur l&rsquo;image ci-dessous<\/a><\/p>\n<p><a href=\"https:\/\/www.peyrac.fr\/devis-assurance-2roues\"><img src=\"https:\/\/i0.wp.com\/www.peyrac.fr\/img\/produits\/moto.png?w=640&#038;ssl=1\" data-recalc-dims=\"1\" \/><\/a><\/p>\n","protected":false},"excerpt":{"rendered":"<p>Le fichier des v\u00e9hicules assur\u00e9s est \u00e0 pr\u00e9sent op\u00e9rationnel. Ce fichier a \u00e9t\u00e9 cr\u00e9\u00e9 au terme de la loi du 18 novembre 2016 pour diminuer le nombre d\u2019usager roulant sans assurance. En effet, 700 000 personnes rouleraient \u00e0 ce jour sans assurance. En 2018, 175\u00a0personnes ont perdu la vie dans un accident impliquant un v\u00e9hicule non assur\u00e9. Ce fichier permet aux forces de l\u2019ordre de v\u00e9rifier la validit\u00e9 de l\u2019assurance des v\u00e9hicules en circulation.Par exemple, si un v\u00e9hicule est flash\u00e9&#8230;<\/p>\n<p class=\"read-more\"><a class=\"btn btn-default\" href=\"https:\/\/www.peyrac.fr\/actualites\/le-fichier-des-vehicules-assures-fva-est-desormais-exploitable\/\">Lire la suite<span class=\"screen-reader-text\"> Lire la suite<\/span><\/a><\/p>\n","protected":false},"author":4,"featured_media":0,"comment_status":"open","ping_status":"open","sticky":false,"template":"","format":"standard","meta":{"spay_email":"","jetpack_publicize_message":""},"categories":[1],"tags":[],"jetpack_featured_media_url":"","jetpack_publicize_connections":[],"yoast_head":"<!-- This site is optimized with the Yoast SEO plugin v14.2 - https:\/\/yoast.com\/wordpress\/plugins\/seo\/ -->\n<title>Le fichier des v\u00e9hicules assur\u00e9s (FVA) est d\u00e9sormais exploitable - Actualit\u00e9s<\/title>\n<meta name=\"robots\" content=\"index, follow\" \/>\n<meta name=\"googlebot\" content=\"index, follow, max-snippet:-1, max-image-preview:large, max-video-preview:-1\" \/>\n<meta name=\"bingbot\" content=\"index, follow, max-snippet:-1, max-image-preview:large, max-video-preview:-1\" \/>\n<link rel=\"canonical\" href=\"https:\/\/www.peyrac.fr\/actualites\/le-fichier-des-vehicules-assures-fva-est-desormais-exploitable\/\" \/>\n<meta property=\"og:locale\" content=\"fr_FR\" \/>\n<meta property=\"og:type\" content=\"article\" \/>\n<meta property=\"og:title\" content=\"Le fichier des v\u00e9hicules assur\u00e9s (FVA) est d\u00e9sormais exploitable - Actualit\u00e9s\" \/>\n<meta property=\"og:description\" content=\"Le fichier des v\u00e9hicules assur\u00e9s est \u00e0 pr\u00e9sent op\u00e9rationnel. Ce fichier a \u00e9t\u00e9 cr\u00e9\u00e9 au terme de la loi du 18 novembre 2016 pour diminuer le nombre d\u2019usager roulant sans assurance. En effet, 700 000 personnes rouleraient \u00e0 ce jour sans assurance. En 2018, 175\u00a0personnes ont perdu la vie dans un accident impliquant un v\u00e9hicule non assur\u00e9. Ce fichier permet aux forces de l\u2019ordre de v\u00e9rifier la validit\u00e9 de l\u2019assurance des v\u00e9hicules en circulation.Par exemple, si un v\u00e9hicule est flash\u00e9...Lire la suite Lire la suite\" \/>\n<meta property=\"og:url\" content=\"https:\/\/www.peyrac.fr\/actualites\/le-fichier-des-vehicules-assures-fva-est-desormais-exploitable\/\" \/>\n<meta property=\"og:site_name\" content=\"Actualit\u00e9s\" \/>\n<meta property=\"article:publisher\" content=\"https:\/\/fr-fr.facebook.com\/pages\/category\/Insurance-Broker\/Peyrac-Assurances-785156224901716\/\" \/>\n<meta property=\"article:published_time\" content=\"2019-11-22T13:50:35+00:00\" \/>\n<meta property=\"og:image\" content=\"http:\/\/www.peyrac.fr\/actualites\/wp-content\/uploads\/2019\/11\/cg-permis-assur.jpg\" \/>\n<meta name=\"twitter:card\" content=\"summary\" \/>\n<meta name=\"twitter:creator\" content=\"@PeyracAssurance\" \/>\n<meta name=\"twitter:site\" content=\"@PeyracAssurance\" \/>\n<script type=\"application\/ld+json\" class=\"yoast-schema-graph\">{\"@context\":\"https:\/\/schema.org\",\"@graph\":[{\"@type\":\"WebSite\",\"@id\":\"https:\/\/www.peyrac.fr\/actualites\/#website\",\"url\":\"https:\/\/www.peyrac.fr\/actualites\/\",\"name\":\"Peyrac Assurances\",\"description\":\"\",\"potentialAction\":[{\"@type\":\"SearchAction\",\"target\":\"https:\/\/www.peyrac.fr\/actualites\/?s={search_term_string}\",\"query-input\":\"required name=search_term_string\"}],\"inLanguage\":\"fr-FR\"},{\"@type\":\"ImageObject\",\"@id\":\"https:\/\/www.peyrac.fr\/actualites\/le-fichier-des-vehicules-assures-fva-est-desormais-exploitable\/#primaryimage\",\"inLanguage\":\"fr-FR\",\"url\":\"http:\/\/www.peyrac.fr\/actualites\/wp-content\/uploads\/2019\/11\/cg-permis-assur.jpg\"},{\"@type\":\"WebPage\",\"@id\":\"https:\/\/www.peyrac.fr\/actualites\/le-fichier-des-vehicules-assures-fva-est-desormais-exploitable\/#webpage\",\"url\":\"https:\/\/www.peyrac.fr\/actualites\/le-fichier-des-vehicules-assures-fva-est-desormais-exploitable\/\",\"name\":\"Le fichier des v\\u00e9hicules assur\\u00e9s (FVA) est d\\u00e9sormais exploitable - Actualit\\u00e9s\",\"isPartOf\":{\"@id\":\"https:\/\/www.peyrac.fr\/actualites\/#website\"},\"primaryImageOfPage\":{\"@id\":\"https:\/\/www.peyrac.fr\/actualites\/le-fichier-des-vehicules-assures-fva-est-desormais-exploitable\/#primaryimage\"},\"datePublished\":\"2019-11-22T13:50:35+00:00\",\"dateModified\":\"2019-11-22T13:50:35+00:00\",\"author\":{\"@id\":\"https:\/\/www.peyrac.fr\/actualites\/#\/schema\/person\/162ff8dc4aeb790d0bf315f75b32f724\"},\"breadcrumb\":{\"@id\":\"https:\/\/www.peyrac.fr\/actualites\/le-fichier-des-vehicules-assures-fva-est-desormais-exploitable\/#breadcrumb\"},\"inLanguage\":\"fr-FR\",\"potentialAction\":[{\"@type\":\"ReadAction\",\"target\":[\"https:\/\/www.peyrac.fr\/actualites\/le-fichier-des-vehicules-assures-fva-est-desormais-exploitable\/\"]}]},{\"@type\":\"BreadcrumbList\",\"@id\":\"https:\/\/www.peyrac.fr\/actualites\/le-fichier-des-vehicules-assures-fva-est-desormais-exploitable\/#breadcrumb\",\"itemListElement\":[{\"@type\":\"ListItem\",\"position\":1,\"item\":{\"@type\":\"WebPage\",\"@id\":\"https:\/\/www.peyrac.fr\/actualites\/\",\"url\":\"https:\/\/www.peyrac.fr\/actualites\/\",\"name\":\"Accueil des actualit\\u00e9s\"}},{\"@type\":\"ListItem\",\"position\":2,\"item\":{\"@type\":\"WebPage\",\"@id\":\"https:\/\/www.peyrac.fr\/actualites\/category\/non-classe\/\",\"url\":\"https:\/\/www.peyrac.fr\/actualites\/category\/non-classe\/\",\"name\":\"Non class\\u00e9\"}},{\"@type\":\"ListItem\",\"position\":3,\"item\":{\"@type\":\"WebPage\",\"@id\":\"https:\/\/www.peyrac.fr\/actualites\/le-fichier-des-vehicules-assures-fva-est-desormais-exploitable\/\",\"url\":\"https:\/\/www.peyrac.fr\/actualites\/le-fichier-des-vehicules-assures-fva-est-desormais-exploitable\/\",\"name\":\"Le fichier des v\\u00e9hicules assur\\u00e9s (FVA) est d\\u00e9sormais exploitable\"}}]},{\"@type\":[\"Person\"],\"@id\":\"https:\/\/www.peyrac.fr\/actualites\/#\/schema\/person\/162ff8dc4aeb790d0bf315f75b32f724\",\"name\":\"M B\",\"image\":{\"@type\":\"ImageObject\",\"@id\":\"https:\/\/www.peyrac.fr\/actualites\/#personlogo\",\"inLanguage\":\"fr-FR\",\"url\":\"https:\/\/secure.gravatar.com\/avatar\/7095438c901b5d50da8fb9a6f5680d8c?s=96&d=mm&r=g\",\"caption\":\"M B\"}}]}<\/script>\n<!-- \/ Yoast SEO plugin. -->","jetpack_sharing_enabled":true,"jetpack_shortlink":"https:\/\/wp.me\/p9FV2m-4c","jetpack_likes_enabled":true,"jetpack-related-posts":[],"_links":{"self":[{"href":"https:\/\/www.peyrac.fr\/actualites\/wp-json\/wp\/v2\/posts\/260"}],"collection":[{"href":"https:\/\/www.peyrac.fr\/actualites\/wp-json\/wp\/v2\/posts"}],"about":[{"href":"https:\/\/www.peyrac.fr\/actualites\/wp-json\/wp\/v2\/types\/post"}],"author":[{"embeddable":true,"href":"https:\/\/www.peyrac.fr\/actualites\/wp-json\/wp\/v2\/users\/4"}],"replies":[{"embeddable":true,"href":"https:\/\/www.peyrac.fr\/actualites\/wp-json\/wp\/v2\/comments?post=260"}],"version-history":[{"count":6,"href":"https:\/\/www.peyrac.fr\/actualites\/wp-json\/wp\/v2\/posts\/260\/revisions"}],"predecessor-version":[{"id":268,"href":"https:\/\/www.peyrac.fr\/actualites\/wp-json\/wp\/v2\/posts\/260\/revisions\/268"}],"wp:attachment":[{"href":"https:\/\/www.peyrac.fr\/actualites\/wp-json\/wp\/v2\/media?parent=260"}],"wp:term":[{"taxonomy":"category","embeddable":true,"href":"https:\/\/www.peyrac.fr\/actualites\/wp-json\/wp\/v2\/categories?post=260"},{"taxonomy":"post_tag","embeddable":true,"href":"https:\/\/www.peyrac.fr\/actualites\/wp-json\/wp\/v2\/tags?post=260"}],"curies":[{"name":"wp","href":"https:\/\/api.w.org\/{rel}","templated":true}]}}