{"id":269,"date":"2019-11-29T10:57:35","date_gmt":"2019-11-29T09:57:35","guid":{"rendered":"http:\/\/www.peyrac.fr\/actualites\/?p=269"},"modified":"2019-11-29T10:57:35","modified_gmt":"2019-11-29T09:57:35","slug":"paris-accentue-sa-lutte-anti-bruit","status":"publish","type":"post","link":"https:\/\/www.peyrac.fr\/actualites\/paris-accentue-sa-lutte-anti-bruit\/","title":{"rendered":"Paris accentue sa lutte anti-bruit"},"content":{"rendered":"<div id=\"main\">\n<div id=\"cnt\" class=\" mdm\">\n<div id=\"rcnt\">\n<div class=\"col\">\n<div id=\"center_col\">\n<div id=\"res\" class=\"med\" role=\"main\">\n<div id=\"search\">\n<div data-ved=\"0ahUKEwjUkMuEgv7lAhUSmRQKHd6eB4AQGghG\">\n<div id=\"rso\" data-async-context=\"query:pot%20d'%C3%A9chappement%20moto%20bruyant\">\n<div id=\"isr_mc\">\n<div id=\"rg\" data-ved=\"0ahUKEwjUkMuEgv7lAhUSmRQKHd6eB4AQuT0ISCgB\">\n<div id=\"rg_s\" class=\"y yf\" data-async-type=\"ichunk\" data-jiis=\"up\" data-async-rclass=\"search\">\n<div class=\"rg_bx rg_di rg_el ivg-i\" style=\"text-align: center;\" data-ved=\"0ahUKEwjUkMuEgv7lAhUSmRQKHd6eB4AQMwiXASg0MDQ\" data-ri=\"52\" data-row=\"13\">\n<div id=\"main\">\n<div id=\"cnt\" class=\" mdm\">\n<div id=\"rcnt\">\n<div class=\"col\">\n<div id=\"center_col\">\n<div id=\"res\" class=\"med\" role=\"main\">\n<div id=\"search\">\n<div data-ved=\"0ahUKEwjtgNDukY_mAhWP3OAKHV7QARAQGgioAQ\">\n<div id=\"rso\" data-async-context=\"query:pot%20d'%C3%A9chappement%20moto\">\n<div id=\"isr_mc\" class=\"irc-vo\">\n<div id=\"irc_bg\" class=\"irc-unt kkr4Ac\" aria-hidden=\"false\" data-txh=\"42\" data-spsd=\"1\" data-spea=\"1\" data-spad=\"200\" data-clpmcw=\"425\" data-clpar=\"3\" data-clmnc=\"-1\" data-clmicw=\"160\" data-clmich=\"50\" data-clmacw=\"210\" data-clmach=\"350\" data-clim=\"16\" data-clcm=\"20\">\n<div id=\"irc_cc\">\n<div id=\"irc-ss\" class=\"jKbJyf\">\n<div class=\"irc_c i8187 immersive-container\" data-ved=\"2ahUKEwjap_SAko_mAhVR8uAKHauVB-QQ-z96BAgBEAs\" data-item-id=\"8wkZA3Jnl8oOpM:\">\n<div class=\"irc_t i30052\" data-ved=\"2ahUKEwjap_SAko_mAhVR8uAKHauVB-QQ5OoBegQIARAM\" data-noload=\"\">\n<div class=\"irc_mic\">\n<div class=\"irc_mutc\">\n<div id=\"irc_mimg\"><a id=\"irc_mil\" href=\"https:\/\/www.homme-ideal.com\/zoom-sur-les-pots-dechappement-motos\/\" target=\"_blank\" rel=\"noopener\" data-cthref=\"\/url?sa=i&amp;rct=j&amp;q=&amp;esrc=s&amp;source=images&amp;cd=&amp;ved=&amp;url=https%3A%2F%2Fwww.caradisiac.com%2Ffaut-il-changer-son-pot-d-echappement-moto-pour-un-adaptable-177167.htm&amp;psig=AOvVaw0bQMzfNhUYZIdz1_mWjT6N&amp;ust=1575107242897733\"><img loading=\"lazy\" id=\"irc_mi\" src=\"https:\/\/i2.wp.com\/www.homme-ideal.com\/wp-content\/uploads\/2015\/10\/sc-project.jpg?resize=400%2C291&#038;ssl=1\" alt=\"R\u00e9sultat de recherche d'images pour &quot;pot d'\u00e9chappement moto&quot;\" width=\"400\" height=\"291\" data-recalc-dims=\"1\" \/><\/a><\/div>\n<\/div>\n<\/div>\n<\/div>\n<\/div>\n<\/div>\n<\/div>\n<\/div>\n<\/div>\n<\/div>\n<\/div>\n<\/div>\n<\/div>\n<\/div>\n<\/div>\n<\/div>\n<\/div>\n<\/div>\n<\/div>\n<\/div>\n<\/div>\n<\/div>\n<\/div>\n<\/div>\n<\/div>\n<\/div>\n<\/div>\n<\/div>\n<\/div>\n<\/div>\n<\/div>\n<p>Depuis quelques ann\u00e9es\u00a0la France lutte pour r\u00e9duire les bruits li\u00e9s \u00e0 la circulation. Elle s&rsquo;est intensifi\u00e9e notamment depuis le d\u00e9but de l&rsquo;\u00e9t\u00e9 avec la mise en place d&rsquo;un amendement ayant pour objectif de tester le contr\u00f4le des \u00e9missions sonores. Elle se concr\u00e9tise par l\u2019installation du premier radar anti-bruit dans le d\u00e9partement des Yvelines.<\/p>\n<p>Ce sujet est \u00e9galement au c\u0153ur des pr\u00e9occupations de la mairie de Paris. Les effets de la pollution sonore sont particuli\u00e8rement n\u00e9fastes pour la population, plus particuli\u00e8rement ceux g\u00e9n\u00e9r\u00e9s par les deux-roues \u00e0 moteur, principale cat\u00e9gorie concern\u00e9e aujourd&rsquo;hui. En dehors des stationnements g\u00eanants et la mise \u00e0 l&rsquo;\u00e9cart des versions les plus polluantes, la mairie souhaite d\u00e9sormais faire la chasse aux motos et scooters bruyants.<\/p>\n<p>Paris commence son offensive par l&rsquo;acquisition d&rsquo;un nouveau sonom\u00e8tre pour commencer des op\u00e9rations de contr\u00f4le aupr\u00e8s des usagers. La conseill\u00e8re d\u00e9l\u00e9gu\u00e9e \u00e0 l&rsquo;environnement Aur\u00e9lie Solans, et Christophe Najdovski, l&rsquo;adjoint aux transports, veulent approfondir leurs d\u00e9marches et ont adress\u00e9 une demande allant dans ce sens \u00e0 la Ministre de la Transition \u00e9cologique Elisabeth Borne.<\/p>\n<p>Il est vrai que la directive europ\u00e9enne limite d\u00e9j\u00e0 les \u00e9missions sonores des motos de plus de 175 cm3 \u00e0 80 dB. Il existe n\u00e9anmoins de nombreux cas o\u00f9 des v\u00e9hicules sont homologu\u00e9s \u00e0 des valeurs d\u00e9passant les 90 dB. Un non-sens pour les \u00e9lus qui souhaitent mette un terme \u00e0 ces abrogations et notamment supprimer la tol\u00e9rance de 5dB autoris\u00e9e lors des contr\u00f4les.<\/p>\n<p>La Ville de Paris se porte d\u2019ailleurs candidate pour l&rsquo;exp\u00e9rimentation des radars anti-bruit, sachant que celle-ci poss\u00e8de d\u00e9j\u00e0 des capteurs dits \u00ab\u00a0m\u00e9duses\u00a0\u00bb de l&rsquo;association Bruitparif. Elle a \u00e9galement mis en place une brigade anti-bruit qui a pour mission de faire respecter la r\u00e9glementation. Une quarantaine d&rsquo;agents ont suivi une formation pour rejoindre cette brigade anti-bruit depuis septembre avec pour but de contr\u00f4ler les deux-roues \u00e0 l&rsquo;aide d&rsquo;un sonom\u00e8tre. Ces contr\u00f4les s&rsquo;effectuent lors de rondes, mais aussi \u00e0 la suite de plaintes d\u00e9pos\u00e9es par les riverains.<\/p>\n<p>Depuis que de cette unit\u00e9 a vu le jour, environ 150 proc\u00e8s-verbaux ont d\u00e9j\u00e0 \u00e9t\u00e9 dress\u00e9s avec en prime une amende de 180 euros pour les conducteurs. Ce montant \u00e9quivaut d\u2019une part aux 90 euros pour le d\u00e9passement du seuil l\u00e9gal et d\u2019autre part aux 90 euros pour l&rsquo;absence de chicane, lorsque c&rsquo;est le cas.<\/p>\n<p><a style=\"font-size: 16px;\" href=\"https:\/\/www.peyrac.fr\/devis-assurance-2roues\" target=\"_blank\" rel=\"noopener\">DEVIS ET SOUSCRIPTION EN LIGNE EN 2 MN<\/a><br \/>\n<a style=\"font-size: 16px;\" href=\"https:\/\/www.peyrac.fr\/devis-assurance-2roues\" target=\"_blank\" rel=\"noopener\">Cliquez sur l&rsquo;image ci-dessous<\/a><\/p>\n<p><a href=\"https:\/\/www.peyrac.fr\/devis-assurance-2roues\"><img src=\"https:\/\/i0.wp.com\/www.peyrac.fr\/img\/produits\/moto.png?w=640&#038;ssl=1\" data-recalc-dims=\"1\" \/><\/a><\/p>\n","protected":false},"excerpt":{"rendered":"<p>Depuis quelques ann\u00e9es\u00a0la France lutte pour r\u00e9duire les bruits li\u00e9s \u00e0 la circulation. Elle s&rsquo;est intensifi\u00e9e notamment depuis le d\u00e9but de l&rsquo;\u00e9t\u00e9 avec la mise en place d&rsquo;un amendement ayant pour objectif de tester le contr\u00f4le des \u00e9missions sonores. Elle se concr\u00e9tise par l\u2019installation du premier radar anti-bruit dans le d\u00e9partement des Yvelines. Ce sujet est \u00e9galement au c\u0153ur des pr\u00e9occupations de la mairie de Paris. Les effets de la pollution sonore sont particuli\u00e8rement n\u00e9fastes pour la population, plus particuli\u00e8rement&#8230;<\/p>\n<p class=\"read-more\"><a class=\"btn btn-default\" href=\"https:\/\/www.peyrac.fr\/actualites\/paris-accentue-sa-lutte-anti-bruit\/\">Lire la suite<span class=\"screen-reader-text\"> Lire la suite<\/span><\/a><\/p>\n","protected":false},"author":4,"featured_media":0,"comment_status":"open","ping_status":"open","sticky":false,"template":"","format":"standard","meta":{"spay_email":"","jetpack_publicize_message":""},"categories":[1],"tags":[],"jetpack_featured_media_url":"","jetpack_publicize_connections":[],"yoast_head":"<!-- This site is optimized with the Yoast SEO plugin v14.2 - https:\/\/yoast.com\/wordpress\/plugins\/seo\/ -->\n<title>Paris accentue sa lutte anti-bruit - Actualit\u00e9s<\/title>\n<meta name=\"robots\" content=\"index, follow\" \/>\n<meta name=\"googlebot\" content=\"index, follow, max-snippet:-1, max-image-preview:large, max-video-preview:-1\" \/>\n<meta name=\"bingbot\" content=\"index, follow, max-snippet:-1, max-image-preview:large, max-video-preview:-1\" \/>\n<link rel=\"canonical\" href=\"https:\/\/www.peyrac.fr\/actualites\/paris-accentue-sa-lutte-anti-bruit\/\" \/>\n<meta property=\"og:locale\" content=\"fr_FR\" \/>\n<meta property=\"og:type\" content=\"article\" \/>\n<meta property=\"og:title\" content=\"Paris accentue sa lutte anti-bruit - Actualit\u00e9s\" \/>\n<meta property=\"og:description\" content=\"Depuis quelques ann\u00e9es\u00a0la France lutte pour r\u00e9duire les bruits li\u00e9s \u00e0 la circulation. Elle s&rsquo;est intensifi\u00e9e notamment depuis le d\u00e9but de l&rsquo;\u00e9t\u00e9 avec la mise en place d&rsquo;un amendement ayant pour objectif de tester le contr\u00f4le des \u00e9missions sonores. Elle se concr\u00e9tise par l\u2019installation du premier radar anti-bruit dans le d\u00e9partement des Yvelines. Ce sujet est \u00e9galement au c\u0153ur des pr\u00e9occupations de la mairie de Paris. Les effets de la pollution sonore sont particuli\u00e8rement n\u00e9fastes pour la population, plus particuli\u00e8rement...Lire la suite Lire la suite\" \/>\n<meta property=\"og:url\" content=\"https:\/\/www.peyrac.fr\/actualites\/paris-accentue-sa-lutte-anti-bruit\/\" \/>\n<meta property=\"og:site_name\" content=\"Actualit\u00e9s\" \/>\n<meta property=\"article:publisher\" content=\"https:\/\/fr-fr.facebook.com\/pages\/category\/Insurance-Broker\/Peyrac-Assurances-785156224901716\/\" \/>\n<meta property=\"article:published_time\" content=\"2019-11-29T09:57:35+00:00\" \/>\n<meta property=\"og:image\" content=\"https:\/\/www.homme-ideal.com\/wp-content\/uploads\/2015\/10\/sc-project.jpg\" \/>\n<meta name=\"twitter:card\" content=\"summary\" \/>\n<meta name=\"twitter:creator\" content=\"@PeyracAssurance\" \/>\n<meta name=\"twitter:site\" content=\"@PeyracAssurance\" \/>\n<script type=\"application\/ld+json\" class=\"yoast-schema-graph\">{\"@context\":\"https:\/\/schema.org\",\"@graph\":[{\"@type\":\"WebSite\",\"@id\":\"https:\/\/www.peyrac.fr\/actualites\/#website\",\"url\":\"https:\/\/www.peyrac.fr\/actualites\/\",\"name\":\"Peyrac Assurances\",\"description\":\"\",\"potentialAction\":[{\"@type\":\"SearchAction\",\"target\":\"https:\/\/www.peyrac.fr\/actualites\/?s={search_term_string}\",\"query-input\":\"required name=search_term_string\"}],\"inLanguage\":\"fr-FR\"},{\"@type\":\"ImageObject\",\"@id\":\"https:\/\/www.peyrac.fr\/actualites\/paris-accentue-sa-lutte-anti-bruit\/#primaryimage\",\"inLanguage\":\"fr-FR\",\"url\":\"https:\/\/www.homme-ideal.com\/wp-content\/uploads\/2015\/10\/sc-project.jpg\"},{\"@type\":\"WebPage\",\"@id\":\"https:\/\/www.peyrac.fr\/actualites\/paris-accentue-sa-lutte-anti-bruit\/#webpage\",\"url\":\"https:\/\/www.peyrac.fr\/actualites\/paris-accentue-sa-lutte-anti-bruit\/\",\"name\":\"Paris accentue sa lutte anti-bruit - Actualit\\u00e9s\",\"isPartOf\":{\"@id\":\"https:\/\/www.peyrac.fr\/actualites\/#website\"},\"primaryImageOfPage\":{\"@id\":\"https:\/\/www.peyrac.fr\/actualites\/paris-accentue-sa-lutte-anti-bruit\/#primaryimage\"},\"datePublished\":\"2019-11-29T09:57:35+00:00\",\"dateModified\":\"2019-11-29T09:57:35+00:00\",\"author\":{\"@id\":\"https:\/\/www.peyrac.fr\/actualites\/#\/schema\/person\/162ff8dc4aeb790d0bf315f75b32f724\"},\"breadcrumb\":{\"@id\":\"https:\/\/www.peyrac.fr\/actualites\/paris-accentue-sa-lutte-anti-bruit\/#breadcrumb\"},\"inLanguage\":\"fr-FR\",\"potentialAction\":[{\"@type\":\"ReadAction\",\"target\":[\"https:\/\/www.peyrac.fr\/actualites\/paris-accentue-sa-lutte-anti-bruit\/\"]}]},{\"@type\":\"BreadcrumbList\",\"@id\":\"https:\/\/www.peyrac.fr\/actualites\/paris-accentue-sa-lutte-anti-bruit\/#breadcrumb\",\"itemListElement\":[{\"@type\":\"ListItem\",\"position\":1,\"item\":{\"@type\":\"WebPage\",\"@id\":\"https:\/\/www.peyrac.fr\/actualites\/\",\"url\":\"https:\/\/www.peyrac.fr\/actualites\/\",\"name\":\"Accueil des actualit\\u00e9s\"}},{\"@type\":\"ListItem\",\"position\":2,\"item\":{\"@type\":\"WebPage\",\"@id\":\"https:\/\/www.peyrac.fr\/actualites\/category\/non-classe\/\",\"url\":\"https:\/\/www.peyrac.fr\/actualites\/category\/non-classe\/\",\"name\":\"Non class\\u00e9\"}},{\"@type\":\"ListItem\",\"position\":3,\"item\":{\"@type\":\"WebPage\",\"@id\":\"https:\/\/www.peyrac.fr\/actualites\/paris-accentue-sa-lutte-anti-bruit\/\",\"url\":\"https:\/\/www.peyrac.fr\/actualites\/paris-accentue-sa-lutte-anti-bruit\/\",\"name\":\"Paris accentue sa lutte anti-bruit\"}}]},{\"@type\":[\"Person\"],\"@id\":\"https:\/\/www.peyrac.fr\/actualites\/#\/schema\/person\/162ff8dc4aeb790d0bf315f75b32f724\",\"name\":\"M B\",\"image\":{\"@type\":\"ImageObject\",\"@id\":\"https:\/\/www.peyrac.fr\/actualites\/#personlogo\",\"inLanguage\":\"fr-FR\",\"url\":\"https:\/\/secure.gravatar.com\/avatar\/7095438c901b5d50da8fb9a6f5680d8c?s=96&d=mm&r=g\",\"caption\":\"M B\"}}]}<\/script>\n<!-- \/ Yoast SEO plugin. -->","jetpack_sharing_enabled":true,"jetpack_shortlink":"https:\/\/wp.me\/p9FV2m-4l","jetpack_likes_enabled":true,"jetpack-related-posts":[],"_links":{"self":[{"href":"https:\/\/www.peyrac.fr\/actualites\/wp-json\/wp\/v2\/posts\/269"}],"collection":[{"href":"https:\/\/www.peyrac.fr\/actualites\/wp-json\/wp\/v2\/posts"}],"about":[{"href":"https:\/\/www.peyrac.fr\/actualites\/wp-json\/wp\/v2\/types\/post"}],"author":[{"embeddable":true,"href":"https:\/\/www.peyrac.fr\/actualites\/wp-json\/wp\/v2\/users\/4"}],"replies":[{"embeddable":true,"href":"https:\/\/www.peyrac.fr\/actualites\/wp-json\/wp\/v2\/comments?post=269"}],"version-history":[{"count":9,"href":"https:\/\/www.peyrac.fr\/actualites\/wp-json\/wp\/v2\/posts\/269\/revisions"}],"predecessor-version":[{"id":279,"href":"https:\/\/www.peyrac.fr\/actualites\/wp-json\/wp\/v2\/posts\/269\/revisions\/279"}],"wp:attachment":[{"href":"https:\/\/www.peyrac.fr\/actualites\/wp-json\/wp\/v2\/media?parent=269"}],"wp:term":[{"taxonomy":"category","embeddable":true,"href":"https:\/\/www.peyrac.fr\/actualites\/wp-json\/wp\/v2\/categories?post=269"},{"taxonomy":"post_tag","embeddable":true,"href":"https:\/\/www.peyrac.fr\/actualites\/wp-json\/wp\/v2\/tags?post=269"}],"curies":[{"name":"wp","href":"https:\/\/api.w.org\/{rel}","templated":true}]}}