{"id":280,"date":"2019-12-06T14:44:36","date_gmt":"2019-12-06T13:44:36","guid":{"rendered":"http:\/\/www.peyrac.fr\/actualites\/?p=280"},"modified":"2019-12-06T14:44:36","modified_gmt":"2019-12-06T13:44:36","slug":"lultraviolette-f77","status":"publish","type":"post","link":"https:\/\/www.peyrac.fr\/actualites\/lultraviolette-f77\/","title":{"rendered":"L\u2019Ultraviolette F77"},"content":{"rendered":"<p>&nbsp;<\/p>\n<p><img data-attachment-id=\"281\" data-permalink=\"https:\/\/www.peyrac.fr\/actualites\/lultraviolette-f77\/f77\/\" data-orig-file=\"https:\/\/i1.wp.com\/www.peyrac.fr\/actualites\/wp-content\/uploads\/2019\/11\/f77.jpg?fit=1200%2C800&amp;ssl=1\" data-orig-size=\"1200,800\" data-comments-opened=\"1\" data-image-meta=\"{&quot;aperture&quot;:&quot;0&quot;,&quot;credit&quot;:&quot;&quot;,&quot;camera&quot;:&quot;&quot;,&quot;caption&quot;:&quot;&quot;,&quot;created_timestamp&quot;:&quot;0&quot;,&quot;copyright&quot;:&quot;&quot;,&quot;focal_length&quot;:&quot;0&quot;,&quot;iso&quot;:&quot;0&quot;,&quot;shutter_speed&quot;:&quot;0&quot;,&quot;title&quot;:&quot;&quot;,&quot;orientation&quot;:&quot;0&quot;}\" data-image-title=\"f77\" data-image-description=\"\" data-medium-file=\"https:\/\/i1.wp.com\/www.peyrac.fr\/actualites\/wp-content\/uploads\/2019\/11\/f77.jpg?fit=300%2C200&amp;ssl=1\" data-large-file=\"https:\/\/i1.wp.com\/www.peyrac.fr\/actualites\/wp-content\/uploads\/2019\/11\/f77.jpg?fit=640%2C427&amp;ssl=1\" loading=\"lazy\" class=\"wp-image-281 aligncenter\" src=\"https:\/\/i1.wp.com\/www.peyrac.fr\/actualites\/wp-content\/uploads\/2019\/11\/f77.jpg?resize=535%2C357\" alt=\"\" width=\"535\" height=\"357\" srcset=\"https:\/\/i1.wp.com\/www.peyrac.fr\/actualites\/wp-content\/uploads\/2019\/11\/f77.jpg?w=1200&amp;ssl=1 1200w, https:\/\/i1.wp.com\/www.peyrac.fr\/actualites\/wp-content\/uploads\/2019\/11\/f77.jpg?resize=300%2C200&amp;ssl=1 300w, https:\/\/i1.wp.com\/www.peyrac.fr\/actualites\/wp-content\/uploads\/2019\/11\/f77.jpg?resize=768%2C512&amp;ssl=1 768w, https:\/\/i1.wp.com\/www.peyrac.fr\/actualites\/wp-content\/uploads\/2019\/11\/f77.jpg?resize=1024%2C683&amp;ssl=1 1024w, https:\/\/i1.wp.com\/www.peyrac.fr\/actualites\/wp-content\/uploads\/2019\/11\/f77.jpg?resize=405%2C270&amp;ssl=1 405w\" sizes=\"(max-width: 535px) 100vw, 535px\" data-recalc-dims=\"1\" \/><\/p>\n<p>Le constructeur indien Ultraviolette entamait il y a quelques jours la pr\u00e9sentation de sa toute premi\u00e8re moto \u00e9lectrique, la F77. En d\u00e9veloppement depuis bient\u00f4t 2 ans, elle est aussi performante qu\u2019une moto thermique de 250 cm3.<\/p>\n<p>Il est ind\u00e9niable que la F77 dispose d&rsquo;une v\u00e9ritable identit\u00e9 esth\u00e9tique avec ses lignes avant-gardistes et son \u00e9clairage LED. C\u2019est cependant le contenu de cette moto qui reste le plus impressionnant.<\/p>\n<p>Munie d\u2019un moteur \u00e0 aimant elle peut atteindre une vitesse maximale de 147 km\/h. Sa batterie prend appui sur trois packs lithium ion qui offrent une capacit\u00e9 totale de 4.2 kWh pour une autonomie pr\u00e9tendue de 130 \u00e0 150 km. La recharge peut se faire en un temps record de 5 heures sur une prise standard ou en 1h30 gr\u00e2ce \u00e0 une prise CCS.<\/p>\n<p>Le cadre et les roues sont log\u00e9s dans un treillis en acier avec une fourche invers\u00e9e \u00e0 l&rsquo;avant et un amortisseur arri\u00e8re r\u00e9glable. Un \u00e9trier avant radial \u00e0 4 pistons ainsi qu\u2019un \u00e9trier arri\u00e8re flottant assurent le freinage. Les jantes de 17 pouces sont mont\u00e9es en 110\/70 \u00e0 l&rsquo;avant et 150\/60 \u00e0 l&rsquo;arri\u00e8re. L&rsquo;ensemble du v\u00e9hicule reste particuli\u00e8rement compact avec un empattement de 1.340 mm et une selle \u00e0 800 mm. Son poids est annonc\u00e9 \u00e0 seulement 158 kg.<\/p>\n<p>Elle poss\u00e8de \u00e9galement un aspect tr\u00e8s technologique dans la mesure o\u00f9 elle est \u00e9quip\u00e9e d\u2019une multitude de capteurs, d\u2019un syst\u00e8me de g\u00e9olocalisation, d\u2019une connectivit\u00e9 3G, de modes de conduites r\u00e9glables, d\u2019un \u00e9cran \u00e0 luminosit\u00e9 adaptative, d\u2019un allumage automatique des phares ou encore d\u2019un syst\u00e8me de d\u00e9tection des chutes avec appel d&rsquo;urgence.<\/p>\n<p>La F77 est prochainement attendue en Inde \u00e0 un tarif avoisinant les 3.800 euros. Elle se d\u00e9clinera dans trois coloris Airstrike (blanc), Shadow (noir) et Laser (rouge). N\u00e9anmoins, aucune commercialisation n&rsquo;a malheureusement \u00e9t\u00e9 confirm\u00e9e pour l&rsquo;Europe.<\/p>\n<h2 class=\"mb\" style=\"text-align: left;\"><a style=\"font-size: 16px;\" href=\"https:\/\/www.peyrac.fr\/devis-assurance-2roues\" target=\"_blank\" rel=\"noopener\">DEVIS ET SOUSCRIPTION EN LIGNE EN 2 MN<\/a><br \/>\n<a style=\"font-size: 16px;\" href=\"https:\/\/www.peyrac.fr\/devis-assurance-2roues\" target=\"_blank\" rel=\"noopener\">Cliquez sur l&rsquo;image ci-dessous<\/a><\/h2>\n<p><a href=\"https:\/\/www.peyrac.fr\/devis-assurance-2roues\"><img src=\"https:\/\/i0.wp.com\/www.peyrac.fr\/img\/produits\/moto.png?w=640&#038;ssl=1\" data-recalc-dims=\"1\" \/><\/a><\/p>\n","protected":false},"excerpt":{"rendered":"<p>&nbsp; Le constructeur indien Ultraviolette entamait il y a quelques jours la pr\u00e9sentation de sa toute premi\u00e8re moto \u00e9lectrique, la F77. En d\u00e9veloppement depuis bient\u00f4t 2 ans, elle est aussi performante qu\u2019une moto thermique de 250 cm3. Il est ind\u00e9niable que la F77 dispose d&rsquo;une v\u00e9ritable identit\u00e9 esth\u00e9tique avec ses lignes avant-gardistes et son \u00e9clairage LED. C\u2019est cependant le contenu de cette moto qui reste le plus impressionnant. Munie d\u2019un moteur \u00e0 aimant elle peut atteindre une vitesse maximale de&#8230;<\/p>\n<p class=\"read-more\"><a class=\"btn btn-default\" href=\"https:\/\/www.peyrac.fr\/actualites\/lultraviolette-f77\/\">Lire la suite<span class=\"screen-reader-text\"> Lire la suite<\/span><\/a><\/p>\n","protected":false},"author":4,"featured_media":0,"comment_status":"open","ping_status":"open","sticky":false,"template":"","format":"standard","meta":{"spay_email":"","jetpack_publicize_message":""},"categories":[1],"tags":[],"jetpack_featured_media_url":"","jetpack_publicize_connections":[],"yoast_head":"<!-- This site is optimized with the Yoast SEO plugin v14.2 - https:\/\/yoast.com\/wordpress\/plugins\/seo\/ -->\n<title>L\u2019Ultraviolette F77 - Actualit\u00e9s<\/title>\n<meta name=\"robots\" content=\"index, follow\" \/>\n<meta name=\"googlebot\" content=\"index, follow, max-snippet:-1, max-image-preview:large, max-video-preview:-1\" \/>\n<meta name=\"bingbot\" content=\"index, follow, max-snippet:-1, max-image-preview:large, max-video-preview:-1\" \/>\n<link rel=\"canonical\" href=\"https:\/\/www.peyrac.fr\/actualites\/lultraviolette-f77\/\" \/>\n<meta property=\"og:locale\" content=\"fr_FR\" \/>\n<meta property=\"og:type\" content=\"article\" \/>\n<meta property=\"og:title\" content=\"L\u2019Ultraviolette F77 - Actualit\u00e9s\" \/>\n<meta property=\"og:description\" content=\"&nbsp; Le constructeur indien Ultraviolette entamait il y a quelques jours la pr\u00e9sentation de sa toute premi\u00e8re moto \u00e9lectrique, la F77. En d\u00e9veloppement depuis bient\u00f4t 2 ans, elle est aussi performante qu\u2019une moto thermique de 250 cm3. Il est ind\u00e9niable que la F77 dispose d&rsquo;une v\u00e9ritable identit\u00e9 esth\u00e9tique avec ses lignes avant-gardistes et son \u00e9clairage LED. C\u2019est cependant le contenu de cette moto qui reste le plus impressionnant. Munie d\u2019un moteur \u00e0 aimant elle peut atteindre une vitesse maximale de...Lire la suite Lire la suite\" \/>\n<meta property=\"og:url\" content=\"https:\/\/www.peyrac.fr\/actualites\/lultraviolette-f77\/\" \/>\n<meta property=\"og:site_name\" content=\"Actualit\u00e9s\" \/>\n<meta property=\"article:publisher\" content=\"https:\/\/fr-fr.facebook.com\/pages\/category\/Insurance-Broker\/Peyrac-Assurances-785156224901716\/\" \/>\n<meta property=\"article:published_time\" content=\"2019-12-06T13:44:36+00:00\" \/>\n<meta property=\"og:image\" content=\"http:\/\/www.peyrac.fr\/actualites\/wp-content\/uploads\/2019\/11\/f77.jpg\" \/>\n<meta name=\"twitter:card\" content=\"summary\" \/>\n<meta name=\"twitter:creator\" content=\"@PeyracAssurance\" \/>\n<meta name=\"twitter:site\" content=\"@PeyracAssurance\" \/>\n<script type=\"application\/ld+json\" class=\"yoast-schema-graph\">{\"@context\":\"https:\/\/schema.org\",\"@graph\":[{\"@type\":\"WebSite\",\"@id\":\"https:\/\/www.peyrac.fr\/actualites\/#website\",\"url\":\"https:\/\/www.peyrac.fr\/actualites\/\",\"name\":\"Peyrac Assurances\",\"description\":\"\",\"potentialAction\":[{\"@type\":\"SearchAction\",\"target\":\"https:\/\/www.peyrac.fr\/actualites\/?s={search_term_string}\",\"query-input\":\"required name=search_term_string\"}],\"inLanguage\":\"fr-FR\"},{\"@type\":\"ImageObject\",\"@id\":\"https:\/\/www.peyrac.fr\/actualites\/lultraviolette-f77\/#primaryimage\",\"inLanguage\":\"fr-FR\",\"url\":\"http:\/\/www.peyrac.fr\/actualites\/wp-content\/uploads\/2019\/11\/f77.jpg\"},{\"@type\":\"WebPage\",\"@id\":\"https:\/\/www.peyrac.fr\/actualites\/lultraviolette-f77\/#webpage\",\"url\":\"https:\/\/www.peyrac.fr\/actualites\/lultraviolette-f77\/\",\"name\":\"L\\u2019Ultraviolette F77 - Actualit\\u00e9s\",\"isPartOf\":{\"@id\":\"https:\/\/www.peyrac.fr\/actualites\/#website\"},\"primaryImageOfPage\":{\"@id\":\"https:\/\/www.peyrac.fr\/actualites\/lultraviolette-f77\/#primaryimage\"},\"datePublished\":\"2019-12-06T13:44:36+00:00\",\"dateModified\":\"2019-12-06T13:44:36+00:00\",\"author\":{\"@id\":\"https:\/\/www.peyrac.fr\/actualites\/#\/schema\/person\/162ff8dc4aeb790d0bf315f75b32f724\"},\"breadcrumb\":{\"@id\":\"https:\/\/www.peyrac.fr\/actualites\/lultraviolette-f77\/#breadcrumb\"},\"inLanguage\":\"fr-FR\",\"potentialAction\":[{\"@type\":\"ReadAction\",\"target\":[\"https:\/\/www.peyrac.fr\/actualites\/lultraviolette-f77\/\"]}]},{\"@type\":\"BreadcrumbList\",\"@id\":\"https:\/\/www.peyrac.fr\/actualites\/lultraviolette-f77\/#breadcrumb\",\"itemListElement\":[{\"@type\":\"ListItem\",\"position\":1,\"item\":{\"@type\":\"WebPage\",\"@id\":\"https:\/\/www.peyrac.fr\/actualites\/\",\"url\":\"https:\/\/www.peyrac.fr\/actualites\/\",\"name\":\"Accueil des actualit\\u00e9s\"}},{\"@type\":\"ListItem\",\"position\":2,\"item\":{\"@type\":\"WebPage\",\"@id\":\"https:\/\/www.peyrac.fr\/actualites\/category\/non-classe\/\",\"url\":\"https:\/\/www.peyrac.fr\/actualites\/category\/non-classe\/\",\"name\":\"Non class\\u00e9\"}},{\"@type\":\"ListItem\",\"position\":3,\"item\":{\"@type\":\"WebPage\",\"@id\":\"https:\/\/www.peyrac.fr\/actualites\/lultraviolette-f77\/\",\"url\":\"https:\/\/www.peyrac.fr\/actualites\/lultraviolette-f77\/\",\"name\":\"L\\u2019Ultraviolette F77\"}}]},{\"@type\":[\"Person\"],\"@id\":\"https:\/\/www.peyrac.fr\/actualites\/#\/schema\/person\/162ff8dc4aeb790d0bf315f75b32f724\",\"name\":\"M B\",\"image\":{\"@type\":\"ImageObject\",\"@id\":\"https:\/\/www.peyrac.fr\/actualites\/#personlogo\",\"inLanguage\":\"fr-FR\",\"url\":\"https:\/\/secure.gravatar.com\/avatar\/7095438c901b5d50da8fb9a6f5680d8c?s=96&d=mm&r=g\",\"caption\":\"M B\"}}]}<\/script>\n<!-- \/ Yoast SEO plugin. -->","jetpack_sharing_enabled":true,"jetpack_shortlink":"https:\/\/wp.me\/p9FV2m-4w","jetpack_likes_enabled":true,"jetpack-related-posts":[],"_links":{"self":[{"href":"https:\/\/www.peyrac.fr\/actualites\/wp-json\/wp\/v2\/posts\/280"}],"collection":[{"href":"https:\/\/www.peyrac.fr\/actualites\/wp-json\/wp\/v2\/posts"}],"about":[{"href":"https:\/\/www.peyrac.fr\/actualites\/wp-json\/wp\/v2\/types\/post"}],"author":[{"embeddable":true,"href":"https:\/\/www.peyrac.fr\/actualites\/wp-json\/wp\/v2\/users\/4"}],"replies":[{"embeddable":true,"href":"https:\/\/www.peyrac.fr\/actualites\/wp-json\/wp\/v2\/comments?post=280"}],"version-history":[{"count":4,"href":"https:\/\/www.peyrac.fr\/actualites\/wp-json\/wp\/v2\/posts\/280\/revisions"}],"predecessor-version":[{"id":285,"href":"https:\/\/www.peyrac.fr\/actualites\/wp-json\/wp\/v2\/posts\/280\/revisions\/285"}],"wp:attachment":[{"href":"https:\/\/www.peyrac.fr\/actualites\/wp-json\/wp\/v2\/media?parent=280"}],"wp:term":[{"taxonomy":"category","embeddable":true,"href":"https:\/\/www.peyrac.fr\/actualites\/wp-json\/wp\/v2\/categories?post=280"},{"taxonomy":"post_tag","embeddable":true,"href":"https:\/\/www.peyrac.fr\/actualites\/wp-json\/wp\/v2\/tags?post=280"}],"curies":[{"name":"wp","href":"https:\/\/api.w.org\/{rel}","templated":true}]}}