{"id":294,"date":"2019-12-20T15:46:04","date_gmt":"2019-12-20T14:46:04","guid":{"rendered":"http:\/\/www.peyrac.fr\/actualites\/?p=294"},"modified":"2019-12-20T15:46:04","modified_gmt":"2019-12-20T14:46:04","slug":"le-changement-dimmatriculation-nest-plus-de-rigueur","status":"publish","type":"post","link":"https:\/\/www.peyrac.fr\/actualites\/le-changement-dimmatriculation-nest-plus-de-rigueur\/","title":{"rendered":"Le changement d&rsquo;immatriculation n&rsquo;est plus de rigueur"},"content":{"rendered":"<p><img data-attachment-id=\"295\" data-permalink=\"https:\/\/www.peyrac.fr\/actualites\/le-changement-dimmatriculation-nest-plus-de-rigueur\/immat\/\" data-orig-file=\"https:\/\/i1.wp.com\/www.peyrac.fr\/actualites\/wp-content\/uploads\/2019\/12\/immat.png?fit=350%2C219&amp;ssl=1\" data-orig-size=\"350,219\" data-comments-opened=\"1\" data-image-meta=\"{&quot;aperture&quot;:&quot;0&quot;,&quot;credit&quot;:&quot;&quot;,&quot;camera&quot;:&quot;&quot;,&quot;caption&quot;:&quot;&quot;,&quot;created_timestamp&quot;:&quot;0&quot;,&quot;copyright&quot;:&quot;&quot;,&quot;focal_length&quot;:&quot;0&quot;,&quot;iso&quot;:&quot;0&quot;,&quot;shutter_speed&quot;:&quot;0&quot;,&quot;title&quot;:&quot;&quot;,&quot;orientation&quot;:&quot;0&quot;}\" data-image-title=\"immat\" data-image-description=\"\" data-medium-file=\"https:\/\/i1.wp.com\/www.peyrac.fr\/actualites\/wp-content\/uploads\/2019\/12\/immat.png?fit=300%2C188&amp;ssl=1\" data-large-file=\"https:\/\/i1.wp.com\/www.peyrac.fr\/actualites\/wp-content\/uploads\/2019\/12\/immat.png?fit=350%2C219&amp;ssl=1\" loading=\"lazy\" class=\"alignnone  wp-image-295 aligncenter\" src=\"https:\/\/i1.wp.com\/www.peyrac.fr\/actualites\/wp-content\/uploads\/2019\/12\/immat.png?resize=380%2C238\" alt=\"\" width=\"380\" height=\"238\" srcset=\"https:\/\/i1.wp.com\/www.peyrac.fr\/actualites\/wp-content\/uploads\/2019\/12\/immat.png?w=350&amp;ssl=1 350w, https:\/\/i1.wp.com\/www.peyrac.fr\/actualites\/wp-content\/uploads\/2019\/12\/immat.png?resize=300%2C188&amp;ssl=1 300w\" sizes=\"(max-width: 380px) 100vw, 380px\" data-recalc-dims=\"1\" \/><\/p>\n<p>L\u2019ensemble des v\u00e9hicules avaient jusqu\u2019au 31 d\u00e9cembre 2020 pour \u00a0passer au nouveau format d\u2019immatriculation en application depuis maintenant plus d\u2019une dizaine d\u2019ann\u00e9e. Cependant, cette obligation vient d\u2019\u00eatre annul\u00e9e par un d\u00e9cret datant du 9\u00a0d\u00e9cembre.<\/p>\n<p>En effet, l\u2019immatriculation de format \u00ab\u00a0AA-123-BB\u00a0\u00bb, bien qu\u2019attribu\u00e9e \u00e0 vie, ne sera plus obligatoire d\u00e8s 2020, peu importe la cat\u00e9gorie de v\u00e9hicule immatricul\u00e9. L\u2019annulation de cette date limite vient certainement du fait que les d\u00e9lais d\u2019attente pour ce type de d\u00e9marche ont consid\u00e9rablement augment\u00e9s.<\/p>\n<p>Il s\u2019agit \u00e9galement d\u2019anticiper les \u00e9ventuelles contestations li\u00e9es \u00e0 cette obligation, surtout en ces p\u00e9riodes de contestation sociale. Le changement de plaques et l\u2019obtention du nouveau certificat d\u2019immatriculation repr\u00e9sentent des d\u00e9penses souvent significatives. C\u2019est donc une \u00e9conomie bienvenue pour de nombreux Fran\u00e7ais qui subissent en parall\u00e8le le durcissement global du contr\u00f4le technique.<\/p>\n<p>Il est cependant important de souligner que toute modification devant \u00eatre effectu\u00e9e sur une carte grise (vente, d\u00e9m\u00e9nagement, ajout d\u2019un titulaire etc.) est soumise \u00e0 un basculement automatique du syst\u00e8me FNI (Fichier National D&rsquo;immatriculation) vers le syst\u00e8me SIV (Syst\u00e8me D&rsquo;immatriculation des V\u00e9hicules), c\u2019est pourquoi les v\u00e9hicules encore immatricul\u00e9s selon l\u2019ancienne version ne sont plus nombreux en circulation. Un proc\u00e9d\u00e9 qui finalement devrait \u00eatre suffisant pour faire basculer l\u2019ensemble du parc roulant vers le SIV.<\/p>\n<h2 class=\"mb\" style=\"text-align: left;\"><a style=\"font-size: 16px;\" href=\"https:\/\/www.peyrac.fr\/devis-assurance-2roues\" target=\"_blank\" rel=\"noopener\">DEVIS ET SOUSCRIPTION EN LIGNE EN 2 MN<\/a><br \/>\n<a style=\"font-size: 16px;\" href=\"https:\/\/www.peyrac.fr\/devis-assurance-2roues\" target=\"_blank\" rel=\"noopener\">Cliquez sur l&rsquo;image ci-dessous<\/a><\/h2>\n<p><a href=\"https:\/\/www.peyrac.fr\/devis-assurance-2roues\"><img src=\"https:\/\/i0.wp.com\/www.peyrac.fr\/img\/produits\/moto.png?w=640&#038;ssl=1\" data-recalc-dims=\"1\" \/><\/a><\/p>\n","protected":false},"excerpt":{"rendered":"<p>L\u2019ensemble des v\u00e9hicules avaient jusqu\u2019au 31 d\u00e9cembre 2020 pour \u00a0passer au nouveau format d\u2019immatriculation en application depuis maintenant plus d\u2019une dizaine d\u2019ann\u00e9e. Cependant, cette obligation vient d\u2019\u00eatre annul\u00e9e par un d\u00e9cret datant du 9\u00a0d\u00e9cembre. En effet, l\u2019immatriculation de format \u00ab\u00a0AA-123-BB\u00a0\u00bb, bien qu\u2019attribu\u00e9e \u00e0 vie, ne sera plus obligatoire d\u00e8s 2020, peu importe la cat\u00e9gorie de v\u00e9hicule immatricul\u00e9. L\u2019annulation de cette date limite vient certainement du fait que les d\u00e9lais d\u2019attente pour ce type de d\u00e9marche ont consid\u00e9rablement augment\u00e9s. Il s\u2019agit&#8230;<\/p>\n<p class=\"read-more\"><a class=\"btn btn-default\" href=\"https:\/\/www.peyrac.fr\/actualites\/le-changement-dimmatriculation-nest-plus-de-rigueur\/\">Lire la suite<span class=\"screen-reader-text\"> Lire la suite<\/span><\/a><\/p>\n","protected":false},"author":4,"featured_media":0,"comment_status":"open","ping_status":"open","sticky":false,"template":"","format":"standard","meta":{"spay_email":"","jetpack_publicize_message":""},"categories":[1],"tags":[],"jetpack_featured_media_url":"","jetpack_publicize_connections":[],"yoast_head":"<!-- This site is optimized with the Yoast SEO plugin v14.2 - https:\/\/yoast.com\/wordpress\/plugins\/seo\/ -->\n<title>Le changement d&#039;immatriculation n&#039;est plus de rigueur - Actualit\u00e9s<\/title>\n<meta name=\"robots\" content=\"index, follow\" \/>\n<meta name=\"googlebot\" content=\"index, follow, max-snippet:-1, max-image-preview:large, max-video-preview:-1\" \/>\n<meta name=\"bingbot\" content=\"index, follow, max-snippet:-1, max-image-preview:large, max-video-preview:-1\" \/>\n<link rel=\"canonical\" href=\"https:\/\/www.peyrac.fr\/actualites\/le-changement-dimmatriculation-nest-plus-de-rigueur\/\" \/>\n<meta property=\"og:locale\" content=\"fr_FR\" \/>\n<meta property=\"og:type\" content=\"article\" \/>\n<meta property=\"og:title\" content=\"Le changement d&#039;immatriculation n&#039;est plus de rigueur - Actualit\u00e9s\" \/>\n<meta property=\"og:description\" content=\"L\u2019ensemble des v\u00e9hicules avaient jusqu\u2019au 31 d\u00e9cembre 2020 pour \u00a0passer au nouveau format d\u2019immatriculation en application depuis maintenant plus d\u2019une dizaine d\u2019ann\u00e9e. Cependant, cette obligation vient d\u2019\u00eatre annul\u00e9e par un d\u00e9cret datant du 9\u00a0d\u00e9cembre. En effet, l\u2019immatriculation de format \u00ab\u00a0AA-123-BB\u00a0\u00bb, bien qu\u2019attribu\u00e9e \u00e0 vie, ne sera plus obligatoire d\u00e8s 2020, peu importe la cat\u00e9gorie de v\u00e9hicule immatricul\u00e9. L\u2019annulation de cette date limite vient certainement du fait que les d\u00e9lais d\u2019attente pour ce type de d\u00e9marche ont consid\u00e9rablement augment\u00e9s. Il s\u2019agit...Lire la suite Lire la suite\" \/>\n<meta property=\"og:url\" content=\"https:\/\/www.peyrac.fr\/actualites\/le-changement-dimmatriculation-nest-plus-de-rigueur\/\" \/>\n<meta property=\"og:site_name\" content=\"Actualit\u00e9s\" \/>\n<meta property=\"article:publisher\" content=\"https:\/\/fr-fr.facebook.com\/pages\/category\/Insurance-Broker\/Peyrac-Assurances-785156224901716\/\" \/>\n<meta property=\"article:published_time\" content=\"2019-12-20T14:46:04+00:00\" \/>\n<meta property=\"og:image\" content=\"http:\/\/www.peyrac.fr\/actualites\/wp-content\/uploads\/2019\/12\/immat.png\" \/>\n<meta name=\"twitter:card\" content=\"summary\" \/>\n<meta name=\"twitter:creator\" content=\"@PeyracAssurance\" \/>\n<meta name=\"twitter:site\" content=\"@PeyracAssurance\" \/>\n<script type=\"application\/ld+json\" class=\"yoast-schema-graph\">{\"@context\":\"https:\/\/schema.org\",\"@graph\":[{\"@type\":\"WebSite\",\"@id\":\"https:\/\/www.peyrac.fr\/actualites\/#website\",\"url\":\"https:\/\/www.peyrac.fr\/actualites\/\",\"name\":\"Peyrac Assurances\",\"description\":\"\",\"potentialAction\":[{\"@type\":\"SearchAction\",\"target\":\"https:\/\/www.peyrac.fr\/actualites\/?s={search_term_string}\",\"query-input\":\"required name=search_term_string\"}],\"inLanguage\":\"fr-FR\"},{\"@type\":\"ImageObject\",\"@id\":\"https:\/\/www.peyrac.fr\/actualites\/le-changement-dimmatriculation-nest-plus-de-rigueur\/#primaryimage\",\"inLanguage\":\"fr-FR\",\"url\":\"http:\/\/www.peyrac.fr\/actualites\/wp-content\/uploads\/2019\/12\/immat.png\"},{\"@type\":\"WebPage\",\"@id\":\"https:\/\/www.peyrac.fr\/actualites\/le-changement-dimmatriculation-nest-plus-de-rigueur\/#webpage\",\"url\":\"https:\/\/www.peyrac.fr\/actualites\/le-changement-dimmatriculation-nest-plus-de-rigueur\/\",\"name\":\"Le changement d'immatriculation n'est plus de rigueur - Actualit\\u00e9s\",\"isPartOf\":{\"@id\":\"https:\/\/www.peyrac.fr\/actualites\/#website\"},\"primaryImageOfPage\":{\"@id\":\"https:\/\/www.peyrac.fr\/actualites\/le-changement-dimmatriculation-nest-plus-de-rigueur\/#primaryimage\"},\"datePublished\":\"2019-12-20T14:46:04+00:00\",\"dateModified\":\"2019-12-20T14:46:04+00:00\",\"author\":{\"@id\":\"https:\/\/www.peyrac.fr\/actualites\/#\/schema\/person\/162ff8dc4aeb790d0bf315f75b32f724\"},\"breadcrumb\":{\"@id\":\"https:\/\/www.peyrac.fr\/actualites\/le-changement-dimmatriculation-nest-plus-de-rigueur\/#breadcrumb\"},\"inLanguage\":\"fr-FR\",\"potentialAction\":[{\"@type\":\"ReadAction\",\"target\":[\"https:\/\/www.peyrac.fr\/actualites\/le-changement-dimmatriculation-nest-plus-de-rigueur\/\"]}]},{\"@type\":\"BreadcrumbList\",\"@id\":\"https:\/\/www.peyrac.fr\/actualites\/le-changement-dimmatriculation-nest-plus-de-rigueur\/#breadcrumb\",\"itemListElement\":[{\"@type\":\"ListItem\",\"position\":1,\"item\":{\"@type\":\"WebPage\",\"@id\":\"https:\/\/www.peyrac.fr\/actualites\/\",\"url\":\"https:\/\/www.peyrac.fr\/actualites\/\",\"name\":\"Accueil des actualit\\u00e9s\"}},{\"@type\":\"ListItem\",\"position\":2,\"item\":{\"@type\":\"WebPage\",\"@id\":\"https:\/\/www.peyrac.fr\/actualites\/category\/non-classe\/\",\"url\":\"https:\/\/www.peyrac.fr\/actualites\/category\/non-classe\/\",\"name\":\"Non class\\u00e9\"}},{\"@type\":\"ListItem\",\"position\":3,\"item\":{\"@type\":\"WebPage\",\"@id\":\"https:\/\/www.peyrac.fr\/actualites\/le-changement-dimmatriculation-nest-plus-de-rigueur\/\",\"url\":\"https:\/\/www.peyrac.fr\/actualites\/le-changement-dimmatriculation-nest-plus-de-rigueur\/\",\"name\":\"Le changement d&rsquo;immatriculation n&rsquo;est plus de rigueur\"}}]},{\"@type\":[\"Person\"],\"@id\":\"https:\/\/www.peyrac.fr\/actualites\/#\/schema\/person\/162ff8dc4aeb790d0bf315f75b32f724\",\"name\":\"M B\",\"image\":{\"@type\":\"ImageObject\",\"@id\":\"https:\/\/www.peyrac.fr\/actualites\/#personlogo\",\"inLanguage\":\"fr-FR\",\"url\":\"https:\/\/secure.gravatar.com\/avatar\/7095438c901b5d50da8fb9a6f5680d8c?s=96&d=mm&r=g\",\"caption\":\"M B\"}}]}<\/script>\n<!-- \/ Yoast SEO plugin. -->","jetpack_sharing_enabled":true,"jetpack_shortlink":"https:\/\/wp.me\/p9FV2m-4K","jetpack_likes_enabled":true,"jetpack-related-posts":[],"_links":{"self":[{"href":"https:\/\/www.peyrac.fr\/actualites\/wp-json\/wp\/v2\/posts\/294"}],"collection":[{"href":"https:\/\/www.peyrac.fr\/actualites\/wp-json\/wp\/v2\/posts"}],"about":[{"href":"https:\/\/www.peyrac.fr\/actualites\/wp-json\/wp\/v2\/types\/post"}],"author":[{"embeddable":true,"href":"https:\/\/www.peyrac.fr\/actualites\/wp-json\/wp\/v2\/users\/4"}],"replies":[{"embeddable":true,"href":"https:\/\/www.peyrac.fr\/actualites\/wp-json\/wp\/v2\/comments?post=294"}],"version-history":[{"count":4,"href":"https:\/\/www.peyrac.fr\/actualites\/wp-json\/wp\/v2\/posts\/294\/revisions"}],"predecessor-version":[{"id":299,"href":"https:\/\/www.peyrac.fr\/actualites\/wp-json\/wp\/v2\/posts\/294\/revisions\/299"}],"wp:attachment":[{"href":"https:\/\/www.peyrac.fr\/actualites\/wp-json\/wp\/v2\/media?parent=294"}],"wp:term":[{"taxonomy":"category","embeddable":true,"href":"https:\/\/www.peyrac.fr\/actualites\/wp-json\/wp\/v2\/categories?post=294"},{"taxonomy":"post_tag","embeddable":true,"href":"https:\/\/www.peyrac.fr\/actualites\/wp-json\/wp\/v2\/tags?post=294"}],"curies":[{"name":"wp","href":"https:\/\/api.w.org\/{rel}","templated":true}]}}