{"id":312,"date":"2020-01-10T14:16:27","date_gmt":"2020-01-10T13:16:27","guid":{"rendered":"http:\/\/www.peyrac.fr\/actualites\/?p=312"},"modified":"2020-01-10T14:16:27","modified_gmt":"2020-01-10T13:16:27","slug":"le-salon-moto-de-bruxelles-2020-nous-ouvre-ses-portes","status":"publish","type":"post","link":"https:\/\/www.peyrac.fr\/actualites\/le-salon-moto-de-bruxelles-2020-nous-ouvre-ses-portes\/","title":{"rendered":"Le Salon Moto de Bruxelles 2020 nous ouvre ses portes"},"content":{"rendered":"<p>&nbsp;<\/p>\n<p><img data-attachment-id=\"313\" data-permalink=\"https:\/\/www.peyrac.fr\/actualites\/le-salon-moto-de-bruxelles-2020-nous-ouvre-ses-portes\/salon-bruxelle\/\" data-orig-file=\"https:\/\/i0.wp.com\/www.peyrac.fr\/actualites\/wp-content\/uploads\/2020\/01\/salon-bruxelle.jpg?fit=790%2C593&amp;ssl=1\" data-orig-size=\"790,593\" data-comments-opened=\"1\" data-image-meta=\"{&quot;aperture&quot;:&quot;0&quot;,&quot;credit&quot;:&quot;&quot;,&quot;camera&quot;:&quot;&quot;,&quot;caption&quot;:&quot;&quot;,&quot;created_timestamp&quot;:&quot;0&quot;,&quot;copyright&quot;:&quot;&quot;,&quot;focal_length&quot;:&quot;0&quot;,&quot;iso&quot;:&quot;0&quot;,&quot;shutter_speed&quot;:&quot;0&quot;,&quot;title&quot;:&quot;&quot;,&quot;orientation&quot;:&quot;0&quot;}\" data-image-title=\"salon bruxelle\" data-image-description=\"\" data-medium-file=\"https:\/\/i0.wp.com\/www.peyrac.fr\/actualites\/wp-content\/uploads\/2020\/01\/salon-bruxelle.jpg?fit=300%2C225&amp;ssl=1\" data-large-file=\"https:\/\/i0.wp.com\/www.peyrac.fr\/actualites\/wp-content\/uploads\/2020\/01\/salon-bruxelle.jpg?fit=640%2C480&amp;ssl=1\" loading=\"lazy\" class=\"wp-image-313 aligncenter\" src=\"https:\/\/i0.wp.com\/www.peyrac.fr\/actualites\/wp-content\/uploads\/2020\/01\/salon-bruxelle.jpg?resize=530%2C398\" alt=\"\" width=\"530\" height=\"398\" srcset=\"https:\/\/i0.wp.com\/www.peyrac.fr\/actualites\/wp-content\/uploads\/2020\/01\/salon-bruxelle.jpg?w=790&amp;ssl=1 790w, https:\/\/i0.wp.com\/www.peyrac.fr\/actualites\/wp-content\/uploads\/2020\/01\/salon-bruxelle.jpg?resize=300%2C225&amp;ssl=1 300w, https:\/\/i0.wp.com\/www.peyrac.fr\/actualites\/wp-content\/uploads\/2020\/01\/salon-bruxelle.jpg?resize=768%2C576&amp;ssl=1 768w, https:\/\/i0.wp.com\/www.peyrac.fr\/actualites\/wp-content\/uploads\/2020\/01\/salon-bruxelle.jpg?resize=360%2C270&amp;ssl=1 360w\" sizes=\"(max-width: 530px) 100vw, 530px\" data-recalc-dims=\"1\" \/><\/p>\n<p>La 98\u00e8me \u00e9dition du salon Auto\/Moto\/Mobility se d\u00e9roulera du 10 au 19 janvier au Brussels Expo. Plus de 100 000 m2 seront d\u00e9di\u00e9s \u00e0 la pr\u00e9sentation de nombreuse marques telles que BMW, Kawasaki ou encore Harley Davidson qui nous d\u00e9voileront leurs derni\u00e8res nouveaut\u00e9s. Il s\u2019agit du plus gros \u00e9v\u00e9nement moto organis\u00e9 en Belgique chaque ann\u00e9e. Il ravira les passionn\u00e9s de deux-roues qui n\u2019ont pas eu l\u2019occasion de se rendre au Salon Eicma de Milan. Certains mod\u00e8les seront m\u00eame mis \u00e0 la disposition des visiteurs qui souhaiteront exp\u00e9rimenter de nouvelles sensations de route. Les amateurs d\u2019automobiles pourront \u00e9galement d\u00e9couvrir les innovations de leurs constructeurs favoris.<\/p>\n<p><strong>Salon Moto de Bruxelles 2020 : Les infos pratiques<\/strong><\/p>\n<ul>\n<li>Il se tiendra du 10 au 19 janvier 2020<\/li>\n<li>Il comptera 160 exposants<\/li>\n<li>Horaires d\u2019ouverture\u00a0: de 10h30 \u00e0 19h00<\/li>\n<li>Le Prix adulte est 15 \u20ac \/ Le Prix enfants (6 \u00e0 12 ans) est de 10 \u20ac<\/li>\n<li>\u00a0&#8211; 30% pour les achats en ligne r\u00e9alis\u00e9s les 14, 15 et 16 janvier<\/li>\n<li>3 nocturnes auront lieu les 10, 13 et 17 janvier jusqu\u2019\u00e0 22h<\/li>\n<\/ul>\n<h2 class=\"mb\" style=\"text-align: left;\"><a style=\"font-size: 16px;\" href=\"https:\/\/www.peyrac.fr\/devis-assurance-2roues\" target=\"_blank\" rel=\"noopener\">DEVIS ET SOUSCRIPTION EN LIGNE EN 2 MN<\/a><br \/>\n<a style=\"font-size: 16px;\" href=\"https:\/\/www.peyrac.fr\/devis-assurance-2roues\" target=\"_blank\" rel=\"noopener\">Cliquez sur l&rsquo;image ci-dessous<\/a><\/h2>\n<p><a href=\"https:\/\/www.peyrac.fr\/devis-assurance-2roues\"><img src=\"https:\/\/i0.wp.com\/www.peyrac.fr\/img\/produits\/moto.png?w=640&#038;ssl=1\" data-recalc-dims=\"1\" \/><\/a><\/p>\n<p>&nbsp;<\/p>\n","protected":false},"excerpt":{"rendered":"<p>&nbsp; La 98\u00e8me \u00e9dition du salon Auto\/Moto\/Mobility se d\u00e9roulera du 10 au 19 janvier au Brussels Expo. Plus de 100 000 m2 seront d\u00e9di\u00e9s \u00e0 la pr\u00e9sentation de nombreuse marques telles que BMW, Kawasaki ou encore Harley Davidson qui nous d\u00e9voileront leurs derni\u00e8res nouveaut\u00e9s. Il s\u2019agit du plus gros \u00e9v\u00e9nement moto organis\u00e9 en Belgique chaque ann\u00e9e. Il ravira les passionn\u00e9s de deux-roues qui n\u2019ont pas eu l\u2019occasion de se rendre au Salon Eicma de Milan. Certains mod\u00e8les seront m\u00eame mis&#8230;<\/p>\n<p class=\"read-more\"><a class=\"btn btn-default\" href=\"https:\/\/www.peyrac.fr\/actualites\/le-salon-moto-de-bruxelles-2020-nous-ouvre-ses-portes\/\">Lire la suite<span class=\"screen-reader-text\"> Lire la suite<\/span><\/a><\/p>\n","protected":false},"author":4,"featured_media":0,"comment_status":"open","ping_status":"open","sticky":false,"template":"","format":"standard","meta":{"spay_email":"","jetpack_publicize_message":""},"categories":[1],"tags":[],"jetpack_featured_media_url":"","jetpack_publicize_connections":[],"yoast_head":"<!-- This site is optimized with the Yoast SEO plugin v14.2 - https:\/\/yoast.com\/wordpress\/plugins\/seo\/ -->\n<title>Le Salon Moto de Bruxelles 2020 nous ouvre ses portes - Actualit\u00e9s<\/title>\n<meta name=\"robots\" content=\"index, follow\" \/>\n<meta name=\"googlebot\" content=\"index, follow, max-snippet:-1, max-image-preview:large, max-video-preview:-1\" \/>\n<meta name=\"bingbot\" content=\"index, follow, max-snippet:-1, max-image-preview:large, max-video-preview:-1\" \/>\n<link rel=\"canonical\" href=\"https:\/\/www.peyrac.fr\/actualites\/le-salon-moto-de-bruxelles-2020-nous-ouvre-ses-portes\/\" \/>\n<meta property=\"og:locale\" content=\"fr_FR\" \/>\n<meta property=\"og:type\" content=\"article\" \/>\n<meta property=\"og:title\" content=\"Le Salon Moto de Bruxelles 2020 nous ouvre ses portes - Actualit\u00e9s\" \/>\n<meta property=\"og:description\" content=\"&nbsp; La 98\u00e8me \u00e9dition du salon Auto\/Moto\/Mobility se d\u00e9roulera du 10 au 19 janvier au Brussels Expo. Plus de 100 000 m2 seront d\u00e9di\u00e9s \u00e0 la pr\u00e9sentation de nombreuse marques telles que BMW, Kawasaki ou encore Harley Davidson qui nous d\u00e9voileront leurs derni\u00e8res nouveaut\u00e9s. Il s\u2019agit du plus gros \u00e9v\u00e9nement moto organis\u00e9 en Belgique chaque ann\u00e9e. Il ravira les passionn\u00e9s de deux-roues qui n\u2019ont pas eu l\u2019occasion de se rendre au Salon Eicma de Milan. Certains mod\u00e8les seront m\u00eame mis...Lire la suite Lire la suite\" \/>\n<meta property=\"og:url\" content=\"https:\/\/www.peyrac.fr\/actualites\/le-salon-moto-de-bruxelles-2020-nous-ouvre-ses-portes\/\" \/>\n<meta property=\"og:site_name\" content=\"Actualit\u00e9s\" \/>\n<meta property=\"article:publisher\" content=\"https:\/\/fr-fr.facebook.com\/pages\/category\/Insurance-Broker\/Peyrac-Assurances-785156224901716\/\" \/>\n<meta property=\"article:published_time\" content=\"2020-01-10T13:16:27+00:00\" \/>\n<meta property=\"og:image\" content=\"http:\/\/www.peyrac.fr\/actualites\/wp-content\/uploads\/2020\/01\/salon-bruxelle.jpg\" \/>\n<meta name=\"twitter:card\" content=\"summary\" \/>\n<meta name=\"twitter:creator\" content=\"@PeyracAssurance\" \/>\n<meta name=\"twitter:site\" content=\"@PeyracAssurance\" \/>\n<script type=\"application\/ld+json\" class=\"yoast-schema-graph\">{\"@context\":\"https:\/\/schema.org\",\"@graph\":[{\"@type\":\"WebSite\",\"@id\":\"https:\/\/www.peyrac.fr\/actualites\/#website\",\"url\":\"https:\/\/www.peyrac.fr\/actualites\/\",\"name\":\"Peyrac Assurances\",\"description\":\"\",\"potentialAction\":[{\"@type\":\"SearchAction\",\"target\":\"https:\/\/www.peyrac.fr\/actualites\/?s={search_term_string}\",\"query-input\":\"required name=search_term_string\"}],\"inLanguage\":\"fr-FR\"},{\"@type\":\"ImageObject\",\"@id\":\"https:\/\/www.peyrac.fr\/actualites\/le-salon-moto-de-bruxelles-2020-nous-ouvre-ses-portes\/#primaryimage\",\"inLanguage\":\"fr-FR\",\"url\":\"http:\/\/www.peyrac.fr\/actualites\/wp-content\/uploads\/2020\/01\/salon-bruxelle.jpg\"},{\"@type\":\"WebPage\",\"@id\":\"https:\/\/www.peyrac.fr\/actualites\/le-salon-moto-de-bruxelles-2020-nous-ouvre-ses-portes\/#webpage\",\"url\":\"https:\/\/www.peyrac.fr\/actualites\/le-salon-moto-de-bruxelles-2020-nous-ouvre-ses-portes\/\",\"name\":\"Le Salon Moto de Bruxelles 2020 nous ouvre ses portes - Actualit\\u00e9s\",\"isPartOf\":{\"@id\":\"https:\/\/www.peyrac.fr\/actualites\/#website\"},\"primaryImageOfPage\":{\"@id\":\"https:\/\/www.peyrac.fr\/actualites\/le-salon-moto-de-bruxelles-2020-nous-ouvre-ses-portes\/#primaryimage\"},\"datePublished\":\"2020-01-10T13:16:27+00:00\",\"dateModified\":\"2020-01-10T13:16:27+00:00\",\"author\":{\"@id\":\"https:\/\/www.peyrac.fr\/actualites\/#\/schema\/person\/162ff8dc4aeb790d0bf315f75b32f724\"},\"breadcrumb\":{\"@id\":\"https:\/\/www.peyrac.fr\/actualites\/le-salon-moto-de-bruxelles-2020-nous-ouvre-ses-portes\/#breadcrumb\"},\"inLanguage\":\"fr-FR\",\"potentialAction\":[{\"@type\":\"ReadAction\",\"target\":[\"https:\/\/www.peyrac.fr\/actualites\/le-salon-moto-de-bruxelles-2020-nous-ouvre-ses-portes\/\"]}]},{\"@type\":\"BreadcrumbList\",\"@id\":\"https:\/\/www.peyrac.fr\/actualites\/le-salon-moto-de-bruxelles-2020-nous-ouvre-ses-portes\/#breadcrumb\",\"itemListElement\":[{\"@type\":\"ListItem\",\"position\":1,\"item\":{\"@type\":\"WebPage\",\"@id\":\"https:\/\/www.peyrac.fr\/actualites\/\",\"url\":\"https:\/\/www.peyrac.fr\/actualites\/\",\"name\":\"Accueil des actualit\\u00e9s\"}},{\"@type\":\"ListItem\",\"position\":2,\"item\":{\"@type\":\"WebPage\",\"@id\":\"https:\/\/www.peyrac.fr\/actualites\/category\/non-classe\/\",\"url\":\"https:\/\/www.peyrac.fr\/actualites\/category\/non-classe\/\",\"name\":\"Non class\\u00e9\"}},{\"@type\":\"ListItem\",\"position\":3,\"item\":{\"@type\":\"WebPage\",\"@id\":\"https:\/\/www.peyrac.fr\/actualites\/le-salon-moto-de-bruxelles-2020-nous-ouvre-ses-portes\/\",\"url\":\"https:\/\/www.peyrac.fr\/actualites\/le-salon-moto-de-bruxelles-2020-nous-ouvre-ses-portes\/\",\"name\":\"Le Salon Moto de Bruxelles 2020 nous ouvre ses portes\"}}]},{\"@type\":[\"Person\"],\"@id\":\"https:\/\/www.peyrac.fr\/actualites\/#\/schema\/person\/162ff8dc4aeb790d0bf315f75b32f724\",\"name\":\"M B\",\"image\":{\"@type\":\"ImageObject\",\"@id\":\"https:\/\/www.peyrac.fr\/actualites\/#personlogo\",\"inLanguage\":\"fr-FR\",\"url\":\"https:\/\/secure.gravatar.com\/avatar\/7095438c901b5d50da8fb9a6f5680d8c?s=96&d=mm&r=g\",\"caption\":\"M B\"}}]}<\/script>\n<!-- \/ Yoast SEO plugin. -->","jetpack_sharing_enabled":true,"jetpack_shortlink":"https:\/\/wp.me\/p9FV2m-52","jetpack_likes_enabled":true,"jetpack-related-posts":[],"_links":{"self":[{"href":"https:\/\/www.peyrac.fr\/actualites\/wp-json\/wp\/v2\/posts\/312"}],"collection":[{"href":"https:\/\/www.peyrac.fr\/actualites\/wp-json\/wp\/v2\/posts"}],"about":[{"href":"https:\/\/www.peyrac.fr\/actualites\/wp-json\/wp\/v2\/types\/post"}],"author":[{"embeddable":true,"href":"https:\/\/www.peyrac.fr\/actualites\/wp-json\/wp\/v2\/users\/4"}],"replies":[{"embeddable":true,"href":"https:\/\/www.peyrac.fr\/actualites\/wp-json\/wp\/v2\/comments?post=312"}],"version-history":[{"count":5,"href":"https:\/\/www.peyrac.fr\/actualites\/wp-json\/wp\/v2\/posts\/312\/revisions"}],"predecessor-version":[{"id":318,"href":"https:\/\/www.peyrac.fr\/actualites\/wp-json\/wp\/v2\/posts\/312\/revisions\/318"}],"wp:attachment":[{"href":"https:\/\/www.peyrac.fr\/actualites\/wp-json\/wp\/v2\/media?parent=312"}],"wp:term":[{"taxonomy":"category","embeddable":true,"href":"https:\/\/www.peyrac.fr\/actualites\/wp-json\/wp\/v2\/categories?post=312"},{"taxonomy":"post_tag","embeddable":true,"href":"https:\/\/www.peyrac.fr\/actualites\/wp-json\/wp\/v2\/tags?post=312"}],"curies":[{"name":"wp","href":"https:\/\/api.w.org\/{rel}","templated":true}]}}