{"id":319,"date":"2020-01-17T15:55:31","date_gmt":"2020-01-17T14:55:31","guid":{"rendered":"http:\/\/www.peyrac.fr\/actualites\/?p=319"},"modified":"2020-01-17T15:55:31","modified_gmt":"2020-01-17T14:55:31","slug":"nouveau-bonus-ecologique-pour-lachat-dun-deux-roues-electrique","status":"publish","type":"post","link":"https:\/\/www.peyrac.fr\/actualites\/nouveau-bonus-ecologique-pour-lachat-dun-deux-roues-electrique\/","title":{"rendered":"Nouveau bonus \u00e9cologique pour l\u2019achat d\u2019un deux roues \u00e9lectrique"},"content":{"rendered":"<p><img data-attachment-id=\"320\" data-permalink=\"https:\/\/www.peyrac.fr\/actualites\/nouveau-bonus-ecologique-pour-lachat-dun-deux-roues-electrique\/2000-2\/\" data-orig-file=\"https:\/\/i2.wp.com\/www.peyrac.fr\/actualites\/wp-content\/uploads\/2020\/01\/2000.jpg?fit=960%2C720&amp;ssl=1\" data-orig-size=\"960,720\" data-comments-opened=\"1\" data-image-meta=\"{&quot;aperture&quot;:&quot;0&quot;,&quot;credit&quot;:&quot;&quot;,&quot;camera&quot;:&quot;&quot;,&quot;caption&quot;:&quot;&quot;,&quot;created_timestamp&quot;:&quot;0&quot;,&quot;copyright&quot;:&quot;&quot;,&quot;focal_length&quot;:&quot;0&quot;,&quot;iso&quot;:&quot;0&quot;,&quot;shutter_speed&quot;:&quot;0&quot;,&quot;title&quot;:&quot;&quot;,&quot;orientation&quot;:&quot;0&quot;}\" data-image-title=\"2000\" data-image-description=\"\" data-medium-file=\"https:\/\/i2.wp.com\/www.peyrac.fr\/actualites\/wp-content\/uploads\/2020\/01\/2000.jpg?fit=300%2C225&amp;ssl=1\" data-large-file=\"https:\/\/i2.wp.com\/www.peyrac.fr\/actualites\/wp-content\/uploads\/2020\/01\/2000.jpg?fit=640%2C480&amp;ssl=1\" loading=\"lazy\" class=\"wp-image-320 aligncenter\" src=\"https:\/\/i2.wp.com\/www.peyrac.fr\/actualites\/wp-content\/uploads\/2020\/01\/2000.jpg?resize=465%2C349\" alt=\"\" width=\"465\" height=\"349\" srcset=\"https:\/\/i2.wp.com\/www.peyrac.fr\/actualites\/wp-content\/uploads\/2020\/01\/2000.jpg?w=960&amp;ssl=1 960w, https:\/\/i2.wp.com\/www.peyrac.fr\/actualites\/wp-content\/uploads\/2020\/01\/2000.jpg?resize=300%2C225&amp;ssl=1 300w, https:\/\/i2.wp.com\/www.peyrac.fr\/actualites\/wp-content\/uploads\/2020\/01\/2000.jpg?resize=768%2C576&amp;ssl=1 768w, https:\/\/i2.wp.com\/www.peyrac.fr\/actualites\/wp-content\/uploads\/2020\/01\/2000.jpg?resize=360%2C270&amp;ssl=1 360w\" sizes=\"(max-width: 465px) 100vw, 465px\" data-recalc-dims=\"1\" \/><\/p>\n<p>C\u2019est \u00e0 l\u2019occasion des prochaines \u00e9lections municipales qui se tiendront \u00e0 partir du 15\/03, que le candidat G\u00e9rald Darmarin, actuellement ministre de L\u2019Action et des Comptes Publics, nous pr\u00e9sente son projet de prime \u00e9cologique. En effet, plut\u00f4t que d\u2019interdire la circulation de certain deux-roues, il souhaite inciter les propri\u00e9taires de deux roues thermiques \u00e0 faire l\u2019acquisition d\u2019un v\u00e9hicule \u00e9lectrique gr\u00e2ce \u00e0 une prime de 2000 euros.<\/p>\n<p>A l\u2019heure actuelle, nous ne savons pas encore qui sera v\u00e9ritablement concern\u00e9 par cette prime ni comment elle sera financ\u00e9e. Ce projet reste cependant positif car il met en \u00e9vidence le fait que les deux roues repr\u00e9sentent une r\u00e9elle solution pour lutter contre l\u2019engorgement des grandes agglom\u00e9rations.<\/p>\n<p><a style=\"font-size: 16px;\" href=\"https:\/\/www.peyrac.fr\/devis-assurance-2roues\" target=\"_blank\" rel=\"noopener\">DEVIS ET SOUSCRIPTION EN LIGNE EN 2 MN<\/a><br \/>\n<a style=\"font-size: 16px;\" href=\"https:\/\/www.peyrac.fr\/devis-assurance-2roues\" target=\"_blank\" rel=\"noopener\">Cliquez sur l&rsquo;image ci-dessous<\/a><\/p>\n<p><a href=\"https:\/\/www.peyrac.fr\/devis-assurance-2roues\"><img src=\"https:\/\/i0.wp.com\/www.peyrac.fr\/img\/produits\/moto.png?w=640&#038;ssl=1\" data-recalc-dims=\"1\" \/><\/a><\/p>\n","protected":false},"excerpt":{"rendered":"<p>C\u2019est \u00e0 l\u2019occasion des prochaines \u00e9lections municipales qui se tiendront \u00e0 partir du 15\/03, que le candidat G\u00e9rald Darmarin, actuellement ministre de L\u2019Action et des Comptes Publics, nous pr\u00e9sente son projet de prime \u00e9cologique. En effet, plut\u00f4t que d\u2019interdire la circulation de certain deux-roues, il souhaite inciter les propri\u00e9taires de deux roues thermiques \u00e0 faire l\u2019acquisition d\u2019un v\u00e9hicule \u00e9lectrique gr\u00e2ce \u00e0 une prime de 2000 euros. A l\u2019heure actuelle, nous ne savons pas encore qui sera v\u00e9ritablement concern\u00e9 par cette&#8230;<\/p>\n<p class=\"read-more\"><a class=\"btn btn-default\" href=\"https:\/\/www.peyrac.fr\/actualites\/nouveau-bonus-ecologique-pour-lachat-dun-deux-roues-electrique\/\">Lire la suite<span class=\"screen-reader-text\"> Lire la suite<\/span><\/a><\/p>\n","protected":false},"author":4,"featured_media":0,"comment_status":"open","ping_status":"open","sticky":false,"template":"","format":"standard","meta":{"spay_email":"","jetpack_publicize_message":""},"categories":[1],"tags":[],"jetpack_featured_media_url":"","jetpack_publicize_connections":[],"yoast_head":"<!-- This site is optimized with the Yoast SEO plugin v14.2 - https:\/\/yoast.com\/wordpress\/plugins\/seo\/ -->\n<title>Nouveau bonus \u00e9cologique pour l\u2019achat d\u2019un deux roues \u00e9lectrique - Actualit\u00e9s<\/title>\n<meta name=\"robots\" content=\"index, follow\" \/>\n<meta name=\"googlebot\" content=\"index, follow, max-snippet:-1, max-image-preview:large, max-video-preview:-1\" \/>\n<meta name=\"bingbot\" content=\"index, follow, max-snippet:-1, max-image-preview:large, max-video-preview:-1\" \/>\n<link rel=\"canonical\" href=\"https:\/\/www.peyrac.fr\/actualites\/nouveau-bonus-ecologique-pour-lachat-dun-deux-roues-electrique\/\" \/>\n<meta property=\"og:locale\" content=\"fr_FR\" \/>\n<meta property=\"og:type\" content=\"article\" \/>\n<meta property=\"og:title\" content=\"Nouveau bonus \u00e9cologique pour l\u2019achat d\u2019un deux roues \u00e9lectrique - Actualit\u00e9s\" \/>\n<meta property=\"og:description\" content=\"C\u2019est \u00e0 l\u2019occasion des prochaines \u00e9lections municipales qui se tiendront \u00e0 partir du 15\/03, que le candidat G\u00e9rald Darmarin, actuellement ministre de L\u2019Action et des Comptes Publics, nous pr\u00e9sente son projet de prime \u00e9cologique. En effet, plut\u00f4t que d\u2019interdire la circulation de certain deux-roues, il souhaite inciter les propri\u00e9taires de deux roues thermiques \u00e0 faire l\u2019acquisition d\u2019un v\u00e9hicule \u00e9lectrique gr\u00e2ce \u00e0 une prime de 2000 euros. A l\u2019heure actuelle, nous ne savons pas encore qui sera v\u00e9ritablement concern\u00e9 par cette...Lire la suite Lire la suite\" \/>\n<meta property=\"og:url\" content=\"https:\/\/www.peyrac.fr\/actualites\/nouveau-bonus-ecologique-pour-lachat-dun-deux-roues-electrique\/\" \/>\n<meta property=\"og:site_name\" content=\"Actualit\u00e9s\" \/>\n<meta property=\"article:publisher\" content=\"https:\/\/fr-fr.facebook.com\/pages\/category\/Insurance-Broker\/Peyrac-Assurances-785156224901716\/\" \/>\n<meta property=\"article:published_time\" content=\"2020-01-17T14:55:31+00:00\" \/>\n<meta property=\"og:image\" content=\"http:\/\/www.peyrac.fr\/actualites\/wp-content\/uploads\/2020\/01\/2000.jpg\" \/>\n<meta name=\"twitter:card\" content=\"summary\" \/>\n<meta name=\"twitter:creator\" content=\"@PeyracAssurance\" \/>\n<meta name=\"twitter:site\" content=\"@PeyracAssurance\" \/>\n<script type=\"application\/ld+json\" class=\"yoast-schema-graph\">{\"@context\":\"https:\/\/schema.org\",\"@graph\":[{\"@type\":\"WebSite\",\"@id\":\"https:\/\/www.peyrac.fr\/actualites\/#website\",\"url\":\"https:\/\/www.peyrac.fr\/actualites\/\",\"name\":\"Peyrac Assurances\",\"description\":\"\",\"potentialAction\":[{\"@type\":\"SearchAction\",\"target\":\"https:\/\/www.peyrac.fr\/actualites\/?s={search_term_string}\",\"query-input\":\"required name=search_term_string\"}],\"inLanguage\":\"fr-FR\"},{\"@type\":\"ImageObject\",\"@id\":\"https:\/\/www.peyrac.fr\/actualites\/nouveau-bonus-ecologique-pour-lachat-dun-deux-roues-electrique\/#primaryimage\",\"inLanguage\":\"fr-FR\",\"url\":\"http:\/\/www.peyrac.fr\/actualites\/wp-content\/uploads\/2020\/01\/2000.jpg\"},{\"@type\":\"WebPage\",\"@id\":\"https:\/\/www.peyrac.fr\/actualites\/nouveau-bonus-ecologique-pour-lachat-dun-deux-roues-electrique\/#webpage\",\"url\":\"https:\/\/www.peyrac.fr\/actualites\/nouveau-bonus-ecologique-pour-lachat-dun-deux-roues-electrique\/\",\"name\":\"Nouveau bonus \\u00e9cologique pour l\\u2019achat d\\u2019un deux roues \\u00e9lectrique - Actualit\\u00e9s\",\"isPartOf\":{\"@id\":\"https:\/\/www.peyrac.fr\/actualites\/#website\"},\"primaryImageOfPage\":{\"@id\":\"https:\/\/www.peyrac.fr\/actualites\/nouveau-bonus-ecologique-pour-lachat-dun-deux-roues-electrique\/#primaryimage\"},\"datePublished\":\"2020-01-17T14:55:31+00:00\",\"dateModified\":\"2020-01-17T14:55:31+00:00\",\"author\":{\"@id\":\"https:\/\/www.peyrac.fr\/actualites\/#\/schema\/person\/162ff8dc4aeb790d0bf315f75b32f724\"},\"breadcrumb\":{\"@id\":\"https:\/\/www.peyrac.fr\/actualites\/nouveau-bonus-ecologique-pour-lachat-dun-deux-roues-electrique\/#breadcrumb\"},\"inLanguage\":\"fr-FR\",\"potentialAction\":[{\"@type\":\"ReadAction\",\"target\":[\"https:\/\/www.peyrac.fr\/actualites\/nouveau-bonus-ecologique-pour-lachat-dun-deux-roues-electrique\/\"]}]},{\"@type\":\"BreadcrumbList\",\"@id\":\"https:\/\/www.peyrac.fr\/actualites\/nouveau-bonus-ecologique-pour-lachat-dun-deux-roues-electrique\/#breadcrumb\",\"itemListElement\":[{\"@type\":\"ListItem\",\"position\":1,\"item\":{\"@type\":\"WebPage\",\"@id\":\"https:\/\/www.peyrac.fr\/actualites\/\",\"url\":\"https:\/\/www.peyrac.fr\/actualites\/\",\"name\":\"Accueil des actualit\\u00e9s\"}},{\"@type\":\"ListItem\",\"position\":2,\"item\":{\"@type\":\"WebPage\",\"@id\":\"https:\/\/www.peyrac.fr\/actualites\/category\/non-classe\/\",\"url\":\"https:\/\/www.peyrac.fr\/actualites\/category\/non-classe\/\",\"name\":\"Non class\\u00e9\"}},{\"@type\":\"ListItem\",\"position\":3,\"item\":{\"@type\":\"WebPage\",\"@id\":\"https:\/\/www.peyrac.fr\/actualites\/nouveau-bonus-ecologique-pour-lachat-dun-deux-roues-electrique\/\",\"url\":\"https:\/\/www.peyrac.fr\/actualites\/nouveau-bonus-ecologique-pour-lachat-dun-deux-roues-electrique\/\",\"name\":\"Nouveau bonus \\u00e9cologique pour l\\u2019achat d\\u2019un deux roues \\u00e9lectrique\"}}]},{\"@type\":[\"Person\"],\"@id\":\"https:\/\/www.peyrac.fr\/actualites\/#\/schema\/person\/162ff8dc4aeb790d0bf315f75b32f724\",\"name\":\"M B\",\"image\":{\"@type\":\"ImageObject\",\"@id\":\"https:\/\/www.peyrac.fr\/actualites\/#personlogo\",\"inLanguage\":\"fr-FR\",\"url\":\"https:\/\/secure.gravatar.com\/avatar\/7095438c901b5d50da8fb9a6f5680d8c?s=96&d=mm&r=g\",\"caption\":\"M B\"}}]}<\/script>\n<!-- \/ Yoast SEO plugin. -->","jetpack_sharing_enabled":true,"jetpack_shortlink":"https:\/\/wp.me\/p9FV2m-59","jetpack_likes_enabled":true,"jetpack-related-posts":[],"_links":{"self":[{"href":"https:\/\/www.peyrac.fr\/actualites\/wp-json\/wp\/v2\/posts\/319"}],"collection":[{"href":"https:\/\/www.peyrac.fr\/actualites\/wp-json\/wp\/v2\/posts"}],"about":[{"href":"https:\/\/www.peyrac.fr\/actualites\/wp-json\/wp\/v2\/types\/post"}],"author":[{"embeddable":true,"href":"https:\/\/www.peyrac.fr\/actualites\/wp-json\/wp\/v2\/users\/4"}],"replies":[{"embeddable":true,"href":"https:\/\/www.peyrac.fr\/actualites\/wp-json\/wp\/v2\/comments?post=319"}],"version-history":[{"count":3,"href":"https:\/\/www.peyrac.fr\/actualites\/wp-json\/wp\/v2\/posts\/319\/revisions"}],"predecessor-version":[{"id":323,"href":"https:\/\/www.peyrac.fr\/actualites\/wp-json\/wp\/v2\/posts\/319\/revisions\/323"}],"wp:attachment":[{"href":"https:\/\/www.peyrac.fr\/actualites\/wp-json\/wp\/v2\/media?parent=319"}],"wp:term":[{"taxonomy":"category","embeddable":true,"href":"https:\/\/www.peyrac.fr\/actualites\/wp-json\/wp\/v2\/categories?post=319"},{"taxonomy":"post_tag","embeddable":true,"href":"https:\/\/www.peyrac.fr\/actualites\/wp-json\/wp\/v2\/tags?post=319"}],"curies":[{"name":"wp","href":"https:\/\/api.w.org\/{rel}","templated":true}]}}