{"id":334,"date":"2020-02-14T15:19:23","date_gmt":"2020-02-14T14:19:23","guid":{"rendered":"http:\/\/www.peyrac.fr\/actualites\/?p=334"},"modified":"2020-02-14T15:19:23","modified_gmt":"2020-02-14T14:19:23","slug":"lexperimentation-de-la-circulation-interfile-est-prolongee-jusquen-2021","status":"publish","type":"post","link":"https:\/\/www.peyrac.fr\/actualites\/lexperimentation-de-la-circulation-interfile-est-prolongee-jusquen-2021\/","title":{"rendered":"L\u2019exp\u00e9rimentation de la circulation interfile est prolong\u00e9e jusqu&rsquo;en 2021"},"content":{"rendered":"<p><img data-attachment-id=\"335\" data-permalink=\"https:\/\/www.peyrac.fr\/actualites\/lexperimentation-de-la-circulation-interfile-est-prolongee-jusquen-2021\/interfile\/\" data-orig-file=\"https:\/\/i1.wp.com\/www.peyrac.fr\/actualites\/wp-content\/uploads\/2020\/02\/interfile.jpg?fit=640%2C320&amp;ssl=1\" data-orig-size=\"640,320\" data-comments-opened=\"1\" data-image-meta=\"{&quot;aperture&quot;:&quot;0&quot;,&quot;credit&quot;:&quot;&quot;,&quot;camera&quot;:&quot;&quot;,&quot;caption&quot;:&quot;&quot;,&quot;created_timestamp&quot;:&quot;0&quot;,&quot;copyright&quot;:&quot;&quot;,&quot;focal_length&quot;:&quot;0&quot;,&quot;iso&quot;:&quot;0&quot;,&quot;shutter_speed&quot;:&quot;0&quot;,&quot;title&quot;:&quot;&quot;,&quot;orientation&quot;:&quot;0&quot;}\" data-image-title=\"interfile\" data-image-description=\"\" data-medium-file=\"https:\/\/i1.wp.com\/www.peyrac.fr\/actualites\/wp-content\/uploads\/2020\/02\/interfile.jpg?fit=300%2C150&amp;ssl=1\" data-large-file=\"https:\/\/i1.wp.com\/www.peyrac.fr\/actualites\/wp-content\/uploads\/2020\/02\/interfile.jpg?fit=640%2C320&amp;ssl=1\" loading=\"lazy\" class=\"alignnone  wp-image-335 aligncenter\" src=\"https:\/\/i1.wp.com\/www.peyrac.fr\/actualites\/wp-content\/uploads\/2020\/02\/interfile.jpg?resize=588%2C294\" alt=\"\" width=\"588\" height=\"294\" srcset=\"https:\/\/i1.wp.com\/www.peyrac.fr\/actualites\/wp-content\/uploads\/2020\/02\/interfile.jpg?w=640&amp;ssl=1 640w, https:\/\/i1.wp.com\/www.peyrac.fr\/actualites\/wp-content\/uploads\/2020\/02\/interfile.jpg?resize=300%2C150&amp;ssl=1 300w, https:\/\/i1.wp.com\/www.peyrac.fr\/actualites\/wp-content\/uploads\/2020\/02\/interfile.jpg?resize=540%2C270&amp;ssl=1 540w\" sizes=\"(max-width: 588px) 100vw, 588px\" data-recalc-dims=\"1\" \/><\/p>\n<p>Voil\u00e0 d\u00e9j\u00e0 4 ans que 11 d\u00e9partements (Gironde, Paris, Hauts-de-Seine, Seine-Saint-Denis, Val-de-Marne, Seine-et-Marne, Yvelines, Essonne, Val d\u2019Oise, Rh\u00f4ne, et Bouches-du-Rh\u00f4ne) ont commenc\u00e9 l\u2019exp\u00e9rimentation de la circulation interfile, qui devait normalement s\u2019achever fin janvier 2020. Bien que cette pratique semble s\u2019\u00eatre d\u00e9j\u00e0 d\u00e9mocratis\u00e9e, on ignore \u00e0 ce jour son r\u00e9sultat officiel. Par cons\u00e9quent, faut-il l\u2019\u00e9tendre \u00e0 tous les d\u00e9partements ou doit-on l\u2019interdire purement et simplement. C\u2019est la question qui a \u00e9t\u00e9 pos\u00e9e par le Minist\u00e8re de l\u2019int\u00e9rieur qui a finalement d\u00e9cid\u00e9 de prolonger l\u2019exp\u00e9rience jusqu\u2019au 31\/01\/2021.<\/p>\n<p>De nombreux tests ont \u00e9t\u00e9 effectu\u00e9s dans plusieurs d\u00e9partements depuis sa mise en place. Le but \u00e9tant de d\u00e9terminer si la circulation interfile contribue vraiment \u00e0 d\u00e9sengorger nos axes les plus fr\u00e9quent\u00e9s. Un bilan plut\u00f4t positif a \u00e9t\u00e9 r\u00e9v\u00e9l\u00e9 c\u2019est pourquoi l\u2019interfile reste autoris\u00e9e, sous plusieurs conditions\u00a0:\u00a0La vitesse maximale autoris\u00e9e est de 50 km\/h, la circulation doit obligatoirement se faire entre les deux voies les plus \u00e0 gauche de la chauss\u00e9e, les distances de s\u00e9curit\u00e9 doivent \u00eatre respect\u00e9es et le diff\u00e9rentiel de vitesse avec les autres v\u00e9hicules ne peut exc\u00e9der 30 km\/h.<\/p>\n<p>La circulation interfile repr\u00e9sente malgr\u00e9 tout une source d\u2019inqui\u00e9tude. En effet, en dehors du danger que peut encourir le motard compte tenu de sa proximit\u00e9 avec les autres automobilistes, elle constitue un v\u00e9ritable flou juridique en cas de sinistre. C\u2019est pourquoi, si la l\u00e9galisation de la circulation interfile devient officielle, elle s\u2019accompagnera d\u2019une r\u00e9glementation stricte \u00e0 l\u2019encontre des utilisateurs de deux roues.<\/p>\n<p><a style=\"font-size: 16px;\" href=\"https:\/\/www.peyrac.fr\/devis-assurance-2roues\" target=\"_blank\" rel=\"noopener\">DEVIS ET SOUSCRIPTION EN LIGNE EN 2 MN<\/a><br \/>\n<a style=\"font-size: 16px;\" href=\"https:\/\/www.peyrac.fr\/devis-assurance-2roues\" target=\"_blank\" rel=\"noopener\">Cliquez sur l&rsquo;image ci-dessous<\/a><\/p>\n<p><a href=\"https:\/\/www.peyrac.fr\/devis-assurance-2roues\"><img src=\"https:\/\/i0.wp.com\/www.peyrac.fr\/img\/produits\/moto.png?w=640&#038;ssl=1\" data-recalc-dims=\"1\" \/><\/a><\/p>\n","protected":false},"excerpt":{"rendered":"<p>Voil\u00e0 d\u00e9j\u00e0 4 ans que 11 d\u00e9partements (Gironde, Paris, Hauts-de-Seine, Seine-Saint-Denis, Val-de-Marne, Seine-et-Marne, Yvelines, Essonne, Val d\u2019Oise, Rh\u00f4ne, et Bouches-du-Rh\u00f4ne) ont commenc\u00e9 l\u2019exp\u00e9rimentation de la circulation interfile, qui devait normalement s\u2019achever fin janvier 2020. Bien que cette pratique semble s\u2019\u00eatre d\u00e9j\u00e0 d\u00e9mocratis\u00e9e, on ignore \u00e0 ce jour son r\u00e9sultat officiel. Par cons\u00e9quent, faut-il l\u2019\u00e9tendre \u00e0 tous les d\u00e9partements ou doit-on l\u2019interdire purement et simplement. C\u2019est la question qui a \u00e9t\u00e9 pos\u00e9e par le Minist\u00e8re de l\u2019int\u00e9rieur qui a finalement d\u00e9cid\u00e9&#8230;<\/p>\n<p class=\"read-more\"><a class=\"btn btn-default\" href=\"https:\/\/www.peyrac.fr\/actualites\/lexperimentation-de-la-circulation-interfile-est-prolongee-jusquen-2021\/\">Lire la suite<span class=\"screen-reader-text\"> Lire la suite<\/span><\/a><\/p>\n","protected":false},"author":4,"featured_media":0,"comment_status":"open","ping_status":"open","sticky":false,"template":"","format":"standard","meta":{"spay_email":"","jetpack_publicize_message":""},"categories":[1],"tags":[],"jetpack_featured_media_url":"","jetpack_publicize_connections":[],"yoast_head":"<!-- This site is optimized with the Yoast SEO plugin v14.2 - https:\/\/yoast.com\/wordpress\/plugins\/seo\/ -->\n<title>L\u2019exp\u00e9rimentation de la circulation interfile est prolong\u00e9e jusqu&#039;en 2021 - Actualit\u00e9s<\/title>\n<meta name=\"robots\" content=\"index, follow\" \/>\n<meta name=\"googlebot\" content=\"index, follow, max-snippet:-1, max-image-preview:large, max-video-preview:-1\" \/>\n<meta name=\"bingbot\" content=\"index, follow, max-snippet:-1, max-image-preview:large, max-video-preview:-1\" \/>\n<link rel=\"canonical\" href=\"https:\/\/www.peyrac.fr\/actualites\/lexperimentation-de-la-circulation-interfile-est-prolongee-jusquen-2021\/\" \/>\n<meta property=\"og:locale\" content=\"fr_FR\" \/>\n<meta property=\"og:type\" content=\"article\" \/>\n<meta property=\"og:title\" content=\"L\u2019exp\u00e9rimentation de la circulation interfile est prolong\u00e9e jusqu&#039;en 2021 - Actualit\u00e9s\" \/>\n<meta property=\"og:description\" content=\"Voil\u00e0 d\u00e9j\u00e0 4 ans que 11 d\u00e9partements (Gironde, Paris, Hauts-de-Seine, Seine-Saint-Denis, Val-de-Marne, Seine-et-Marne, Yvelines, Essonne, Val d\u2019Oise, Rh\u00f4ne, et Bouches-du-Rh\u00f4ne) ont commenc\u00e9 l\u2019exp\u00e9rimentation de la circulation interfile, qui devait normalement s\u2019achever fin janvier 2020. Bien que cette pratique semble s\u2019\u00eatre d\u00e9j\u00e0 d\u00e9mocratis\u00e9e, on ignore \u00e0 ce jour son r\u00e9sultat officiel. Par cons\u00e9quent, faut-il l\u2019\u00e9tendre \u00e0 tous les d\u00e9partements ou doit-on l\u2019interdire purement et simplement. C\u2019est la question qui a \u00e9t\u00e9 pos\u00e9e par le Minist\u00e8re de l\u2019int\u00e9rieur qui a finalement d\u00e9cid\u00e9...Lire la suite Lire la suite\" \/>\n<meta property=\"og:url\" content=\"https:\/\/www.peyrac.fr\/actualites\/lexperimentation-de-la-circulation-interfile-est-prolongee-jusquen-2021\/\" \/>\n<meta property=\"og:site_name\" content=\"Actualit\u00e9s\" \/>\n<meta property=\"article:publisher\" content=\"https:\/\/fr-fr.facebook.com\/pages\/category\/Insurance-Broker\/Peyrac-Assurances-785156224901716\/\" \/>\n<meta property=\"article:published_time\" content=\"2020-02-14T14:19:23+00:00\" \/>\n<meta property=\"og:image\" content=\"http:\/\/www.peyrac.fr\/actualites\/wp-content\/uploads\/2020\/02\/interfile.jpg\" \/>\n<meta name=\"twitter:card\" content=\"summary\" \/>\n<meta name=\"twitter:creator\" content=\"@PeyracAssurance\" \/>\n<meta name=\"twitter:site\" content=\"@PeyracAssurance\" \/>\n<script type=\"application\/ld+json\" class=\"yoast-schema-graph\">{\"@context\":\"https:\/\/schema.org\",\"@graph\":[{\"@type\":\"WebSite\",\"@id\":\"https:\/\/www.peyrac.fr\/actualites\/#website\",\"url\":\"https:\/\/www.peyrac.fr\/actualites\/\",\"name\":\"Peyrac Assurances\",\"description\":\"\",\"potentialAction\":[{\"@type\":\"SearchAction\",\"target\":\"https:\/\/www.peyrac.fr\/actualites\/?s={search_term_string}\",\"query-input\":\"required name=search_term_string\"}],\"inLanguage\":\"fr-FR\"},{\"@type\":\"ImageObject\",\"@id\":\"https:\/\/www.peyrac.fr\/actualites\/lexperimentation-de-la-circulation-interfile-est-prolongee-jusquen-2021\/#primaryimage\",\"inLanguage\":\"fr-FR\",\"url\":\"http:\/\/www.peyrac.fr\/actualites\/wp-content\/uploads\/2020\/02\/interfile.jpg\"},{\"@type\":\"WebPage\",\"@id\":\"https:\/\/www.peyrac.fr\/actualites\/lexperimentation-de-la-circulation-interfile-est-prolongee-jusquen-2021\/#webpage\",\"url\":\"https:\/\/www.peyrac.fr\/actualites\/lexperimentation-de-la-circulation-interfile-est-prolongee-jusquen-2021\/\",\"name\":\"L\\u2019exp\\u00e9rimentation de la circulation interfile est prolong\\u00e9e jusqu'en 2021 - Actualit\\u00e9s\",\"isPartOf\":{\"@id\":\"https:\/\/www.peyrac.fr\/actualites\/#website\"},\"primaryImageOfPage\":{\"@id\":\"https:\/\/www.peyrac.fr\/actualites\/lexperimentation-de-la-circulation-interfile-est-prolongee-jusquen-2021\/#primaryimage\"},\"datePublished\":\"2020-02-14T14:19:23+00:00\",\"dateModified\":\"2020-02-14T14:19:23+00:00\",\"author\":{\"@id\":\"https:\/\/www.peyrac.fr\/actualites\/#\/schema\/person\/162ff8dc4aeb790d0bf315f75b32f724\"},\"breadcrumb\":{\"@id\":\"https:\/\/www.peyrac.fr\/actualites\/lexperimentation-de-la-circulation-interfile-est-prolongee-jusquen-2021\/#breadcrumb\"},\"inLanguage\":\"fr-FR\",\"potentialAction\":[{\"@type\":\"ReadAction\",\"target\":[\"https:\/\/www.peyrac.fr\/actualites\/lexperimentation-de-la-circulation-interfile-est-prolongee-jusquen-2021\/\"]}]},{\"@type\":\"BreadcrumbList\",\"@id\":\"https:\/\/www.peyrac.fr\/actualites\/lexperimentation-de-la-circulation-interfile-est-prolongee-jusquen-2021\/#breadcrumb\",\"itemListElement\":[{\"@type\":\"ListItem\",\"position\":1,\"item\":{\"@type\":\"WebPage\",\"@id\":\"https:\/\/www.peyrac.fr\/actualites\/\",\"url\":\"https:\/\/www.peyrac.fr\/actualites\/\",\"name\":\"Accueil des actualit\\u00e9s\"}},{\"@type\":\"ListItem\",\"position\":2,\"item\":{\"@type\":\"WebPage\",\"@id\":\"https:\/\/www.peyrac.fr\/actualites\/category\/non-classe\/\",\"url\":\"https:\/\/www.peyrac.fr\/actualites\/category\/non-classe\/\",\"name\":\"Non class\\u00e9\"}},{\"@type\":\"ListItem\",\"position\":3,\"item\":{\"@type\":\"WebPage\",\"@id\":\"https:\/\/www.peyrac.fr\/actualites\/lexperimentation-de-la-circulation-interfile-est-prolongee-jusquen-2021\/\",\"url\":\"https:\/\/www.peyrac.fr\/actualites\/lexperimentation-de-la-circulation-interfile-est-prolongee-jusquen-2021\/\",\"name\":\"L\\u2019exp\\u00e9rimentation de la circulation interfile est prolong\\u00e9e jusqu&rsquo;en 2021\"}}]},{\"@type\":[\"Person\"],\"@id\":\"https:\/\/www.peyrac.fr\/actualites\/#\/schema\/person\/162ff8dc4aeb790d0bf315f75b32f724\",\"name\":\"M B\",\"image\":{\"@type\":\"ImageObject\",\"@id\":\"https:\/\/www.peyrac.fr\/actualites\/#personlogo\",\"inLanguage\":\"fr-FR\",\"url\":\"https:\/\/secure.gravatar.com\/avatar\/7095438c901b5d50da8fb9a6f5680d8c?s=96&d=mm&r=g\",\"caption\":\"M B\"}}]}<\/script>\n<!-- \/ Yoast SEO plugin. -->","jetpack_sharing_enabled":true,"jetpack_shortlink":"https:\/\/wp.me\/p9FV2m-5o","jetpack_likes_enabled":true,"jetpack-related-posts":[],"_links":{"self":[{"href":"https:\/\/www.peyrac.fr\/actualites\/wp-json\/wp\/v2\/posts\/334"}],"collection":[{"href":"https:\/\/www.peyrac.fr\/actualites\/wp-json\/wp\/v2\/posts"}],"about":[{"href":"https:\/\/www.peyrac.fr\/actualites\/wp-json\/wp\/v2\/types\/post"}],"author":[{"embeddable":true,"href":"https:\/\/www.peyrac.fr\/actualites\/wp-json\/wp\/v2\/users\/4"}],"replies":[{"embeddable":true,"href":"https:\/\/www.peyrac.fr\/actualites\/wp-json\/wp\/v2\/comments?post=334"}],"version-history":[{"count":5,"href":"https:\/\/www.peyrac.fr\/actualites\/wp-json\/wp\/v2\/posts\/334\/revisions"}],"predecessor-version":[{"id":340,"href":"https:\/\/www.peyrac.fr\/actualites\/wp-json\/wp\/v2\/posts\/334\/revisions\/340"}],"wp:attachment":[{"href":"https:\/\/www.peyrac.fr\/actualites\/wp-json\/wp\/v2\/media?parent=334"}],"wp:term":[{"taxonomy":"category","embeddable":true,"href":"https:\/\/www.peyrac.fr\/actualites\/wp-json\/wp\/v2\/categories?post=334"},{"taxonomy":"post_tag","embeddable":true,"href":"https:\/\/www.peyrac.fr\/actualites\/wp-json\/wp\/v2\/tags?post=334"}],"curies":[{"name":"wp","href":"https:\/\/api.w.org\/{rel}","templated":true}]}}