{"id":341,"date":"2020-02-21T15:45:59","date_gmt":"2020-02-21T14:45:59","guid":{"rendered":"http:\/\/www.peyrac.fr\/actualites\/?p=341"},"modified":"2020-02-21T15:45:59","modified_gmt":"2020-02-21T14:45:59","slug":"un-dispositif-de-blocage-de-la-roue-avant-en-cas-de-collision","status":"publish","type":"post","link":"https:\/\/www.peyrac.fr\/actualites\/un-dispositif-de-blocage-de-la-roue-avant-en-cas-de-collision\/","title":{"rendered":"Un dispositif de blocage de la roue avant en cas de collision"},"content":{"rendered":"<p>&nbsp;<\/p>\n<p><img data-attachment-id=\"344\" data-permalink=\"https:\/\/www.peyrac.fr\/actualites\/un-dispositif-de-blocage-de-la-roue-avant-en-cas-de-collision\/bmw-3\/\" data-orig-file=\"https:\/\/i1.wp.com\/www.peyrac.fr\/actualites\/wp-content\/uploads\/2020\/02\/bmw-3.png?fit=492%2C327&amp;ssl=1\" data-orig-size=\"492,327\" data-comments-opened=\"1\" data-image-meta=\"{&quot;aperture&quot;:&quot;0&quot;,&quot;credit&quot;:&quot;&quot;,&quot;camera&quot;:&quot;&quot;,&quot;caption&quot;:&quot;&quot;,&quot;created_timestamp&quot;:&quot;0&quot;,&quot;copyright&quot;:&quot;&quot;,&quot;focal_length&quot;:&quot;0&quot;,&quot;iso&quot;:&quot;0&quot;,&quot;shutter_speed&quot;:&quot;0&quot;,&quot;title&quot;:&quot;&quot;,&quot;orientation&quot;:&quot;0&quot;}\" data-image-title=\"bmw 3\" data-image-description=\"\" data-medium-file=\"https:\/\/i1.wp.com\/www.peyrac.fr\/actualites\/wp-content\/uploads\/2020\/02\/bmw-3.png?fit=300%2C199&amp;ssl=1\" data-large-file=\"https:\/\/i1.wp.com\/www.peyrac.fr\/actualites\/wp-content\/uploads\/2020\/02\/bmw-3.png?fit=492%2C327&amp;ssl=1\" loading=\"lazy\" class=\"alignnone size-full wp-image-344 aligncenter\" src=\"https:\/\/i1.wp.com\/www.peyrac.fr\/actualites\/wp-content\/uploads\/2020\/02\/bmw-3.png?resize=492%2C327\" alt=\"\" width=\"492\" height=\"327\" srcset=\"https:\/\/i1.wp.com\/www.peyrac.fr\/actualites\/wp-content\/uploads\/2020\/02\/bmw-3.png?w=492&amp;ssl=1 492w, https:\/\/i1.wp.com\/www.peyrac.fr\/actualites\/wp-content\/uploads\/2020\/02\/bmw-3.png?resize=300%2C199&amp;ssl=1 300w, https:\/\/i1.wp.com\/www.peyrac.fr\/actualites\/wp-content\/uploads\/2020\/02\/bmw-3.png?resize=406%2C270&amp;ssl=1 406w\" sizes=\"(max-width: 492px) 100vw, 492px\" data-recalc-dims=\"1\" \/><\/p>\n<p>Les motos sont en continuelles progressions depuis plusieurs ann\u00e9es, que ce soit en mati\u00e8re de puissance ou de technologies. Cependant, contrairement \u00e0 l\u2019industrie automobile o\u00f9 les ch\u00e2ssis se d\u00e9forment pour absorber les chocs, la structure des deux-roues motoris\u00e9s n&rsquo;a pas beaucoup \u00e9volu\u00e9e c\u2019est pourquoi les cons\u00e9quences d\u2019une collision peuvent \u00eatre dramatiques.<\/p>\n<p>Le constructeur BMW pourrait \u00eatre \u00e0 l\u2019origine d\u2019une v\u00e9ritable \u00e9volution dans ce domaine car il vient de breveter une innovation qui permet de bloquer la roue avant en position droite en cas de choc.<\/p>\n<p>Lors d\u2019une collision frontale, le choc engendre obligatoirement une rotation de la roue ainsi que de la colonne de direction. Le brevet d\u00e9pos\u00e9 par BMW aupr\u00e8s de l&rsquo;Organisation Mondiale de la Propri\u00e9t\u00e9 Intellectuelle a pour objectif de bloquer la rotation de la roue avant pour permettre \u00e0 la jante et la fourche d\u2019absorber une partie du choc et ainsi de r\u00e9duire sa puissance.<\/p>\n<p>Ce syst\u00e8me repose sur un socle m\u00e9tallique ayant la forme d\u2019un V fix\u00e9 au cadre, derri\u00e8re la roue avant. En situation de conduite classique, la roue et le V ne se rencontrent jamais. Si la roue heurte un obstacle, elle est repouss\u00e9e dans le socle qui la r\u00e9aligne alors sur une trajectoire lin\u00e9aire.<\/p>\n<p>Il est clair que ce dispositif ne constitue pas une solution miracle, en particulier \u00e0 cause de la multitude de facteurs \u00e0 consid\u00e9rer dans une collision. Il pourrait n\u00e9anmoins am\u00e9liorer la s\u00e9curit\u00e9 du motard en r\u00e9duisant la puissance du choc dans certain cas de figure. L\u2019installation de ce dispositif repr\u00e9sentera une d\u00e9pense raisonnable qui pourra vraiment faire la diff\u00e9rence en cas d\u2019impacts frontaux.<\/p>\n<p><a style=\"font-size: 16px;\" href=\"https:\/\/www.peyrac.fr\/devis-assurance-2roues\" target=\"_blank\" rel=\"noopener\">DEVIS ET SOUSCRIPTION EN LIGNE EN 2 MN<\/a><br \/>\n<a style=\"font-size: 16px;\" href=\"https:\/\/www.peyrac.fr\/devis-assurance-2roues\" target=\"_blank\" rel=\"noopener\">Cliquez sur l&rsquo;image ci-dessous<\/a><\/p>\n<p><a href=\"https:\/\/www.peyrac.fr\/devis-assurance-2roues\"><img src=\"https:\/\/i0.wp.com\/www.peyrac.fr\/img\/produits\/moto.png?w=640&#038;ssl=1\" data-recalc-dims=\"1\" \/><\/a><\/p>\n","protected":false},"excerpt":{"rendered":"<p>&nbsp; Les motos sont en continuelles progressions depuis plusieurs ann\u00e9es, que ce soit en mati\u00e8re de puissance ou de technologies. Cependant, contrairement \u00e0 l\u2019industrie automobile o\u00f9 les ch\u00e2ssis se d\u00e9forment pour absorber les chocs, la structure des deux-roues motoris\u00e9s n&rsquo;a pas beaucoup \u00e9volu\u00e9e c\u2019est pourquoi les cons\u00e9quences d\u2019une collision peuvent \u00eatre dramatiques. Le constructeur BMW pourrait \u00eatre \u00e0 l\u2019origine d\u2019une v\u00e9ritable \u00e9volution dans ce domaine car il vient de breveter une innovation qui permet de bloquer la roue avant en&#8230;<\/p>\n<p class=\"read-more\"><a class=\"btn btn-default\" href=\"https:\/\/www.peyrac.fr\/actualites\/un-dispositif-de-blocage-de-la-roue-avant-en-cas-de-collision\/\">Lire la suite<span class=\"screen-reader-text\"> Lire la suite<\/span><\/a><\/p>\n","protected":false},"author":4,"featured_media":0,"comment_status":"open","ping_status":"open","sticky":false,"template":"","format":"standard","meta":{"spay_email":"","jetpack_publicize_message":""},"categories":[1],"tags":[],"jetpack_featured_media_url":"","jetpack_publicize_connections":[],"yoast_head":"<!-- This site is optimized with the Yoast SEO plugin v14.2 - https:\/\/yoast.com\/wordpress\/plugins\/seo\/ -->\n<title>Un dispositif de blocage de la roue avant en cas de collision - Actualit\u00e9s<\/title>\n<meta name=\"robots\" content=\"index, follow\" \/>\n<meta name=\"googlebot\" content=\"index, follow, max-snippet:-1, max-image-preview:large, max-video-preview:-1\" \/>\n<meta name=\"bingbot\" content=\"index, follow, max-snippet:-1, max-image-preview:large, max-video-preview:-1\" \/>\n<link rel=\"canonical\" href=\"https:\/\/www.peyrac.fr\/actualites\/un-dispositif-de-blocage-de-la-roue-avant-en-cas-de-collision\/\" \/>\n<meta property=\"og:locale\" content=\"fr_FR\" \/>\n<meta property=\"og:type\" content=\"article\" \/>\n<meta property=\"og:title\" content=\"Un dispositif de blocage de la roue avant en cas de collision - Actualit\u00e9s\" \/>\n<meta property=\"og:description\" content=\"&nbsp; Les motos sont en continuelles progressions depuis plusieurs ann\u00e9es, que ce soit en mati\u00e8re de puissance ou de technologies. Cependant, contrairement \u00e0 l\u2019industrie automobile o\u00f9 les ch\u00e2ssis se d\u00e9forment pour absorber les chocs, la structure des deux-roues motoris\u00e9s n&rsquo;a pas beaucoup \u00e9volu\u00e9e c\u2019est pourquoi les cons\u00e9quences d\u2019une collision peuvent \u00eatre dramatiques. Le constructeur BMW pourrait \u00eatre \u00e0 l\u2019origine d\u2019une v\u00e9ritable \u00e9volution dans ce domaine car il vient de breveter une innovation qui permet de bloquer la roue avant en...Lire la suite Lire la suite\" \/>\n<meta property=\"og:url\" content=\"https:\/\/www.peyrac.fr\/actualites\/un-dispositif-de-blocage-de-la-roue-avant-en-cas-de-collision\/\" \/>\n<meta property=\"og:site_name\" content=\"Actualit\u00e9s\" \/>\n<meta property=\"article:publisher\" content=\"https:\/\/fr-fr.facebook.com\/pages\/category\/Insurance-Broker\/Peyrac-Assurances-785156224901716\/\" \/>\n<meta property=\"article:published_time\" content=\"2020-02-21T14:45:59+00:00\" \/>\n<meta property=\"og:image\" content=\"http:\/\/www.peyrac.fr\/actualites\/wp-content\/uploads\/2020\/02\/bmw-3.png\" \/>\n<meta name=\"twitter:card\" content=\"summary\" \/>\n<meta name=\"twitter:creator\" content=\"@PeyracAssurance\" \/>\n<meta name=\"twitter:site\" content=\"@PeyracAssurance\" \/>\n<script type=\"application\/ld+json\" class=\"yoast-schema-graph\">{\"@context\":\"https:\/\/schema.org\",\"@graph\":[{\"@type\":\"WebSite\",\"@id\":\"https:\/\/www.peyrac.fr\/actualites\/#website\",\"url\":\"https:\/\/www.peyrac.fr\/actualites\/\",\"name\":\"Peyrac Assurances\",\"description\":\"\",\"potentialAction\":[{\"@type\":\"SearchAction\",\"target\":\"https:\/\/www.peyrac.fr\/actualites\/?s={search_term_string}\",\"query-input\":\"required name=search_term_string\"}],\"inLanguage\":\"fr-FR\"},{\"@type\":\"ImageObject\",\"@id\":\"https:\/\/www.peyrac.fr\/actualites\/un-dispositif-de-blocage-de-la-roue-avant-en-cas-de-collision\/#primaryimage\",\"inLanguage\":\"fr-FR\",\"url\":\"http:\/\/www.peyrac.fr\/actualites\/wp-content\/uploads\/2020\/02\/bmw-3.png\"},{\"@type\":\"WebPage\",\"@id\":\"https:\/\/www.peyrac.fr\/actualites\/un-dispositif-de-blocage-de-la-roue-avant-en-cas-de-collision\/#webpage\",\"url\":\"https:\/\/www.peyrac.fr\/actualites\/un-dispositif-de-blocage-de-la-roue-avant-en-cas-de-collision\/\",\"name\":\"Un dispositif de blocage de la roue avant en cas de collision - Actualit\\u00e9s\",\"isPartOf\":{\"@id\":\"https:\/\/www.peyrac.fr\/actualites\/#website\"},\"primaryImageOfPage\":{\"@id\":\"https:\/\/www.peyrac.fr\/actualites\/un-dispositif-de-blocage-de-la-roue-avant-en-cas-de-collision\/#primaryimage\"},\"datePublished\":\"2020-02-21T14:45:59+00:00\",\"dateModified\":\"2020-02-21T14:45:59+00:00\",\"author\":{\"@id\":\"https:\/\/www.peyrac.fr\/actualites\/#\/schema\/person\/162ff8dc4aeb790d0bf315f75b32f724\"},\"breadcrumb\":{\"@id\":\"https:\/\/www.peyrac.fr\/actualites\/un-dispositif-de-blocage-de-la-roue-avant-en-cas-de-collision\/#breadcrumb\"},\"inLanguage\":\"fr-FR\",\"potentialAction\":[{\"@type\":\"ReadAction\",\"target\":[\"https:\/\/www.peyrac.fr\/actualites\/un-dispositif-de-blocage-de-la-roue-avant-en-cas-de-collision\/\"]}]},{\"@type\":\"BreadcrumbList\",\"@id\":\"https:\/\/www.peyrac.fr\/actualites\/un-dispositif-de-blocage-de-la-roue-avant-en-cas-de-collision\/#breadcrumb\",\"itemListElement\":[{\"@type\":\"ListItem\",\"position\":1,\"item\":{\"@type\":\"WebPage\",\"@id\":\"https:\/\/www.peyrac.fr\/actualites\/\",\"url\":\"https:\/\/www.peyrac.fr\/actualites\/\",\"name\":\"Accueil des actualit\\u00e9s\"}},{\"@type\":\"ListItem\",\"position\":2,\"item\":{\"@type\":\"WebPage\",\"@id\":\"https:\/\/www.peyrac.fr\/actualites\/category\/non-classe\/\",\"url\":\"https:\/\/www.peyrac.fr\/actualites\/category\/non-classe\/\",\"name\":\"Non class\\u00e9\"}},{\"@type\":\"ListItem\",\"position\":3,\"item\":{\"@type\":\"WebPage\",\"@id\":\"https:\/\/www.peyrac.fr\/actualites\/un-dispositif-de-blocage-de-la-roue-avant-en-cas-de-collision\/\",\"url\":\"https:\/\/www.peyrac.fr\/actualites\/un-dispositif-de-blocage-de-la-roue-avant-en-cas-de-collision\/\",\"name\":\"Un dispositif de blocage de la roue avant en cas de collision\"}}]},{\"@type\":[\"Person\"],\"@id\":\"https:\/\/www.peyrac.fr\/actualites\/#\/schema\/person\/162ff8dc4aeb790d0bf315f75b32f724\",\"name\":\"M B\",\"image\":{\"@type\":\"ImageObject\",\"@id\":\"https:\/\/www.peyrac.fr\/actualites\/#personlogo\",\"inLanguage\":\"fr-FR\",\"url\":\"https:\/\/secure.gravatar.com\/avatar\/7095438c901b5d50da8fb9a6f5680d8c?s=96&d=mm&r=g\",\"caption\":\"M B\"}}]}<\/script>\n<!-- \/ Yoast SEO plugin. -->","jetpack_sharing_enabled":true,"jetpack_shortlink":"https:\/\/wp.me\/p9FV2m-5v","jetpack_likes_enabled":true,"jetpack-related-posts":[],"_links":{"self":[{"href":"https:\/\/www.peyrac.fr\/actualites\/wp-json\/wp\/v2\/posts\/341"}],"collection":[{"href":"https:\/\/www.peyrac.fr\/actualites\/wp-json\/wp\/v2\/posts"}],"about":[{"href":"https:\/\/www.peyrac.fr\/actualites\/wp-json\/wp\/v2\/types\/post"}],"author":[{"embeddable":true,"href":"https:\/\/www.peyrac.fr\/actualites\/wp-json\/wp\/v2\/users\/4"}],"replies":[{"embeddable":true,"href":"https:\/\/www.peyrac.fr\/actualites\/wp-json\/wp\/v2\/comments?post=341"}],"version-history":[{"count":3,"href":"https:\/\/www.peyrac.fr\/actualites\/wp-json\/wp\/v2\/posts\/341\/revisions"}],"predecessor-version":[{"id":347,"href":"https:\/\/www.peyrac.fr\/actualites\/wp-json\/wp\/v2\/posts\/341\/revisions\/347"}],"wp:attachment":[{"href":"https:\/\/www.peyrac.fr\/actualites\/wp-json\/wp\/v2\/media?parent=341"}],"wp:term":[{"taxonomy":"category","embeddable":true,"href":"https:\/\/www.peyrac.fr\/actualites\/wp-json\/wp\/v2\/categories?post=341"},{"taxonomy":"post_tag","embeddable":true,"href":"https:\/\/www.peyrac.fr\/actualites\/wp-json\/wp\/v2\/tags?post=341"}],"curies":[{"name":"wp","href":"https:\/\/api.w.org\/{rel}","templated":true}]}}