{"id":353,"date":"2020-03-09T17:36:15","date_gmt":"2020-03-09T16:36:15","guid":{"rendered":"http:\/\/www.peyrac.fr\/actualites\/?p=353"},"modified":"2020-03-09T17:36:15","modified_gmt":"2020-03-09T16:36:15","slug":"nouvelle-version-du-permis-moto","status":"publish","type":"post","link":"https:\/\/www.peyrac.fr\/actualites\/nouvelle-version-du-permis-moto\/","title":{"rendered":"Nouvelle version du permis moto"},"content":{"rendered":"<p><img data-attachment-id=\"354\" data-permalink=\"https:\/\/www.peyrac.fr\/actualites\/nouvelle-version-du-permis-moto\/permis-moto\/\" data-orig-file=\"https:\/\/i2.wp.com\/www.peyrac.fr\/actualites\/wp-content\/uploads\/2020\/03\/permis-moto.png?fit=1014%2C570&amp;ssl=1\" data-orig-size=\"1014,570\" data-comments-opened=\"1\" data-image-meta=\"{&quot;aperture&quot;:&quot;0&quot;,&quot;credit&quot;:&quot;&quot;,&quot;camera&quot;:&quot;&quot;,&quot;caption&quot;:&quot;&quot;,&quot;created_timestamp&quot;:&quot;0&quot;,&quot;copyright&quot;:&quot;&quot;,&quot;focal_length&quot;:&quot;0&quot;,&quot;iso&quot;:&quot;0&quot;,&quot;shutter_speed&quot;:&quot;0&quot;,&quot;title&quot;:&quot;&quot;,&quot;orientation&quot;:&quot;0&quot;}\" data-image-title=\"permis moto\" data-image-description=\"\" data-medium-file=\"https:\/\/i2.wp.com\/www.peyrac.fr\/actualites\/wp-content\/uploads\/2020\/03\/permis-moto.png?fit=300%2C169&amp;ssl=1\" data-large-file=\"https:\/\/i2.wp.com\/www.peyrac.fr\/actualites\/wp-content\/uploads\/2020\/03\/permis-moto.png?fit=640%2C360&amp;ssl=1\" loading=\"lazy\" class=\"wp-image-354 aligncenter\" src=\"https:\/\/i2.wp.com\/www.peyrac.fr\/actualites\/wp-content\/uploads\/2020\/03\/permis-moto.png?resize=591%2C332\" alt=\"\" width=\"591\" height=\"332\" srcset=\"https:\/\/i2.wp.com\/www.peyrac.fr\/actualites\/wp-content\/uploads\/2020\/03\/permis-moto.png?w=1014&amp;ssl=1 1014w, https:\/\/i2.wp.com\/www.peyrac.fr\/actualites\/wp-content\/uploads\/2020\/03\/permis-moto.png?resize=300%2C169&amp;ssl=1 300w, https:\/\/i2.wp.com\/www.peyrac.fr\/actualites\/wp-content\/uploads\/2020\/03\/permis-moto.png?resize=768%2C432&amp;ssl=1 768w, https:\/\/i2.wp.com\/www.peyrac.fr\/actualites\/wp-content\/uploads\/2020\/03\/permis-moto.png?resize=480%2C270&amp;ssl=1 480w\" sizes=\"(max-width: 591px) 100vw, 591px\" data-recalc-dims=\"1\" \/><\/p>\n<p>Le permis moto n\u2019avait pas subi de transformations majeures depuis sa cr\u00e9ation en 1922. Il faudra attendre les ann\u00e9es 1970 pour qu\u2019il soit mis \u00e0 jour et ensuite r\u00e9form\u00e9 tous les dix ans environ. La derni\u00e8re modification importante du permis moto date de 2013 avec la cr\u00e9ation du permis A2.<\/p>\n<p>L\u2019ann\u00e9e 2020 marque un tournant important pour le permis moto qui va \u00e9voluer de fa\u00e7on compl\u00e8te que ce soit au niveau th\u00e9orique que pratique. Bien que les vingt heures de conduites minimales demeurent obligatoires, les conditions de validation des acquis changent radicalement.<\/p>\n<p>Bien plus encore que la partie pratique, c\u2019est l\u2019aspect th\u00e9orique qui est compl\u00e8tement remis au go\u00fbt du jour. L\u2019\u00e9preuve du Code de la route unique a \u00e9volu\u00e9 pour \u00eatre remplac\u00e9e\u00a0 par l\u2019\u00c9preuve Th\u00e9orique Moto (ETM), qui sera constitu\u00e9e d\u2019une s\u00e9rie de questions propres \u00e0 la pratique et \u00e0 la connaissance du deux-roues. L\u2019ETM comporte une quarantaine de questions en rapport notamment avec la conduite, la signalisation ou encore le positionnement \u00e0 adopter sur la route.<\/p>\n<p>L\u2019\u00e9preuve pratique du plateau va \u00e9galement \u00eatre boulevers\u00e9e. Elle \u00e9tait auparavant compos\u00e9e d\u2019un parcours lent\u00a0et d&rsquo;un autre plus rapide. Le nouveau plateau assimile les deux parties en un seul encha\u00eenement. L\u2019encha\u00eenement des man\u0153uvres demande d\u2019avantage de concentration bien que le niveau de difficult\u00e9 reste en th\u00e9orie le m\u00eame.<\/p>\n<p>L\u2019\u00e9preuve pratique de circulation passe de 40 minutes \u00e0 45 minutes environ. De plus, la partie \u00ab\u00a0V\u00e9rifications m\u00e9caniques\u00a0\u00bb va s\u2019int\u00e9grer \u00e0 l\u2019\u00e9preuve de circulation, avant ou apr\u00e8s le parcours d\u2019examen.<\/p>\n<p>La notion trajectoire de s\u00e9curit\u00e9 est int\u00e9gr\u00e9e au permis moto 2020. L\u2019examinateur va d\u00e9sormais noter la capacit\u00e9 du candidat \u00e0 se positionner sur la chauss\u00e9e lors de l\u2019\u00e9preuve de la circulation. L\u2019adaptation de la vitesse, le positionnement dans la courbe, le placement du regard et le replacement progressif seront observ\u00e9s attentivement.<\/p>\n<p>Le permis moto version 2020 donnera du fil \u00e0 retordre aux apprentis motards car il sera plus technique donc plus \u00e9prouvant. Il a toutefois le m\u00e9rite d\u2019\u00eatre beaucoup plus complet et surtout plus adapt\u00e9 au risque que peut repr\u00e9senter la conduite d\u2019un deux roues.<\/p>\n<p><a style=\"font-size: 16px;\" href=\"https:\/\/www.peyrac.fr\/devis-assurance-2roues\" target=\"_blank\" rel=\"noopener\">DEVIS ET SOUSCRIPTION EN LIGNE EN 2 MN<\/a><br \/>\n<a style=\"font-size: 16px;\" href=\"https:\/\/www.peyrac.fr\/devis-assurance-2roues\" target=\"_blank\" rel=\"noopener\">Cliquez sur l&rsquo;image ci-dessous<\/a><\/p>\n<p><a href=\"https:\/\/www.peyrac.fr\/devis-assurance-2roues\"><img src=\"https:\/\/i0.wp.com\/www.peyrac.fr\/img\/produits\/moto.png?w=640&#038;ssl=1\" data-recalc-dims=\"1\" \/><\/a><\/p>\n<p>&nbsp;<\/p>\n","protected":false},"excerpt":{"rendered":"<p>Le permis moto n\u2019avait pas subi de transformations majeures depuis sa cr\u00e9ation en 1922. Il faudra attendre les ann\u00e9es 1970 pour qu\u2019il soit mis \u00e0 jour et ensuite r\u00e9form\u00e9 tous les dix ans environ. La derni\u00e8re modification importante du permis moto date de 2013 avec la cr\u00e9ation du permis A2. L\u2019ann\u00e9e 2020 marque un tournant important pour le permis moto qui va \u00e9voluer de fa\u00e7on compl\u00e8te que ce soit au niveau th\u00e9orique que pratique. Bien que les vingt heures de&#8230;<\/p>\n<p class=\"read-more\"><a class=\"btn btn-default\" href=\"https:\/\/www.peyrac.fr\/actualites\/nouvelle-version-du-permis-moto\/\">Lire la suite<span class=\"screen-reader-text\"> Lire la suite<\/span><\/a><\/p>\n","protected":false},"author":4,"featured_media":0,"comment_status":"open","ping_status":"open","sticky":false,"template":"","format":"standard","meta":{"spay_email":"","jetpack_publicize_message":""},"categories":[1],"tags":[],"jetpack_featured_media_url":"","jetpack_publicize_connections":[],"yoast_head":"<!-- This site is optimized with the Yoast SEO plugin v14.2 - https:\/\/yoast.com\/wordpress\/plugins\/seo\/ -->\n<title>Nouvelle version du permis moto - Actualit\u00e9s<\/title>\n<meta name=\"robots\" content=\"index, follow\" \/>\n<meta name=\"googlebot\" content=\"index, follow, max-snippet:-1, max-image-preview:large, max-video-preview:-1\" \/>\n<meta name=\"bingbot\" content=\"index, follow, max-snippet:-1, max-image-preview:large, max-video-preview:-1\" \/>\n<link rel=\"canonical\" href=\"https:\/\/www.peyrac.fr\/actualites\/nouvelle-version-du-permis-moto\/\" \/>\n<meta property=\"og:locale\" content=\"fr_FR\" \/>\n<meta property=\"og:type\" content=\"article\" \/>\n<meta property=\"og:title\" content=\"Nouvelle version du permis moto - Actualit\u00e9s\" \/>\n<meta property=\"og:description\" content=\"Le permis moto n\u2019avait pas subi de transformations majeures depuis sa cr\u00e9ation en 1922. Il faudra attendre les ann\u00e9es 1970 pour qu\u2019il soit mis \u00e0 jour et ensuite r\u00e9form\u00e9 tous les dix ans environ. La derni\u00e8re modification importante du permis moto date de 2013 avec la cr\u00e9ation du permis A2. L\u2019ann\u00e9e 2020 marque un tournant important pour le permis moto qui va \u00e9voluer de fa\u00e7on compl\u00e8te que ce soit au niveau th\u00e9orique que pratique. Bien que les vingt heures de...Lire la suite Lire la suite\" \/>\n<meta property=\"og:url\" content=\"https:\/\/www.peyrac.fr\/actualites\/nouvelle-version-du-permis-moto\/\" \/>\n<meta property=\"og:site_name\" content=\"Actualit\u00e9s\" \/>\n<meta property=\"article:publisher\" content=\"https:\/\/fr-fr.facebook.com\/pages\/category\/Insurance-Broker\/Peyrac-Assurances-785156224901716\/\" \/>\n<meta property=\"article:published_time\" content=\"2020-03-09T16:36:15+00:00\" \/>\n<meta property=\"og:image\" content=\"http:\/\/www.peyrac.fr\/actualites\/wp-content\/uploads\/2020\/03\/permis-moto.png\" \/>\n<meta name=\"twitter:card\" content=\"summary\" \/>\n<meta name=\"twitter:creator\" content=\"@PeyracAssurance\" \/>\n<meta name=\"twitter:site\" content=\"@PeyracAssurance\" \/>\n<script type=\"application\/ld+json\" class=\"yoast-schema-graph\">{\"@context\":\"https:\/\/schema.org\",\"@graph\":[{\"@type\":\"WebSite\",\"@id\":\"https:\/\/www.peyrac.fr\/actualites\/#website\",\"url\":\"https:\/\/www.peyrac.fr\/actualites\/\",\"name\":\"Peyrac Assurances\",\"description\":\"\",\"potentialAction\":[{\"@type\":\"SearchAction\",\"target\":\"https:\/\/www.peyrac.fr\/actualites\/?s={search_term_string}\",\"query-input\":\"required name=search_term_string\"}],\"inLanguage\":\"fr-FR\"},{\"@type\":\"ImageObject\",\"@id\":\"https:\/\/www.peyrac.fr\/actualites\/nouvelle-version-du-permis-moto\/#primaryimage\",\"inLanguage\":\"fr-FR\",\"url\":\"http:\/\/www.peyrac.fr\/actualites\/wp-content\/uploads\/2020\/03\/permis-moto.png\"},{\"@type\":\"WebPage\",\"@id\":\"https:\/\/www.peyrac.fr\/actualites\/nouvelle-version-du-permis-moto\/#webpage\",\"url\":\"https:\/\/www.peyrac.fr\/actualites\/nouvelle-version-du-permis-moto\/\",\"name\":\"Nouvelle version du permis moto - Actualit\\u00e9s\",\"isPartOf\":{\"@id\":\"https:\/\/www.peyrac.fr\/actualites\/#website\"},\"primaryImageOfPage\":{\"@id\":\"https:\/\/www.peyrac.fr\/actualites\/nouvelle-version-du-permis-moto\/#primaryimage\"},\"datePublished\":\"2020-03-09T16:36:15+00:00\",\"dateModified\":\"2020-03-09T16:36:15+00:00\",\"author\":{\"@id\":\"https:\/\/www.peyrac.fr\/actualites\/#\/schema\/person\/162ff8dc4aeb790d0bf315f75b32f724\"},\"breadcrumb\":{\"@id\":\"https:\/\/www.peyrac.fr\/actualites\/nouvelle-version-du-permis-moto\/#breadcrumb\"},\"inLanguage\":\"fr-FR\",\"potentialAction\":[{\"@type\":\"ReadAction\",\"target\":[\"https:\/\/www.peyrac.fr\/actualites\/nouvelle-version-du-permis-moto\/\"]}]},{\"@type\":\"BreadcrumbList\",\"@id\":\"https:\/\/www.peyrac.fr\/actualites\/nouvelle-version-du-permis-moto\/#breadcrumb\",\"itemListElement\":[{\"@type\":\"ListItem\",\"position\":1,\"item\":{\"@type\":\"WebPage\",\"@id\":\"https:\/\/www.peyrac.fr\/actualites\/\",\"url\":\"https:\/\/www.peyrac.fr\/actualites\/\",\"name\":\"Accueil des actualit\\u00e9s\"}},{\"@type\":\"ListItem\",\"position\":2,\"item\":{\"@type\":\"WebPage\",\"@id\":\"https:\/\/www.peyrac.fr\/actualites\/category\/non-classe\/\",\"url\":\"https:\/\/www.peyrac.fr\/actualites\/category\/non-classe\/\",\"name\":\"Non class\\u00e9\"}},{\"@type\":\"ListItem\",\"position\":3,\"item\":{\"@type\":\"WebPage\",\"@id\":\"https:\/\/www.peyrac.fr\/actualites\/nouvelle-version-du-permis-moto\/\",\"url\":\"https:\/\/www.peyrac.fr\/actualites\/nouvelle-version-du-permis-moto\/\",\"name\":\"Nouvelle version du permis moto\"}}]},{\"@type\":[\"Person\"],\"@id\":\"https:\/\/www.peyrac.fr\/actualites\/#\/schema\/person\/162ff8dc4aeb790d0bf315f75b32f724\",\"name\":\"M B\",\"image\":{\"@type\":\"ImageObject\",\"@id\":\"https:\/\/www.peyrac.fr\/actualites\/#personlogo\",\"inLanguage\":\"fr-FR\",\"url\":\"https:\/\/secure.gravatar.com\/avatar\/7095438c901b5d50da8fb9a6f5680d8c?s=96&d=mm&r=g\",\"caption\":\"M B\"}}]}<\/script>\n<!-- \/ Yoast SEO plugin. -->","jetpack_sharing_enabled":true,"jetpack_shortlink":"https:\/\/wp.me\/p9FV2m-5H","jetpack_likes_enabled":true,"jetpack-related-posts":[],"_links":{"self":[{"href":"https:\/\/www.peyrac.fr\/actualites\/wp-json\/wp\/v2\/posts\/353"}],"collection":[{"href":"https:\/\/www.peyrac.fr\/actualites\/wp-json\/wp\/v2\/posts"}],"about":[{"href":"https:\/\/www.peyrac.fr\/actualites\/wp-json\/wp\/v2\/types\/post"}],"author":[{"embeddable":true,"href":"https:\/\/www.peyrac.fr\/actualites\/wp-json\/wp\/v2\/users\/4"}],"replies":[{"embeddable":true,"href":"https:\/\/www.peyrac.fr\/actualites\/wp-json\/wp\/v2\/comments?post=353"}],"version-history":[{"count":2,"href":"https:\/\/www.peyrac.fr\/actualites\/wp-json\/wp\/v2\/posts\/353\/revisions"}],"predecessor-version":[{"id":356,"href":"https:\/\/www.peyrac.fr\/actualites\/wp-json\/wp\/v2\/posts\/353\/revisions\/356"}],"wp:attachment":[{"href":"https:\/\/www.peyrac.fr\/actualites\/wp-json\/wp\/v2\/media?parent=353"}],"wp:term":[{"taxonomy":"category","embeddable":true,"href":"https:\/\/www.peyrac.fr\/actualites\/wp-json\/wp\/v2\/categories?post=353"},{"taxonomy":"post_tag","embeddable":true,"href":"https:\/\/www.peyrac.fr\/actualites\/wp-json\/wp\/v2\/tags?post=353"}],"curies":[{"name":"wp","href":"https:\/\/api.w.org\/{rel}","templated":true}]}}