{"id":360,"date":"2020-03-13T16:33:49","date_gmt":"2020-03-13T15:33:49","guid":{"rendered":"http:\/\/www.peyrac.fr\/actualites\/?p=360"},"modified":"2020-03-13T16:33:54","modified_gmt":"2020-03-13T15:33:54","slug":"le-roadster-electrique-sarolea-n60-mm-01","status":"publish","type":"post","link":"https:\/\/www.peyrac.fr\/actualites\/le-roadster-electrique-sarolea-n60-mm-01\/","title":{"rendered":"Le roadster \u00e9lectrique Sarol\u00e9a N60 MM.01"},"content":{"rendered":"\n<div class=\"wp-block-image\"><figure class=\"aligncenter is-resized\"><img data-attachment-id=\"361\" data-permalink=\"https:\/\/www.peyrac.fr\/actualites\/le-roadster-electrique-sarolea-n60-mm-01\/sarolea\/\" data-orig-file=\"https:\/\/i2.wp.com\/www.peyrac.fr\/actualites\/wp-content\/uploads\/2020\/03\/sarolea.png?fit=602%2C371&amp;ssl=1\" data-orig-size=\"602,371\" data-comments-opened=\"1\" data-image-meta=\"{&quot;aperture&quot;:&quot;0&quot;,&quot;credit&quot;:&quot;&quot;,&quot;camera&quot;:&quot;&quot;,&quot;caption&quot;:&quot;&quot;,&quot;created_timestamp&quot;:&quot;0&quot;,&quot;copyright&quot;:&quot;&quot;,&quot;focal_length&quot;:&quot;0&quot;,&quot;iso&quot;:&quot;0&quot;,&quot;shutter_speed&quot;:&quot;0&quot;,&quot;title&quot;:&quot;&quot;,&quot;orientation&quot;:&quot;0&quot;}\" data-image-title=\"sarolea\" data-image-description=\"\" data-medium-file=\"https:\/\/i2.wp.com\/www.peyrac.fr\/actualites\/wp-content\/uploads\/2020\/03\/sarolea.png?fit=300%2C185&amp;ssl=1\" data-large-file=\"https:\/\/i2.wp.com\/www.peyrac.fr\/actualites\/wp-content\/uploads\/2020\/03\/sarolea.png?fit=602%2C371&amp;ssl=1\" loading=\"lazy\" src=\"https:\/\/i2.wp.com\/www.peyrac.fr\/actualites\/wp-content\/uploads\/2020\/03\/sarolea.png?resize=559%2C344&#038;ssl=1\" alt=\"\" class=\"wp-image-361\" width=\"559\" height=\"344\" srcset=\"https:\/\/i2.wp.com\/www.peyrac.fr\/actualites\/wp-content\/uploads\/2020\/03\/sarolea.png?w=602&amp;ssl=1 602w, https:\/\/i2.wp.com\/www.peyrac.fr\/actualites\/wp-content\/uploads\/2020\/03\/sarolea.png?resize=300%2C185&amp;ssl=1 300w, https:\/\/i2.wp.com\/www.peyrac.fr\/actualites\/wp-content\/uploads\/2020\/03\/sarolea.png?resize=438%2C270&amp;ssl=1 438w\" sizes=\"(max-width: 559px) 100vw, 559px\" data-recalc-dims=\"1\" \/><\/figure><\/div>\n\n\n\n<p>C\u2019est en 1985 que la marque belge Sarol\u00e9a vit le jour. Elle forgea sa renomm\u00e9e lorsqu\u2019elle commen\u00e7a la production de motocyclettes \u00e0 la fin du XIXe. Elle connut \u00e9galement des heures sombres qui finiront par la faire dispara\u00eetre. Il faudra attendre 2014 pour que Sarol\u00e9a fasse son grand retour dans un domaine radicalement oppos\u00e9 en concourant sur le Tourist Trophy avec une sportive \u00e9lectrique SP7.<\/p>\n\n\n\n<p>Le constructeur a d\u00e9cid\u00e9 de se sp\u00e9cialiser dans le deux-roue \u00e9lectrique de luxe en pr\u00e9sentant en 2018 sa premi\u00e8re moto de route d\u00e9clin\u00e9e de la SP7, la Manx7. Il va encore plus loin d\u00e9sormais en proposant une version naked \u00e0 l&rsquo;inspiration Caf\u00e9 Racer, mais toujours \u00e9lectrique.<\/p>\n\n\n\n<p>Con\u00e7ue en \u00e9troite collaboration avec The Mighty Machines, la Sarol\u00e9a N6 MM.01 est une s\u00e9rie limit\u00e9e \u00e0 seulement 20 exemplaires. Elle est encore plus unique que sa pr\u00e9d\u00e9cesseure bien qu\u2019elle reprenne sa motorisation (120 kW, 450 Nm), sa batterie de 22 kWh qui promet 330 km d&rsquo;autonomie ou encore son cadre en carbone et ses suspensions \u00d6hlins.<\/p>\n\n\n\n<p>Cette \u00e9dition limit\u00e9e se d\u00e9note \u00e9galement par la singularit\u00e9 de son package car en plus de la moto, les acheteurs recevront un costume sign\u00e9 Caf\u00e9 Costume, un casque int\u00e9gral Hedon Carbon Heroine assorti ainsi qu&rsquo;un couteau Studio Blade. Les chanceux qui feront l\u2019acquisition de cette moto exclusive devront pour l\u2019ensemble se d\u00e9lester de la maudite sonne de 69.999 euros.<\/p>\n\n\n\n<p><a href=\"https:\/\/www.peyrac.fr\/devis-assurance-2roues\" target=\"_blank\" rel=\"noreferrer noopener\">DEVIS ET SOUSCRIPTION EN LIGNE EN 2 MN<\/a><br><a href=\"https:\/\/www.peyrac.fr\/devis-assurance-2roues\" target=\"_blank\" rel=\"noreferrer noopener\">Cliquez sur l&rsquo;image ci-dessous<\/a><\/p>\n\n\n\n<figure class=\"wp-block-image\"><a href=\"https:\/\/www.peyrac.fr\/devis-assurance-2roues\"><img src=\"https:\/\/i0.wp.com\/www.peyrac.fr\/img\/produits\/moto.png?w=640&#038;ssl=1\" alt=\"\" data-recalc-dims=\"1\"\/><\/a><\/figure>\n","protected":false},"excerpt":{"rendered":"<p>C\u2019est en 1985 que la marque belge Sarol\u00e9a vit le jour. Elle forgea sa renomm\u00e9e lorsqu\u2019elle commen\u00e7a la production de motocyclettes \u00e0 la fin du XIXe. Elle connut \u00e9galement des heures sombres qui finiront par la faire dispara\u00eetre. Il faudra attendre 2014 pour que Sarol\u00e9a fasse son grand retour dans un domaine radicalement oppos\u00e9 en concourant sur le Tourist Trophy avec une sportive \u00e9lectrique SP7. Le constructeur a d\u00e9cid\u00e9 de se sp\u00e9cialiser dans le deux-roue \u00e9lectrique de luxe en pr\u00e9sentant&#8230;<\/p>\n<p class=\"read-more\"><a class=\"btn btn-default\" href=\"https:\/\/www.peyrac.fr\/actualites\/le-roadster-electrique-sarolea-n60-mm-01\/\">Lire la suite<span class=\"screen-reader-text\"> Lire la suite<\/span><\/a><\/p>\n","protected":false},"author":4,"featured_media":0,"comment_status":"open","ping_status":"open","sticky":false,"template":"","format":"standard","meta":{"spay_email":"","jetpack_publicize_message":""},"categories":[1],"tags":[],"jetpack_featured_media_url":"","jetpack_publicize_connections":[],"yoast_head":"<!-- This site is optimized with the Yoast SEO plugin v14.2 - https:\/\/yoast.com\/wordpress\/plugins\/seo\/ -->\n<title>Le roadster \u00e9lectrique Sarol\u00e9a N60 MM.01 - Actualit\u00e9s<\/title>\n<meta name=\"robots\" content=\"index, follow\" \/>\n<meta name=\"googlebot\" content=\"index, follow, max-snippet:-1, max-image-preview:large, max-video-preview:-1\" \/>\n<meta name=\"bingbot\" content=\"index, follow, max-snippet:-1, max-image-preview:large, max-video-preview:-1\" \/>\n<link rel=\"canonical\" href=\"https:\/\/www.peyrac.fr\/actualites\/le-roadster-electrique-sarolea-n60-mm-01\/\" \/>\n<meta property=\"og:locale\" content=\"fr_FR\" \/>\n<meta property=\"og:type\" content=\"article\" \/>\n<meta property=\"og:title\" content=\"Le roadster \u00e9lectrique Sarol\u00e9a N60 MM.01 - Actualit\u00e9s\" \/>\n<meta property=\"og:description\" content=\"C\u2019est en 1985 que la marque belge Sarol\u00e9a vit le jour. Elle forgea sa renomm\u00e9e lorsqu\u2019elle commen\u00e7a la production de motocyclettes \u00e0 la fin du XIXe. Elle connut \u00e9galement des heures sombres qui finiront par la faire dispara\u00eetre. Il faudra attendre 2014 pour que Sarol\u00e9a fasse son grand retour dans un domaine radicalement oppos\u00e9 en concourant sur le Tourist Trophy avec une sportive \u00e9lectrique SP7. Le constructeur a d\u00e9cid\u00e9 de se sp\u00e9cialiser dans le deux-roue \u00e9lectrique de luxe en pr\u00e9sentant...Lire la suite Lire la suite\" \/>\n<meta property=\"og:url\" content=\"https:\/\/www.peyrac.fr\/actualites\/le-roadster-electrique-sarolea-n60-mm-01\/\" \/>\n<meta property=\"og:site_name\" content=\"Actualit\u00e9s\" \/>\n<meta property=\"article:publisher\" content=\"https:\/\/fr-fr.facebook.com\/pages\/category\/Insurance-Broker\/Peyrac-Assurances-785156224901716\/\" \/>\n<meta property=\"article:published_time\" content=\"2020-03-13T15:33:49+00:00\" \/>\n<meta property=\"article:modified_time\" content=\"2020-03-13T15:33:54+00:00\" \/>\n<meta property=\"og:image\" content=\"https:\/\/www.peyrac.fr\/actualites\/wp-content\/uploads\/2020\/03\/sarolea.png\" \/>\n<meta name=\"twitter:card\" content=\"summary\" \/>\n<meta name=\"twitter:creator\" content=\"@PeyracAssurance\" \/>\n<meta name=\"twitter:site\" content=\"@PeyracAssurance\" \/>\n<script type=\"application\/ld+json\" class=\"yoast-schema-graph\">{\"@context\":\"https:\/\/schema.org\",\"@graph\":[{\"@type\":\"WebSite\",\"@id\":\"https:\/\/www.peyrac.fr\/actualites\/#website\",\"url\":\"https:\/\/www.peyrac.fr\/actualites\/\",\"name\":\"Peyrac Assurances\",\"description\":\"\",\"potentialAction\":[{\"@type\":\"SearchAction\",\"target\":\"https:\/\/www.peyrac.fr\/actualites\/?s={search_term_string}\",\"query-input\":\"required name=search_term_string\"}],\"inLanguage\":\"fr-FR\"},{\"@type\":\"ImageObject\",\"@id\":\"https:\/\/www.peyrac.fr\/actualites\/le-roadster-electrique-sarolea-n60-mm-01\/#primaryimage\",\"inLanguage\":\"fr-FR\",\"url\":\"https:\/\/i2.wp.com\/www.peyrac.fr\/actualites\/wp-content\/uploads\/2020\/03\/sarolea.png?fit=602%2C371&ssl=1\",\"width\":602,\"height\":371},{\"@type\":\"WebPage\",\"@id\":\"https:\/\/www.peyrac.fr\/actualites\/le-roadster-electrique-sarolea-n60-mm-01\/#webpage\",\"url\":\"https:\/\/www.peyrac.fr\/actualites\/le-roadster-electrique-sarolea-n60-mm-01\/\",\"name\":\"Le roadster \\u00e9lectrique Sarol\\u00e9a N60 MM.01 - Actualit\\u00e9s\",\"isPartOf\":{\"@id\":\"https:\/\/www.peyrac.fr\/actualites\/#website\"},\"primaryImageOfPage\":{\"@id\":\"https:\/\/www.peyrac.fr\/actualites\/le-roadster-electrique-sarolea-n60-mm-01\/#primaryimage\"},\"datePublished\":\"2020-03-13T15:33:49+00:00\",\"dateModified\":\"2020-03-13T15:33:54+00:00\",\"author\":{\"@id\":\"https:\/\/www.peyrac.fr\/actualites\/#\/schema\/person\/162ff8dc4aeb790d0bf315f75b32f724\"},\"breadcrumb\":{\"@id\":\"https:\/\/www.peyrac.fr\/actualites\/le-roadster-electrique-sarolea-n60-mm-01\/#breadcrumb\"},\"inLanguage\":\"fr-FR\",\"potentialAction\":[{\"@type\":\"ReadAction\",\"target\":[\"https:\/\/www.peyrac.fr\/actualites\/le-roadster-electrique-sarolea-n60-mm-01\/\"]}]},{\"@type\":\"BreadcrumbList\",\"@id\":\"https:\/\/www.peyrac.fr\/actualites\/le-roadster-electrique-sarolea-n60-mm-01\/#breadcrumb\",\"itemListElement\":[{\"@type\":\"ListItem\",\"position\":1,\"item\":{\"@type\":\"WebPage\",\"@id\":\"https:\/\/www.peyrac.fr\/actualites\/\",\"url\":\"https:\/\/www.peyrac.fr\/actualites\/\",\"name\":\"Accueil des actualit\\u00e9s\"}},{\"@type\":\"ListItem\",\"position\":2,\"item\":{\"@type\":\"WebPage\",\"@id\":\"https:\/\/www.peyrac.fr\/actualites\/category\/non-classe\/\",\"url\":\"https:\/\/www.peyrac.fr\/actualites\/category\/non-classe\/\",\"name\":\"Non class\\u00e9\"}},{\"@type\":\"ListItem\",\"position\":3,\"item\":{\"@type\":\"WebPage\",\"@id\":\"https:\/\/www.peyrac.fr\/actualites\/le-roadster-electrique-sarolea-n60-mm-01\/\",\"url\":\"https:\/\/www.peyrac.fr\/actualites\/le-roadster-electrique-sarolea-n60-mm-01\/\",\"name\":\"Le roadster \\u00e9lectrique Sarol\\u00e9a N60 MM.01\"}}]},{\"@type\":[\"Person\"],\"@id\":\"https:\/\/www.peyrac.fr\/actualites\/#\/schema\/person\/162ff8dc4aeb790d0bf315f75b32f724\",\"name\":\"M B\",\"image\":{\"@type\":\"ImageObject\",\"@id\":\"https:\/\/www.peyrac.fr\/actualites\/#personlogo\",\"inLanguage\":\"fr-FR\",\"url\":\"https:\/\/secure.gravatar.com\/avatar\/7095438c901b5d50da8fb9a6f5680d8c?s=96&d=mm&r=g\",\"caption\":\"M B\"}}]}<\/script>\n<!-- \/ Yoast SEO plugin. -->","jetpack_sharing_enabled":true,"jetpack_shortlink":"https:\/\/wp.me\/p9FV2m-5O","jetpack_likes_enabled":true,"jetpack-related-posts":[],"_links":{"self":[{"href":"https:\/\/www.peyrac.fr\/actualites\/wp-json\/wp\/v2\/posts\/360"}],"collection":[{"href":"https:\/\/www.peyrac.fr\/actualites\/wp-json\/wp\/v2\/posts"}],"about":[{"href":"https:\/\/www.peyrac.fr\/actualites\/wp-json\/wp\/v2\/types\/post"}],"author":[{"embeddable":true,"href":"https:\/\/www.peyrac.fr\/actualites\/wp-json\/wp\/v2\/users\/4"}],"replies":[{"embeddable":true,"href":"https:\/\/www.peyrac.fr\/actualites\/wp-json\/wp\/v2\/comments?post=360"}],"version-history":[{"count":4,"href":"https:\/\/www.peyrac.fr\/actualites\/wp-json\/wp\/v2\/posts\/360\/revisions"}],"predecessor-version":[{"id":365,"href":"https:\/\/www.peyrac.fr\/actualites\/wp-json\/wp\/v2\/posts\/360\/revisions\/365"}],"wp:attachment":[{"href":"https:\/\/www.peyrac.fr\/actualites\/wp-json\/wp\/v2\/media?parent=360"}],"wp:term":[{"taxonomy":"category","embeddable":true,"href":"https:\/\/www.peyrac.fr\/actualites\/wp-json\/wp\/v2\/categories?post=360"},{"taxonomy":"post_tag","embeddable":true,"href":"https:\/\/www.peyrac.fr\/actualites\/wp-json\/wp\/v2\/tags?post=360"}],"curies":[{"name":"wp","href":"https:\/\/api.w.org\/{rel}","templated":true}]}}