{"id":378,"date":"2020-03-18T14:40:58","date_gmt":"2020-03-18T13:40:58","guid":{"rendered":"http:\/\/www.peyrac.fr\/actualites\/?p=378"},"modified":"2020-03-18T14:41:04","modified_gmt":"2020-03-18T13:41:04","slug":"les-commerces-motos-restent-ouverts","status":"publish","type":"post","link":"https:\/\/www.peyrac.fr\/actualites\/les-commerces-motos-restent-ouverts\/","title":{"rendered":"Les commerces motos restent ouverts"},"content":{"rendered":"\n<div class=\"wp-block-image\"><figure class=\"aligncenter is-resized\"><img data-attachment-id=\"379\" data-permalink=\"https:\/\/www.peyrac.fr\/actualites\/les-commerces-motos-restent-ouverts\/magasin-moto\/\" data-orig-file=\"https:\/\/i0.wp.com\/www.peyrac.fr\/actualites\/wp-content\/uploads\/2020\/03\/magasin-moto.jpg?fit=400%2C300&amp;ssl=1\" data-orig-size=\"400,300\" data-comments-opened=\"1\" data-image-meta=\"{&quot;aperture&quot;:&quot;0&quot;,&quot;credit&quot;:&quot;&quot;,&quot;camera&quot;:&quot;&quot;,&quot;caption&quot;:&quot;&quot;,&quot;created_timestamp&quot;:&quot;0&quot;,&quot;copyright&quot;:&quot;&quot;,&quot;focal_length&quot;:&quot;0&quot;,&quot;iso&quot;:&quot;0&quot;,&quot;shutter_speed&quot;:&quot;0&quot;,&quot;title&quot;:&quot;&quot;,&quot;orientation&quot;:&quot;0&quot;}\" data-image-title=\"magasin moto\" data-image-description=\"\" data-medium-file=\"https:\/\/i0.wp.com\/www.peyrac.fr\/actualites\/wp-content\/uploads\/2020\/03\/magasin-moto.jpg?fit=300%2C225&amp;ssl=1\" data-large-file=\"https:\/\/i0.wp.com\/www.peyrac.fr\/actualites\/wp-content\/uploads\/2020\/03\/magasin-moto.jpg?fit=400%2C300&amp;ssl=1\" loading=\"lazy\" src=\"https:\/\/i0.wp.com\/www.peyrac.fr\/actualites\/wp-content\/uploads\/2020\/03\/magasin-moto.jpg?resize=531%2C399&#038;ssl=1\" alt=\"\" class=\"wp-image-379\" width=\"531\" height=\"399\" srcset=\"https:\/\/i0.wp.com\/www.peyrac.fr\/actualites\/wp-content\/uploads\/2020\/03\/magasin-moto.jpg?w=400&amp;ssl=1 400w, https:\/\/i0.wp.com\/www.peyrac.fr\/actualites\/wp-content\/uploads\/2020\/03\/magasin-moto.jpg?resize=300%2C225&amp;ssl=1 300w, https:\/\/i0.wp.com\/www.peyrac.fr\/actualites\/wp-content\/uploads\/2020\/03\/magasin-moto.jpg?resize=360%2C270&amp;ssl=1 360w\" sizes=\"(max-width: 531px) 100vw, 531px\" data-recalc-dims=\"1\" \/><\/figure><\/div>\n\n\n\n<p>Le gouvernement annon\u00e7ait samedi soir un durcissement des mesures restrictives dans le but de limiter et ralentir la prolif\u00e9ration du virus Covid-19. Un arr\u00eat\u00e9 a officiellement \u00e9t\u00e9 publi\u00e9 pour imposer notamment la fermeture de nombreux commerces.<\/p>\n\n\n\n<p style=\"text-align:left\">Un second arr\u00eat\u00e9 a \u00e9t\u00e9 publi\u00e9 ce dimanche 15 mars pour clarifier l&rsquo;ensemble des mesures, notamment aupr\u00e8s des entreprises du secteur automobile. Aussi nous apprenions que de nombreux \u00e9tablissements pourront continuer \u00e0 recevoir sa client\u00e8le. C&rsquo;est le cas pour les garages, les commerces d\u2019\u00e9quipements autos et motos, les stations-services, les d\u00e9panneurs ou encore les parkings. La vente de deux roues reste autoris\u00e9e contrairement \u00e0 l&rsquo;automobile, o\u00f9 seules les activit\u00e9s de livraison et de retraits des commandes seront maintenues. Les dispositions prisent concernant la location de v\u00e9hicules ne sont pas clairement d\u00e9finies. L&rsquo;arr\u00eat\u00e9 permet n\u00e9anmoins la r\u00e9ception du public dans les \u00e9tablissements de location d&rsquo;\u00e9quipements par exemple.<\/p>\n\n\n\n<p>Le respect des mesures \u00ab&nbsp;barri\u00e8res\u00bb demeurera essentiel pour freiner la propagation du virus, comme le rappelle le Conseil National des Professions de l\u2019Automobile (CNPA), qui compte sur le civisme de chacun pour p\u00e9renniser l\u2019activit\u00e9 de son secteur.<\/p>\n\n\n\n<p><a rel=\"noreferrer noopener\" href=\"https:\/\/www.peyrac.fr\/devis-assurance-2roues\" target=\"_blank\">DEVIS ET SOUSCRIPTION EN LIGNE EN 2 MN<\/a><br><a rel=\"noreferrer noopener\" href=\"https:\/\/www.peyrac.fr\/devis-assurance-2roues\" target=\"_blank\">Cliquez sur l&rsquo;image ci-dessous<\/a><\/p>\n\n\n\n<figure class=\"wp-block-image\"><img src=\"https:\/\/i0.wp.com\/www.peyrac.fr\/img\/produits\/moto.png?w=640&#038;ssl=1\" alt=\"L\u2019attribut alt de cette image est vide, son nom de fichier est moto.png.\" data-recalc-dims=\"1\"\/><\/figure>\n","protected":false},"excerpt":{"rendered":"<p>Le gouvernement annon\u00e7ait samedi soir un durcissement des mesures restrictives dans le but de limiter et ralentir la prolif\u00e9ration du virus Covid-19. Un arr\u00eat\u00e9 a officiellement \u00e9t\u00e9 publi\u00e9 pour imposer notamment la fermeture de nombreux commerces. Un second arr\u00eat\u00e9 a \u00e9t\u00e9 publi\u00e9 ce dimanche 15 mars pour clarifier l&rsquo;ensemble des mesures, notamment aupr\u00e8s des entreprises du secteur automobile. Aussi nous apprenions que de nombreux \u00e9tablissements pourront continuer \u00e0 recevoir sa client\u00e8le. C&rsquo;est le cas pour les garages, les commerces d\u2019\u00e9quipements&#8230;<\/p>\n<p class=\"read-more\"><a class=\"btn btn-default\" href=\"https:\/\/www.peyrac.fr\/actualites\/les-commerces-motos-restent-ouverts\/\">Lire la suite<span class=\"screen-reader-text\"> Lire la suite<\/span><\/a><\/p>\n","protected":false},"author":4,"featured_media":0,"comment_status":"open","ping_status":"open","sticky":false,"template":"","format":"standard","meta":{"spay_email":"","jetpack_publicize_message":""},"categories":[1],"tags":[],"jetpack_featured_media_url":"","jetpack_publicize_connections":[],"yoast_head":"<!-- This site is optimized with the Yoast SEO plugin v14.2 - https:\/\/yoast.com\/wordpress\/plugins\/seo\/ -->\n<title>Les commerces motos restent ouverts - Actualit\u00e9s<\/title>\n<meta name=\"robots\" content=\"index, follow\" \/>\n<meta name=\"googlebot\" content=\"index, follow, max-snippet:-1, max-image-preview:large, max-video-preview:-1\" \/>\n<meta name=\"bingbot\" content=\"index, follow, max-snippet:-1, max-image-preview:large, max-video-preview:-1\" \/>\n<link rel=\"canonical\" href=\"https:\/\/www.peyrac.fr\/actualites\/les-commerces-motos-restent-ouverts\/\" \/>\n<meta property=\"og:locale\" content=\"fr_FR\" \/>\n<meta property=\"og:type\" content=\"article\" \/>\n<meta property=\"og:title\" content=\"Les commerces motos restent ouverts - Actualit\u00e9s\" \/>\n<meta property=\"og:description\" content=\"Le gouvernement annon\u00e7ait samedi soir un durcissement des mesures restrictives dans le but de limiter et ralentir la prolif\u00e9ration du virus Covid-19. Un arr\u00eat\u00e9 a officiellement \u00e9t\u00e9 publi\u00e9 pour imposer notamment la fermeture de nombreux commerces. Un second arr\u00eat\u00e9 a \u00e9t\u00e9 publi\u00e9 ce dimanche 15 mars pour clarifier l&rsquo;ensemble des mesures, notamment aupr\u00e8s des entreprises du secteur automobile. Aussi nous apprenions que de nombreux \u00e9tablissements pourront continuer \u00e0 recevoir sa client\u00e8le. C&rsquo;est le cas pour les garages, les commerces d\u2019\u00e9quipements...Lire la suite Lire la suite\" \/>\n<meta property=\"og:url\" content=\"https:\/\/www.peyrac.fr\/actualites\/les-commerces-motos-restent-ouverts\/\" \/>\n<meta property=\"og:site_name\" content=\"Actualit\u00e9s\" \/>\n<meta property=\"article:publisher\" content=\"https:\/\/fr-fr.facebook.com\/pages\/category\/Insurance-Broker\/Peyrac-Assurances-785156224901716\/\" \/>\n<meta property=\"article:published_time\" content=\"2020-03-18T13:40:58+00:00\" \/>\n<meta property=\"article:modified_time\" content=\"2020-03-18T13:41:04+00:00\" \/>\n<meta property=\"og:image\" content=\"https:\/\/www.peyrac.fr\/actualites\/wp-content\/uploads\/2020\/03\/magasin-moto.jpg\" \/>\n<meta name=\"twitter:card\" content=\"summary\" \/>\n<meta name=\"twitter:creator\" content=\"@PeyracAssurance\" \/>\n<meta name=\"twitter:site\" content=\"@PeyracAssurance\" \/>\n<script type=\"application\/ld+json\" class=\"yoast-schema-graph\">{\"@context\":\"https:\/\/schema.org\",\"@graph\":[{\"@type\":\"WebSite\",\"@id\":\"https:\/\/www.peyrac.fr\/actualites\/#website\",\"url\":\"https:\/\/www.peyrac.fr\/actualites\/\",\"name\":\"Peyrac Assurances\",\"description\":\"\",\"potentialAction\":[{\"@type\":\"SearchAction\",\"target\":\"https:\/\/www.peyrac.fr\/actualites\/?s={search_term_string}\",\"query-input\":\"required name=search_term_string\"}],\"inLanguage\":\"fr-FR\"},{\"@type\":\"ImageObject\",\"@id\":\"https:\/\/www.peyrac.fr\/actualites\/les-commerces-motos-restent-ouverts\/#primaryimage\",\"inLanguage\":\"fr-FR\",\"url\":\"https:\/\/i0.wp.com\/www.peyrac.fr\/actualites\/wp-content\/uploads\/2020\/03\/magasin-moto.jpg?fit=400%2C300&ssl=1\",\"width\":400,\"height\":300},{\"@type\":\"WebPage\",\"@id\":\"https:\/\/www.peyrac.fr\/actualites\/les-commerces-motos-restent-ouverts\/#webpage\",\"url\":\"https:\/\/www.peyrac.fr\/actualites\/les-commerces-motos-restent-ouverts\/\",\"name\":\"Les commerces motos restent ouverts - Actualit\\u00e9s\",\"isPartOf\":{\"@id\":\"https:\/\/www.peyrac.fr\/actualites\/#website\"},\"primaryImageOfPage\":{\"@id\":\"https:\/\/www.peyrac.fr\/actualites\/les-commerces-motos-restent-ouverts\/#primaryimage\"},\"datePublished\":\"2020-03-18T13:40:58+00:00\",\"dateModified\":\"2020-03-18T13:41:04+00:00\",\"author\":{\"@id\":\"https:\/\/www.peyrac.fr\/actualites\/#\/schema\/person\/162ff8dc4aeb790d0bf315f75b32f724\"},\"breadcrumb\":{\"@id\":\"https:\/\/www.peyrac.fr\/actualites\/les-commerces-motos-restent-ouverts\/#breadcrumb\"},\"inLanguage\":\"fr-FR\",\"potentialAction\":[{\"@type\":\"ReadAction\",\"target\":[\"https:\/\/www.peyrac.fr\/actualites\/les-commerces-motos-restent-ouverts\/\"]}]},{\"@type\":\"BreadcrumbList\",\"@id\":\"https:\/\/www.peyrac.fr\/actualites\/les-commerces-motos-restent-ouverts\/#breadcrumb\",\"itemListElement\":[{\"@type\":\"ListItem\",\"position\":1,\"item\":{\"@type\":\"WebPage\",\"@id\":\"https:\/\/www.peyrac.fr\/actualites\/\",\"url\":\"https:\/\/www.peyrac.fr\/actualites\/\",\"name\":\"Accueil des actualit\\u00e9s\"}},{\"@type\":\"ListItem\",\"position\":2,\"item\":{\"@type\":\"WebPage\",\"@id\":\"https:\/\/www.peyrac.fr\/actualites\/category\/non-classe\/\",\"url\":\"https:\/\/www.peyrac.fr\/actualites\/category\/non-classe\/\",\"name\":\"Non class\\u00e9\"}},{\"@type\":\"ListItem\",\"position\":3,\"item\":{\"@type\":\"WebPage\",\"@id\":\"https:\/\/www.peyrac.fr\/actualites\/les-commerces-motos-restent-ouverts\/\",\"url\":\"https:\/\/www.peyrac.fr\/actualites\/les-commerces-motos-restent-ouverts\/\",\"name\":\"Les commerces motos restent ouverts\"}}]},{\"@type\":[\"Person\"],\"@id\":\"https:\/\/www.peyrac.fr\/actualites\/#\/schema\/person\/162ff8dc4aeb790d0bf315f75b32f724\",\"name\":\"M B\",\"image\":{\"@type\":\"ImageObject\",\"@id\":\"https:\/\/www.peyrac.fr\/actualites\/#personlogo\",\"inLanguage\":\"fr-FR\",\"url\":\"https:\/\/secure.gravatar.com\/avatar\/7095438c901b5d50da8fb9a6f5680d8c?s=96&d=mm&r=g\",\"caption\":\"M B\"}}]}<\/script>\n<!-- \/ Yoast SEO plugin. -->","jetpack_sharing_enabled":true,"jetpack_shortlink":"https:\/\/wp.me\/p9FV2m-66","jetpack_likes_enabled":true,"jetpack-related-posts":[],"_links":{"self":[{"href":"https:\/\/www.peyrac.fr\/actualites\/wp-json\/wp\/v2\/posts\/378"}],"collection":[{"href":"https:\/\/www.peyrac.fr\/actualites\/wp-json\/wp\/v2\/posts"}],"about":[{"href":"https:\/\/www.peyrac.fr\/actualites\/wp-json\/wp\/v2\/types\/post"}],"author":[{"embeddable":true,"href":"https:\/\/www.peyrac.fr\/actualites\/wp-json\/wp\/v2\/users\/4"}],"replies":[{"embeddable":true,"href":"https:\/\/www.peyrac.fr\/actualites\/wp-json\/wp\/v2\/comments?post=378"}],"version-history":[{"count":4,"href":"https:\/\/www.peyrac.fr\/actualites\/wp-json\/wp\/v2\/posts\/378\/revisions"}],"predecessor-version":[{"id":383,"href":"https:\/\/www.peyrac.fr\/actualites\/wp-json\/wp\/v2\/posts\/378\/revisions\/383"}],"wp:attachment":[{"href":"https:\/\/www.peyrac.fr\/actualites\/wp-json\/wp\/v2\/media?parent=378"}],"wp:term":[{"taxonomy":"category","embeddable":true,"href":"https:\/\/www.peyrac.fr\/actualites\/wp-json\/wp\/v2\/categories?post=378"},{"taxonomy":"post_tag","embeddable":true,"href":"https:\/\/www.peyrac.fr\/actualites\/wp-json\/wp\/v2\/tags?post=378"}],"curies":[{"name":"wp","href":"https:\/\/api.w.org\/{rel}","templated":true}]}}