{"id":384,"date":"2020-03-20T17:13:05","date_gmt":"2020-03-20T16:13:05","guid":{"rendered":"http:\/\/www.peyrac.fr\/actualites\/?p=384"},"modified":"2020-03-20T17:13:10","modified_gmt":"2020-03-20T16:13:10","slug":"motard-confine-6-raisons-de-positiver","status":"publish","type":"post","link":"https:\/\/www.peyrac.fr\/actualites\/motard-confine-6-raisons-de-positiver\/","title":{"rendered":"Motard confin\u00e9 : 6 raisons de positiver"},"content":{"rendered":"\n<div class=\"wp-block-image\"><figure class=\"aligncenter is-resized\"><img data-attachment-id=\"385\" data-permalink=\"https:\/\/www.peyrac.fr\/actualites\/motard-confine-6-raisons-de-positiver\/canap\/\" data-orig-file=\"https:\/\/i0.wp.com\/www.peyrac.fr\/actualites\/wp-content\/uploads\/2020\/03\/canap.jpg?fit=700%2C700&amp;ssl=1\" data-orig-size=\"700,700\" data-comments-opened=\"1\" data-image-meta=\"{&quot;aperture&quot;:&quot;0&quot;,&quot;credit&quot;:&quot;&quot;,&quot;camera&quot;:&quot;&quot;,&quot;caption&quot;:&quot;&quot;,&quot;created_timestamp&quot;:&quot;0&quot;,&quot;copyright&quot;:&quot;&quot;,&quot;focal_length&quot;:&quot;0&quot;,&quot;iso&quot;:&quot;0&quot;,&quot;shutter_speed&quot;:&quot;0&quot;,&quot;title&quot;:&quot;&quot;,&quot;orientation&quot;:&quot;1&quot;}\" data-image-title=\"canap\" data-image-description=\"\" data-medium-file=\"https:\/\/i0.wp.com\/www.peyrac.fr\/actualites\/wp-content\/uploads\/2020\/03\/canap.jpg?fit=300%2C300&amp;ssl=1\" data-large-file=\"https:\/\/i0.wp.com\/www.peyrac.fr\/actualites\/wp-content\/uploads\/2020\/03\/canap.jpg?fit=640%2C640&amp;ssl=1\" loading=\"lazy\" src=\"https:\/\/i0.wp.com\/www.peyrac.fr\/actualites\/wp-content\/uploads\/2020\/03\/canap.jpg?resize=424%2C424&#038;ssl=1\" alt=\"\" class=\"wp-image-385\" width=\"424\" height=\"424\" srcset=\"https:\/\/i0.wp.com\/www.peyrac.fr\/actualites\/wp-content\/uploads\/2020\/03\/canap.jpg?w=700&amp;ssl=1 700w, https:\/\/i0.wp.com\/www.peyrac.fr\/actualites\/wp-content\/uploads\/2020\/03\/canap.jpg?resize=150%2C150&amp;ssl=1 150w, https:\/\/i0.wp.com\/www.peyrac.fr\/actualites\/wp-content\/uploads\/2020\/03\/canap.jpg?resize=300%2C300&amp;ssl=1 300w, https:\/\/i0.wp.com\/www.peyrac.fr\/actualites\/wp-content\/uploads\/2020\/03\/canap.jpg?resize=270%2C270&amp;ssl=1 270w\" sizes=\"(max-width: 424px) 100vw, 424px\" data-recalc-dims=\"1\" \/><\/figure><\/div>\n\n\n\n<p>Peu importe notre \u00e9tat de sant\u00e9, c\u2019est le confinement pour tout le monde! M\u00eame si le soleil est au rendez-vous et que vous avez envie de prendre votre moto pour faire une une balade, il faut rester chez soi pour se prot\u00e9ger soit m\u00eame et surtout prot\u00e9ger les autres. De quoi tourner en rond! Et bien non! Il y a toujours des raisons de voir les choses du bon c\u00f4t\u00e9 dans cette ambiance actuelle.<\/p>\n\n\n\n<p>Pour ce faire, voil\u00e0 6 bonnes raisons de rester positif:<\/p>\n\n\n\n<p><strong>Plus d\u2019incivilit\u00e9 au volant: <\/strong>Et oui! Confinement signifie route d\u00e9sertes. Donc plus de raison de s\u2019\u00e9nerver dans les embouteillages, plus besoin non plus de r\u00e2ler contre un conducteur qui nous a refus\u00e9 la priorit\u00e9 ou qui a oubli\u00e9 de mettre son clignotant. <\/p>\n\n\n\n<p><strong>Une mortalit\u00e9 routi\u00e8re en baisse: <\/strong>Et \u00e7a c\u2019est une bonne nouvelle! L\u2019absence de personnes sur les routes devrait faire du mois de mars un mois record durant lequel le taux de mortalit\u00e9 sera particuli\u00e8rement bas.<\/p>\n\n\n\n<p><strong>Du temps pour bichonner sa moto: <\/strong>On n\u2019a souvent pas le temps de le faire. Cette fois plus d\u2019excuses! Et par la m\u00eame occasion on ne va pas se limiter au nettoyage de la moto, mais on va en profiter pour revoir la tension de la cha\u00eene, le graissage ou v\u00e9rifier l\u2019\u00e9tat de la batterie.<\/p>\n\n\n\n<p><strong>Du temps pour pr\u00e9parer son prochain Roadtrip: <\/strong>Tant qu&rsquo;\u00e0 rester enferm\u00e9, pourquoi ne pas enfin planifier ce fameux roadtrip entre amis dont vous aviez toujours r\u00eav\u00e9? De quoi se remplir la t\u00eate de belles images et de nouveaux projets.<\/p>\n\n\n\n<p><strong>Du temps pour rechercher son prochain bolide: <\/strong>Que ce soit au niveau esth\u00e9tique ou technique, les motos \u00e9voluent \u00e0 une vitesse folle. C\u2019est l\u2019occasion de s\u2019informer sur les derni\u00e8res nouveaut\u00e9s ou de pr\u00e9parer l\u2019acquisition&nbsp; de celle qui vous lorgner depuis plusieurs mois.<\/p>\n\n\n\n<p><strong>Commencer la r\u00e9novation de sa moto:<\/strong>Votre moto prend de l\u2019\u00e2ge? \u00c7a tombe bien, c\u2019est le moment de lui donner une seconde jeunesse. Attention toutefois \u00e0 ne pas faire de faute de go\u00fbt car entre les clignotants et les feux \u00e0 modifier, les r\u00e9troviseurs ou la selle \u00e0 remplacer, on peut facilement s\u2019y perdre. Cette p\u00e9riode de confinement vous permettra d\u2019avoir le temps n\u00e9cessaire pour trouver la pi\u00e8ce parfaite \u00e0 moindre co\u00fbt, sans l\u00e9siner sur la qualit\u00e9 bien-s\u00fbr.<\/p>\n\n\n\n<p>Voici quelques id\u00e9es qui vous donneront un peu d\u2019inspiration je l\u2019esp\u00e8re. Bon courage \u00e0 vous tous et surtout prenez soin de vous et de vos proches.<\/p>\n\n\n\n<p><a rel=\"noreferrer noopener\" href=\"https:\/\/www.peyrac.fr\/devis-assurance-2roues\" target=\"_blank\">DEVIS ET SOUSCRIPTION EN LIGNE EN 2 MN<\/a><br><a rel=\"noreferrer noopener\" href=\"https:\/\/www.peyrac.fr\/devis-assurance-2roues\" target=\"_blank\">Cliquez sur l&rsquo;image ci-dessous<\/a><\/p>\n\n\n\n<figure class=\"wp-block-image\"><img src=\"https:\/\/i0.wp.com\/www.peyrac.fr\/img\/produits\/moto.png?w=640&#038;ssl=1\" alt=\"L\u2019attribut alt de cette image est vide, son nom de fichier est moto.png.\" data-recalc-dims=\"1\"\/><\/figure>\n","protected":false},"excerpt":{"rendered":"<p>Peu importe notre \u00e9tat de sant\u00e9, c\u2019est le confinement pour tout le monde! M\u00eame si le soleil est au rendez-vous et que vous avez envie de prendre votre moto pour faire une une balade, il faut rester chez soi pour se prot\u00e9ger soit m\u00eame et surtout prot\u00e9ger les autres. De quoi tourner en rond! Et bien non! Il y a toujours des raisons de voir les choses du bon c\u00f4t\u00e9 dans cette ambiance actuelle. Pour ce faire, voil\u00e0 6 bonnes&#8230;<\/p>\n<p class=\"read-more\"><a class=\"btn btn-default\" href=\"https:\/\/www.peyrac.fr\/actualites\/motard-confine-6-raisons-de-positiver\/\">Lire la suite<span class=\"screen-reader-text\"> Lire la suite<\/span><\/a><\/p>\n","protected":false},"author":4,"featured_media":0,"comment_status":"open","ping_status":"open","sticky":false,"template":"","format":"standard","meta":{"spay_email":"","jetpack_publicize_message":""},"categories":[1],"tags":[],"jetpack_featured_media_url":"","jetpack_publicize_connections":[],"yoast_head":"<!-- This site is optimized with the Yoast SEO plugin v14.2 - https:\/\/yoast.com\/wordpress\/plugins\/seo\/ -->\n<title>Motard confin\u00e9 : 6 raisons de positiver - Actualit\u00e9s<\/title>\n<meta name=\"robots\" content=\"index, follow\" \/>\n<meta name=\"googlebot\" content=\"index, follow, max-snippet:-1, max-image-preview:large, max-video-preview:-1\" \/>\n<meta name=\"bingbot\" content=\"index, follow, max-snippet:-1, max-image-preview:large, max-video-preview:-1\" \/>\n<link rel=\"canonical\" href=\"https:\/\/www.peyrac.fr\/actualites\/motard-confine-6-raisons-de-positiver\/\" \/>\n<meta property=\"og:locale\" content=\"fr_FR\" \/>\n<meta property=\"og:type\" content=\"article\" \/>\n<meta property=\"og:title\" content=\"Motard confin\u00e9 : 6 raisons de positiver - Actualit\u00e9s\" \/>\n<meta property=\"og:description\" content=\"Peu importe notre \u00e9tat de sant\u00e9, c\u2019est le confinement pour tout le monde! M\u00eame si le soleil est au rendez-vous et que vous avez envie de prendre votre moto pour faire une une balade, il faut rester chez soi pour se prot\u00e9ger soit m\u00eame et surtout prot\u00e9ger les autres. De quoi tourner en rond! Et bien non! Il y a toujours des raisons de voir les choses du bon c\u00f4t\u00e9 dans cette ambiance actuelle. Pour ce faire, voil\u00e0 6 bonnes...Lire la suite Lire la suite\" \/>\n<meta property=\"og:url\" content=\"https:\/\/www.peyrac.fr\/actualites\/motard-confine-6-raisons-de-positiver\/\" \/>\n<meta property=\"og:site_name\" content=\"Actualit\u00e9s\" \/>\n<meta property=\"article:publisher\" content=\"https:\/\/fr-fr.facebook.com\/pages\/category\/Insurance-Broker\/Peyrac-Assurances-785156224901716\/\" \/>\n<meta property=\"article:published_time\" content=\"2020-03-20T16:13:05+00:00\" \/>\n<meta property=\"article:modified_time\" content=\"2020-03-20T16:13:10+00:00\" \/>\n<meta property=\"og:image\" content=\"https:\/\/www.peyrac.fr\/actualites\/wp-content\/uploads\/2020\/03\/canap.jpg\" \/>\n<meta name=\"twitter:card\" content=\"summary\" \/>\n<meta name=\"twitter:creator\" content=\"@PeyracAssurance\" \/>\n<meta name=\"twitter:site\" content=\"@PeyracAssurance\" \/>\n<script type=\"application\/ld+json\" class=\"yoast-schema-graph\">{\"@context\":\"https:\/\/schema.org\",\"@graph\":[{\"@type\":\"WebSite\",\"@id\":\"https:\/\/www.peyrac.fr\/actualites\/#website\",\"url\":\"https:\/\/www.peyrac.fr\/actualites\/\",\"name\":\"Peyrac Assurances\",\"description\":\"\",\"potentialAction\":[{\"@type\":\"SearchAction\",\"target\":\"https:\/\/www.peyrac.fr\/actualites\/?s={search_term_string}\",\"query-input\":\"required name=search_term_string\"}],\"inLanguage\":\"fr-FR\"},{\"@type\":\"ImageObject\",\"@id\":\"https:\/\/www.peyrac.fr\/actualites\/motard-confine-6-raisons-de-positiver\/#primaryimage\",\"inLanguage\":\"fr-FR\",\"url\":\"https:\/\/i0.wp.com\/www.peyrac.fr\/actualites\/wp-content\/uploads\/2020\/03\/canap.jpg?fit=700%2C700&ssl=1\",\"width\":700,\"height\":700},{\"@type\":\"WebPage\",\"@id\":\"https:\/\/www.peyrac.fr\/actualites\/motard-confine-6-raisons-de-positiver\/#webpage\",\"url\":\"https:\/\/www.peyrac.fr\/actualites\/motard-confine-6-raisons-de-positiver\/\",\"name\":\"Motard confin\\u00e9 : 6 raisons de positiver - Actualit\\u00e9s\",\"isPartOf\":{\"@id\":\"https:\/\/www.peyrac.fr\/actualites\/#website\"},\"primaryImageOfPage\":{\"@id\":\"https:\/\/www.peyrac.fr\/actualites\/motard-confine-6-raisons-de-positiver\/#primaryimage\"},\"datePublished\":\"2020-03-20T16:13:05+00:00\",\"dateModified\":\"2020-03-20T16:13:10+00:00\",\"author\":{\"@id\":\"https:\/\/www.peyrac.fr\/actualites\/#\/schema\/person\/162ff8dc4aeb790d0bf315f75b32f724\"},\"breadcrumb\":{\"@id\":\"https:\/\/www.peyrac.fr\/actualites\/motard-confine-6-raisons-de-positiver\/#breadcrumb\"},\"inLanguage\":\"fr-FR\",\"potentialAction\":[{\"@type\":\"ReadAction\",\"target\":[\"https:\/\/www.peyrac.fr\/actualites\/motard-confine-6-raisons-de-positiver\/\"]}]},{\"@type\":\"BreadcrumbList\",\"@id\":\"https:\/\/www.peyrac.fr\/actualites\/motard-confine-6-raisons-de-positiver\/#breadcrumb\",\"itemListElement\":[{\"@type\":\"ListItem\",\"position\":1,\"item\":{\"@type\":\"WebPage\",\"@id\":\"https:\/\/www.peyrac.fr\/actualites\/\",\"url\":\"https:\/\/www.peyrac.fr\/actualites\/\",\"name\":\"Accueil des actualit\\u00e9s\"}},{\"@type\":\"ListItem\",\"position\":2,\"item\":{\"@type\":\"WebPage\",\"@id\":\"https:\/\/www.peyrac.fr\/actualites\/category\/non-classe\/\",\"url\":\"https:\/\/www.peyrac.fr\/actualites\/category\/non-classe\/\",\"name\":\"Non class\\u00e9\"}},{\"@type\":\"ListItem\",\"position\":3,\"item\":{\"@type\":\"WebPage\",\"@id\":\"https:\/\/www.peyrac.fr\/actualites\/motard-confine-6-raisons-de-positiver\/\",\"url\":\"https:\/\/www.peyrac.fr\/actualites\/motard-confine-6-raisons-de-positiver\/\",\"name\":\"Motard confin\\u00e9 : 6 raisons de positiver\"}}]},{\"@type\":[\"Person\"],\"@id\":\"https:\/\/www.peyrac.fr\/actualites\/#\/schema\/person\/162ff8dc4aeb790d0bf315f75b32f724\",\"name\":\"M B\",\"image\":{\"@type\":\"ImageObject\",\"@id\":\"https:\/\/www.peyrac.fr\/actualites\/#personlogo\",\"inLanguage\":\"fr-FR\",\"url\":\"https:\/\/secure.gravatar.com\/avatar\/7095438c901b5d50da8fb9a6f5680d8c?s=96&d=mm&r=g\",\"caption\":\"M B\"}}]}<\/script>\n<!-- \/ Yoast SEO plugin. -->","jetpack_sharing_enabled":true,"jetpack_shortlink":"https:\/\/wp.me\/p9FV2m-6c","jetpack_likes_enabled":true,"jetpack-related-posts":[],"_links":{"self":[{"href":"https:\/\/www.peyrac.fr\/actualites\/wp-json\/wp\/v2\/posts\/384"}],"collection":[{"href":"https:\/\/www.peyrac.fr\/actualites\/wp-json\/wp\/v2\/posts"}],"about":[{"href":"https:\/\/www.peyrac.fr\/actualites\/wp-json\/wp\/v2\/types\/post"}],"author":[{"embeddable":true,"href":"https:\/\/www.peyrac.fr\/actualites\/wp-json\/wp\/v2\/users\/4"}],"replies":[{"embeddable":true,"href":"https:\/\/www.peyrac.fr\/actualites\/wp-json\/wp\/v2\/comments?post=384"}],"version-history":[{"count":9,"href":"https:\/\/www.peyrac.fr\/actualites\/wp-json\/wp\/v2\/posts\/384\/revisions"}],"predecessor-version":[{"id":395,"href":"https:\/\/www.peyrac.fr\/actualites\/wp-json\/wp\/v2\/posts\/384\/revisions\/395"}],"wp:attachment":[{"href":"https:\/\/www.peyrac.fr\/actualites\/wp-json\/wp\/v2\/media?parent=384"}],"wp:term":[{"taxonomy":"category","embeddable":true,"href":"https:\/\/www.peyrac.fr\/actualites\/wp-json\/wp\/v2\/categories?post=384"},{"taxonomy":"post_tag","embeddable":true,"href":"https:\/\/www.peyrac.fr\/actualites\/wp-json\/wp\/v2\/tags?post=384"}],"curies":[{"name":"wp","href":"https:\/\/api.w.org\/{rel}","templated":true}]}}