{"id":404,"date":"2020-03-26T14:30:45","date_gmt":"2020-03-26T13:30:45","guid":{"rendered":"http:\/\/www.peyrac.fr\/actualites\/?p=404"},"modified":"2020-03-26T17:09:55","modified_gmt":"2020-03-26T16:09:55","slug":"des-scooters-electriques-gratuits-pour-le-personnel-de-sante","status":"publish","type":"post","link":"https:\/\/www.peyrac.fr\/actualites\/des-scooters-electriques-gratuits-pour-le-personnel-de-sante\/","title":{"rendered":"Des scooters \u00e9lectriques gratuits pour le personnel de sant\u00e9"},"content":{"rendered":"\n<div class=\"wp-block-image\"><figure class=\"aligncenter is-resized\"><img data-attachment-id=\"405\" data-permalink=\"https:\/\/www.peyrac.fr\/actualites\/des-scooters-electriques-gratuits-pour-le-personnel-de-sante\/scooter\/\" data-orig-file=\"https:\/\/i0.wp.com\/www.peyrac.fr\/actualites\/wp-content\/uploads\/2020\/03\/scooter.jpg?fit=960%2C720&amp;ssl=1\" data-orig-size=\"960,720\" data-comments-opened=\"1\" data-image-meta=\"{&quot;aperture&quot;:&quot;0&quot;,&quot;credit&quot;:&quot;&quot;,&quot;camera&quot;:&quot;&quot;,&quot;caption&quot;:&quot;&quot;,&quot;created_timestamp&quot;:&quot;0&quot;,&quot;copyright&quot;:&quot;&quot;,&quot;focal_length&quot;:&quot;0&quot;,&quot;iso&quot;:&quot;0&quot;,&quot;shutter_speed&quot;:&quot;0&quot;,&quot;title&quot;:&quot;&quot;,&quot;orientation&quot;:&quot;0&quot;}\" data-image-title=\"scooter\" data-image-description=\"\" data-medium-file=\"https:\/\/i0.wp.com\/www.peyrac.fr\/actualites\/wp-content\/uploads\/2020\/03\/scooter.jpg?fit=300%2C225&amp;ssl=1\" data-large-file=\"https:\/\/i0.wp.com\/www.peyrac.fr\/actualites\/wp-content\/uploads\/2020\/03\/scooter.jpg?fit=640%2C480&amp;ssl=1\" loading=\"lazy\" src=\"https:\/\/i0.wp.com\/www.peyrac.fr\/actualites\/wp-content\/uploads\/2020\/03\/scooter.jpg?resize=409%2C307&#038;ssl=1\" alt=\"\" class=\"wp-image-405\" width=\"409\" height=\"307\" srcset=\"https:\/\/i0.wp.com\/www.peyrac.fr\/actualites\/wp-content\/uploads\/2020\/03\/scooter.jpg?w=960&amp;ssl=1 960w, https:\/\/i0.wp.com\/www.peyrac.fr\/actualites\/wp-content\/uploads\/2020\/03\/scooter.jpg?resize=300%2C225&amp;ssl=1 300w, https:\/\/i0.wp.com\/www.peyrac.fr\/actualites\/wp-content\/uploads\/2020\/03\/scooter.jpg?resize=768%2C576&amp;ssl=1 768w, https:\/\/i0.wp.com\/www.peyrac.fr\/actualites\/wp-content\/uploads\/2020\/03\/scooter.jpg?resize=360%2C270&amp;ssl=1 360w\" sizes=\"(max-width: 409px) 100vw, 409px\" data-recalc-dims=\"1\" \/><\/figure><\/div>\n\n\n\n<p>Alors que l\u2019activit\u00e9 mondiale est ralentie \u00e0 cause du\nvirus Covid-19 et des mesures restrictives instaur\u00e9es, quelques entreprises ont\nd\u00e9cid\u00e9 de rester solidaires.<\/p>\n\n\n\n<p>Alors que pour des raisons sanitaires mais surtout \u00e9conomiques, la soci\u00e9t\u00e9 Lime vient d\u2019annoncer qu\u2019elle suspendait son activit\u00e9 de trottinettes et v\u00e9los en libre-service dans une vingtaine de pays, certains op\u00e9rateurs ont pris un chemin diff\u00e9rent.<\/p>\n\n\n\n<p>C\u2019est le cas par exemple de Cityscoot qui, lib\u00e9r\u00e9 de sa rivalit\u00e9 avec la soci\u00e9t\u00e9 Coup, a annonc\u00e9 le 21 mars dernier sur Instagram vouloir mettre \u00e0 la disposition des soignants parisiens et ni\u00e7ois des scooters \u00e9lectriques gratuits. <\/p>\n\n\n\n<p>L\u2019op\u00e9rateur invite le personnel soignant \u00e0 contacter ses services par le biais des r\u00e9seaux sociaux, ou \u00e0 l\u2019adresse <strong>contact@cityscoot.eu&nbsp;<\/strong>afin de participer au dispositif. Une possibilit\u00e9 qui n\u2019est pour l\u2019instant offerte qu\u2019\u00e0 Paris et Nice, les deux villes o\u00f9 l&rsquo;entreprise est implant\u00e9e.<\/p>\n\n\n\n<p>RedE, autre expert dans ce domaine, a \u00e9galement pris la d\u00e9cision de proposer gratuitement ses scooters \u00e9lectriques aux professionnels de sant\u00e9 et aux collectivit\u00e9s locales. Il suffit de les contacter par mail \u00e0 <strong>mobilisation@redescooters.fr.<\/strong><\/p>\n\n\n\n<p>Pour ceux qui pr\u00e9f\u00e9reraient profiter du calme des rues d\u00e9peupl\u00e9es, l\u2019entreprise Cyclez propose de leur pr\u00eater des v\u00e9los \u00e0 assistance \u00e9lectrique. Il faut pour cela prendre contact avec <strong>charles.poretz@cyclez.fr<\/strong>.<\/p>\n\n\n\n<p>On ne peut que f\u00e9liciter ces entreprises qui restent impliqu\u00e9s et se mobilisent pour faciliter les d\u00e9placements de nos h\u00e9ros du quotidien. <\/p>\n\n\n\n<p><a rel=\"noreferrer noopener\" href=\"https:\/\/www.peyrac.fr\/devis-assurance-2roues\" target=\"_blank\">DEVIS ET SOUSCRIPTION EN LIGNE EN 2 MN<\/a><br><a rel=\"noreferrer noopener\" href=\"https:\/\/www.peyrac.fr\/devis-assurance-2roues\" target=\"_blank\">Cliquez sur l&rsquo;image ci-dessous<\/a><\/p>\n\n\n\n<figure class=\"wp-block-image\"><a href=\"https:\/\/www.peyrac.fr\/devis-assurance-2roues\"><img data-attachment-id=\"399\" data-permalink=\"https:\/\/www.peyrac.fr\/actualites\/le-groupe-peyrac-assurances-soutient-le-site-maladiecoronavirus-fr\/moto-peyrac\/\" data-orig-file=\"https:\/\/i2.wp.com\/www.peyrac.fr\/actualites\/wp-content\/uploads\/2020\/03\/moto-PEYRAC.png?fit=333%2C252&amp;ssl=1\" data-orig-size=\"333,252\" data-comments-opened=\"1\" data-image-meta=\"{&quot;aperture&quot;:&quot;0&quot;,&quot;credit&quot;:&quot;&quot;,&quot;camera&quot;:&quot;&quot;,&quot;caption&quot;:&quot;&quot;,&quot;created_timestamp&quot;:&quot;0&quot;,&quot;copyright&quot;:&quot;&quot;,&quot;focal_length&quot;:&quot;0&quot;,&quot;iso&quot;:&quot;0&quot;,&quot;shutter_speed&quot;:&quot;0&quot;,&quot;title&quot;:&quot;&quot;,&quot;orientation&quot;:&quot;0&quot;}\" data-image-title=\"moto PEYRAC\" data-image-description=\"\" data-medium-file=\"https:\/\/i2.wp.com\/www.peyrac.fr\/actualites\/wp-content\/uploads\/2020\/03\/moto-PEYRAC.png?fit=300%2C227&amp;ssl=1\" data-large-file=\"https:\/\/i2.wp.com\/www.peyrac.fr\/actualites\/wp-content\/uploads\/2020\/03\/moto-PEYRAC.png?fit=333%2C252&amp;ssl=1\" loading=\"lazy\" width=\"333\" height=\"252\" src=\"https:\/\/i2.wp.com\/www.peyrac.fr\/actualites\/wp-content\/uploads\/2020\/03\/moto-PEYRAC.png?resize=333%2C252\" alt=\"\" class=\"wp-image-399\" srcset=\"https:\/\/i2.wp.com\/www.peyrac.fr\/actualites\/wp-content\/uploads\/2020\/03\/moto-PEYRAC.png?w=333&amp;ssl=1 333w, https:\/\/i2.wp.com\/www.peyrac.fr\/actualites\/wp-content\/uploads\/2020\/03\/moto-PEYRAC.png?resize=300%2C227&amp;ssl=1 300w\" sizes=\"(max-width: 333px) 100vw, 333px\" data-recalc-dims=\"1\" \/><\/a><\/figure>\n","protected":false},"excerpt":{"rendered":"<p>Alors que l\u2019activit\u00e9 mondiale est ralentie \u00e0 cause du virus Covid-19 et des mesures restrictives instaur\u00e9es, quelques entreprises ont d\u00e9cid\u00e9 de rester solidaires. Alors que pour des raisons sanitaires mais surtout \u00e9conomiques, la soci\u00e9t\u00e9 Lime vient d\u2019annoncer qu\u2019elle suspendait son activit\u00e9 de trottinettes et v\u00e9los en libre-service dans une vingtaine de pays, certains op\u00e9rateurs ont pris un chemin diff\u00e9rent. C\u2019est le cas par exemple de Cityscoot qui, lib\u00e9r\u00e9 de sa rivalit\u00e9 avec la soci\u00e9t\u00e9 Coup, a annonc\u00e9 le 21 mars&#8230;<\/p>\n<p class=\"read-more\"><a class=\"btn btn-default\" href=\"https:\/\/www.peyrac.fr\/actualites\/des-scooters-electriques-gratuits-pour-le-personnel-de-sante\/\">Lire la suite<span class=\"screen-reader-text\"> Lire la suite<\/span><\/a><\/p>\n","protected":false},"author":4,"featured_media":0,"comment_status":"open","ping_status":"open","sticky":false,"template":"","format":"standard","meta":{"spay_email":"","jetpack_publicize_message":""},"categories":[1],"tags":[],"jetpack_featured_media_url":"","jetpack_publicize_connections":[],"yoast_head":"<!-- This site is optimized with the Yoast SEO plugin v14.2 - https:\/\/yoast.com\/wordpress\/plugins\/seo\/ -->\n<title>Des scooters \u00e9lectriques gratuits pour le personnel de sant\u00e9 - Actualit\u00e9s<\/title>\n<meta name=\"robots\" content=\"index, follow\" \/>\n<meta name=\"googlebot\" content=\"index, follow, max-snippet:-1, max-image-preview:large, max-video-preview:-1\" \/>\n<meta name=\"bingbot\" content=\"index, follow, max-snippet:-1, max-image-preview:large, max-video-preview:-1\" \/>\n<link rel=\"canonical\" href=\"https:\/\/www.peyrac.fr\/actualites\/des-scooters-electriques-gratuits-pour-le-personnel-de-sante\/\" \/>\n<meta property=\"og:locale\" content=\"fr_FR\" \/>\n<meta property=\"og:type\" content=\"article\" \/>\n<meta property=\"og:title\" content=\"Des scooters \u00e9lectriques gratuits pour le personnel de sant\u00e9 - Actualit\u00e9s\" \/>\n<meta property=\"og:description\" content=\"Alors que l\u2019activit\u00e9 mondiale est ralentie \u00e0 cause du virus Covid-19 et des mesures restrictives instaur\u00e9es, quelques entreprises ont d\u00e9cid\u00e9 de rester solidaires. Alors que pour des raisons sanitaires mais surtout \u00e9conomiques, la soci\u00e9t\u00e9 Lime vient d\u2019annoncer qu\u2019elle suspendait son activit\u00e9 de trottinettes et v\u00e9los en libre-service dans une vingtaine de pays, certains op\u00e9rateurs ont pris un chemin diff\u00e9rent. C\u2019est le cas par exemple de Cityscoot qui, lib\u00e9r\u00e9 de sa rivalit\u00e9 avec la soci\u00e9t\u00e9 Coup, a annonc\u00e9 le 21 mars...Lire la suite Lire la suite\" \/>\n<meta property=\"og:url\" content=\"https:\/\/www.peyrac.fr\/actualites\/des-scooters-electriques-gratuits-pour-le-personnel-de-sante\/\" \/>\n<meta property=\"og:site_name\" content=\"Actualit\u00e9s\" \/>\n<meta property=\"article:publisher\" content=\"https:\/\/fr-fr.facebook.com\/pages\/category\/Insurance-Broker\/Peyrac-Assurances-785156224901716\/\" \/>\n<meta property=\"article:published_time\" content=\"2020-03-26T13:30:45+00:00\" \/>\n<meta property=\"article:modified_time\" content=\"2020-03-26T16:09:55+00:00\" \/>\n<meta property=\"og:image\" content=\"https:\/\/www.peyrac.fr\/actualites\/wp-content\/uploads\/2020\/03\/scooter.jpg\" \/>\n<meta name=\"twitter:card\" content=\"summary\" \/>\n<meta name=\"twitter:creator\" content=\"@PeyracAssurance\" \/>\n<meta name=\"twitter:site\" content=\"@PeyracAssurance\" \/>\n<script type=\"application\/ld+json\" class=\"yoast-schema-graph\">{\"@context\":\"https:\/\/schema.org\",\"@graph\":[{\"@type\":\"WebSite\",\"@id\":\"https:\/\/www.peyrac.fr\/actualites\/#website\",\"url\":\"https:\/\/www.peyrac.fr\/actualites\/\",\"name\":\"Peyrac Assurances\",\"description\":\"\",\"potentialAction\":[{\"@type\":\"SearchAction\",\"target\":\"https:\/\/www.peyrac.fr\/actualites\/?s={search_term_string}\",\"query-input\":\"required name=search_term_string\"}],\"inLanguage\":\"fr-FR\"},{\"@type\":\"ImageObject\",\"@id\":\"https:\/\/www.peyrac.fr\/actualites\/des-scooters-electriques-gratuits-pour-le-personnel-de-sante\/#primaryimage\",\"inLanguage\":\"fr-FR\",\"url\":\"https:\/\/i0.wp.com\/www.peyrac.fr\/actualites\/wp-content\/uploads\/2020\/03\/scooter.jpg?fit=960%2C720&ssl=1\",\"width\":960,\"height\":720},{\"@type\":\"WebPage\",\"@id\":\"https:\/\/www.peyrac.fr\/actualites\/des-scooters-electriques-gratuits-pour-le-personnel-de-sante\/#webpage\",\"url\":\"https:\/\/www.peyrac.fr\/actualites\/des-scooters-electriques-gratuits-pour-le-personnel-de-sante\/\",\"name\":\"Des scooters \\u00e9lectriques gratuits pour le personnel de sant\\u00e9 - Actualit\\u00e9s\",\"isPartOf\":{\"@id\":\"https:\/\/www.peyrac.fr\/actualites\/#website\"},\"primaryImageOfPage\":{\"@id\":\"https:\/\/www.peyrac.fr\/actualites\/des-scooters-electriques-gratuits-pour-le-personnel-de-sante\/#primaryimage\"},\"datePublished\":\"2020-03-26T13:30:45+00:00\",\"dateModified\":\"2020-03-26T16:09:55+00:00\",\"author\":{\"@id\":\"https:\/\/www.peyrac.fr\/actualites\/#\/schema\/person\/162ff8dc4aeb790d0bf315f75b32f724\"},\"breadcrumb\":{\"@id\":\"https:\/\/www.peyrac.fr\/actualites\/des-scooters-electriques-gratuits-pour-le-personnel-de-sante\/#breadcrumb\"},\"inLanguage\":\"fr-FR\",\"potentialAction\":[{\"@type\":\"ReadAction\",\"target\":[\"https:\/\/www.peyrac.fr\/actualites\/des-scooters-electriques-gratuits-pour-le-personnel-de-sante\/\"]}]},{\"@type\":\"BreadcrumbList\",\"@id\":\"https:\/\/www.peyrac.fr\/actualites\/des-scooters-electriques-gratuits-pour-le-personnel-de-sante\/#breadcrumb\",\"itemListElement\":[{\"@type\":\"ListItem\",\"position\":1,\"item\":{\"@type\":\"WebPage\",\"@id\":\"https:\/\/www.peyrac.fr\/actualites\/\",\"url\":\"https:\/\/www.peyrac.fr\/actualites\/\",\"name\":\"Accueil des actualit\\u00e9s\"}},{\"@type\":\"ListItem\",\"position\":2,\"item\":{\"@type\":\"WebPage\",\"@id\":\"https:\/\/www.peyrac.fr\/actualites\/category\/non-classe\/\",\"url\":\"https:\/\/www.peyrac.fr\/actualites\/category\/non-classe\/\",\"name\":\"Non class\\u00e9\"}},{\"@type\":\"ListItem\",\"position\":3,\"item\":{\"@type\":\"WebPage\",\"@id\":\"https:\/\/www.peyrac.fr\/actualites\/des-scooters-electriques-gratuits-pour-le-personnel-de-sante\/\",\"url\":\"https:\/\/www.peyrac.fr\/actualites\/des-scooters-electriques-gratuits-pour-le-personnel-de-sante\/\",\"name\":\"Des scooters \\u00e9lectriques gratuits pour le personnel de sant\\u00e9\"}}]},{\"@type\":[\"Person\"],\"@id\":\"https:\/\/www.peyrac.fr\/actualites\/#\/schema\/person\/162ff8dc4aeb790d0bf315f75b32f724\",\"name\":\"M B\",\"image\":{\"@type\":\"ImageObject\",\"@id\":\"https:\/\/www.peyrac.fr\/actualites\/#personlogo\",\"inLanguage\":\"fr-FR\",\"url\":\"https:\/\/secure.gravatar.com\/avatar\/7095438c901b5d50da8fb9a6f5680d8c?s=96&d=mm&r=g\",\"caption\":\"M B\"}}]}<\/script>\n<!-- \/ Yoast SEO plugin. -->","jetpack_sharing_enabled":true,"jetpack_shortlink":"https:\/\/wp.me\/p9FV2m-6w","jetpack_likes_enabled":true,"jetpack-related-posts":[],"_links":{"self":[{"href":"https:\/\/www.peyrac.fr\/actualites\/wp-json\/wp\/v2\/posts\/404"}],"collection":[{"href":"https:\/\/www.peyrac.fr\/actualites\/wp-json\/wp\/v2\/posts"}],"about":[{"href":"https:\/\/www.peyrac.fr\/actualites\/wp-json\/wp\/v2\/types\/post"}],"author":[{"embeddable":true,"href":"https:\/\/www.peyrac.fr\/actualites\/wp-json\/wp\/v2\/users\/4"}],"replies":[{"embeddable":true,"href":"https:\/\/www.peyrac.fr\/actualites\/wp-json\/wp\/v2\/comments?post=404"}],"version-history":[{"count":4,"href":"https:\/\/www.peyrac.fr\/actualites\/wp-json\/wp\/v2\/posts\/404\/revisions"}],"predecessor-version":[{"id":410,"href":"https:\/\/www.peyrac.fr\/actualites\/wp-json\/wp\/v2\/posts\/404\/revisions\/410"}],"wp:attachment":[{"href":"https:\/\/www.peyrac.fr\/actualites\/wp-json\/wp\/v2\/media?parent=404"}],"wp:term":[{"taxonomy":"category","embeddable":true,"href":"https:\/\/www.peyrac.fr\/actualites\/wp-json\/wp\/v2\/categories?post=404"},{"taxonomy":"post_tag","embeddable":true,"href":"https:\/\/www.peyrac.fr\/actualites\/wp-json\/wp\/v2\/tags?post=404"}],"curies":[{"name":"wp","href":"https:\/\/api.w.org\/{rel}","templated":true}]}}