{"id":411,"date":"2020-03-27T15:58:06","date_gmt":"2020-03-27T14:58:06","guid":{"rendered":"http:\/\/www.peyrac.fr\/actualites\/?p=411"},"modified":"2020-03-27T15:58:10","modified_gmt":"2020-03-27T14:58:10","slug":"non-respect-de-la-reglementation-le-gouvernement-durcie-les-sanctions","status":"publish","type":"post","link":"https:\/\/www.peyrac.fr\/actualites\/non-respect-de-la-reglementation-le-gouvernement-durcie-les-sanctions\/","title":{"rendered":"Non-respect de la r\u00e9glementation, le gouvernement durcie les sanctions"},"content":{"rendered":"\n<div class=\"wp-block-image\"><figure class=\"aligncenter\"><img data-attachment-id=\"412\" data-permalink=\"https:\/\/www.peyrac.fr\/actualites\/non-respect-de-la-reglementation-le-gouvernement-durcie-les-sanctions\/controle\/\" data-orig-file=\"https:\/\/i0.wp.com\/www.peyrac.fr\/actualites\/wp-content\/uploads\/2020\/03\/CONTROLE.jpg?fit=800%2C600&amp;ssl=1\" data-orig-size=\"800,600\" data-comments-opened=\"1\" data-image-meta=\"{&quot;aperture&quot;:&quot;0&quot;,&quot;credit&quot;:&quot;&quot;,&quot;camera&quot;:&quot;&quot;,&quot;caption&quot;:&quot;&quot;,&quot;created_timestamp&quot;:&quot;0&quot;,&quot;copyright&quot;:&quot;&quot;,&quot;focal_length&quot;:&quot;0&quot;,&quot;iso&quot;:&quot;0&quot;,&quot;shutter_speed&quot;:&quot;0&quot;,&quot;title&quot;:&quot;&quot;,&quot;orientation&quot;:&quot;0&quot;}\" data-image-title=\"CONTROLE\" data-image-description=\"\" data-medium-file=\"https:\/\/i0.wp.com\/www.peyrac.fr\/actualites\/wp-content\/uploads\/2020\/03\/CONTROLE.jpg?fit=300%2C225&amp;ssl=1\" data-large-file=\"https:\/\/i0.wp.com\/www.peyrac.fr\/actualites\/wp-content\/uploads\/2020\/03\/CONTROLE.jpg?fit=640%2C480&amp;ssl=1\" loading=\"lazy\" width=\"640\" height=\"480\" src=\"https:\/\/i0.wp.com\/www.peyrac.fr\/actualites\/wp-content\/uploads\/2020\/03\/CONTROLE.jpg?resize=640%2C480&#038;ssl=1\" alt=\"\" class=\"wp-image-412\" srcset=\"https:\/\/i0.wp.com\/www.peyrac.fr\/actualites\/wp-content\/uploads\/2020\/03\/CONTROLE.jpg?w=800&amp;ssl=1 800w, https:\/\/i0.wp.com\/www.peyrac.fr\/actualites\/wp-content\/uploads\/2020\/03\/CONTROLE.jpg?resize=300%2C225&amp;ssl=1 300w, https:\/\/i0.wp.com\/www.peyrac.fr\/actualites\/wp-content\/uploads\/2020\/03\/CONTROLE.jpg?resize=768%2C576&amp;ssl=1 768w, https:\/\/i0.wp.com\/www.peyrac.fr\/actualites\/wp-content\/uploads\/2020\/03\/CONTROLE.jpg?resize=360%2C270&amp;ssl=1 360w\" sizes=\"(max-width: 640px) 100vw, 640px\" data-recalc-dims=\"1\" \/><\/figure><\/div>\n\n\n\n<p>Il est exasp\u00e9rant de voir encore trop de\npersonnes inconscientes aller \u00e0 l\u2019encontre des mesures restrictives sans motif\nvalable. Le message d\u00e9livr\u00e9 par &nbsp;le gouvernement\nse veut clair, le confinement est indispensable et reste le moyen de plus\nefficace pour lutter contrat la propagation du virus. <\/p>\n\n\n\n<p>C\u2019est pour faire front \u00e0 ces comportements r\u00e9calcitrants qu\u2019il a d\u00e9cid\u00e9 d\u2019aller encore plus loin. L&rsquo;Assembl\u00e9e Nationale a ainsi d\u00e9cid\u00e9 de voter un nouvel amendement qui permettra le durcissement des sanctions. Les r\u00e9cidivistes encourront d\u00e9sormais de lourdes contraventions, des peines de prison ainsi qu\u2019une suspension de permis de conduire pouvant s\u2019\u00e9tendre \u00e0 trois ans.<\/p>\n\n\n\n<p>En effet, bien que la sanction initiale fix\u00e9e \u00e0 135 euros demeure la m\u00eame, elle sera d\u00e9sormais de 1500 euros pour toutes r\u00e9cidives dans un d\u00e9lai de 15 jours. A partir de trois infractions constat\u00e9es dans les 30 jours, vous serez dor\u00e9navant en situation de d\u00e9lit, ce qui signifie une peine de six mois d&#8217;emprisonnement et 3 700 \u20ac d&rsquo;amende dans le cadre d&rsquo;une proc\u00e9dure de comparution imm\u00e9diate.<\/p>\n\n\n\n<p>Il est regrettable qu\u2019il soit n\u00e9cessaire d\u2019appliquer de telles sanctions pour veiller au respect des mesures prises pour pr\u00e9server la sant\u00e9 de tous. Alors bien que les termes \u00ab restez chez vous \u00bb raisonnent d\u00e9j\u00e0 dans l\u2019esprit de beaucoup, nous prions les plus r\u00e9fractaires de prendre rapidement conscience du danger qu\u2019ils repr\u00e9sentent.<\/p>\n\n\n\n<p><a rel=\"noreferrer noopener\" href=\"https:\/\/www.peyrac.fr\/devis-assurance-2roues\" target=\"_blank\">DEVIS ET SOUSCRIPTION EN LIGNE EN 2 MN<\/a><br><a rel=\"noreferrer noopener\" href=\"https:\/\/www.peyrac.fr\/devis-assurance-2roues\" target=\"_blank\">Cliquez sur l&rsquo;image ci-dessous<\/a><\/p>\n\n\n\n<figure class=\"wp-block-image\"><a href=\"https:\/\/www.peyrac.fr\/devis-assurance-2roues\"><img src=\"https:\/\/i0.wp.com\/www.peyrac.fr\/img\/produits\/moto.png?w=640&#038;ssl=1\" alt=\"\" data-recalc-dims=\"1\"\/><\/a><\/figure>\n","protected":false},"excerpt":{"rendered":"<p>Il est exasp\u00e9rant de voir encore trop de personnes inconscientes aller \u00e0 l\u2019encontre des mesures restrictives sans motif valable. Le message d\u00e9livr\u00e9 par &nbsp;le gouvernement se veut clair, le confinement est indispensable et reste le moyen de plus efficace pour lutter contrat la propagation du virus. C\u2019est pour faire front \u00e0 ces comportements r\u00e9calcitrants qu\u2019il a d\u00e9cid\u00e9 d\u2019aller encore plus loin. L&rsquo;Assembl\u00e9e Nationale a ainsi d\u00e9cid\u00e9 de voter un nouvel amendement qui permettra le durcissement des sanctions. Les r\u00e9cidivistes encourront&#8230;<\/p>\n<p class=\"read-more\"><a class=\"btn btn-default\" href=\"https:\/\/www.peyrac.fr\/actualites\/non-respect-de-la-reglementation-le-gouvernement-durcie-les-sanctions\/\">Lire la suite<span class=\"screen-reader-text\"> Lire la suite<\/span><\/a><\/p>\n","protected":false},"author":4,"featured_media":0,"comment_status":"open","ping_status":"open","sticky":false,"template":"","format":"standard","meta":{"spay_email":"","jetpack_publicize_message":""},"categories":[1],"tags":[],"jetpack_featured_media_url":"","jetpack_publicize_connections":[],"yoast_head":"<!-- This site is optimized with the Yoast SEO plugin v14.2 - https:\/\/yoast.com\/wordpress\/plugins\/seo\/ -->\n<title>Non-respect de la r\u00e9glementation, le gouvernement durcie les sanctions - Actualit\u00e9s<\/title>\n<meta name=\"robots\" content=\"index, follow\" \/>\n<meta name=\"googlebot\" content=\"index, follow, max-snippet:-1, max-image-preview:large, max-video-preview:-1\" \/>\n<meta name=\"bingbot\" content=\"index, follow, max-snippet:-1, max-image-preview:large, max-video-preview:-1\" \/>\n<link rel=\"canonical\" href=\"https:\/\/www.peyrac.fr\/actualites\/non-respect-de-la-reglementation-le-gouvernement-durcie-les-sanctions\/\" \/>\n<meta property=\"og:locale\" content=\"fr_FR\" \/>\n<meta property=\"og:type\" content=\"article\" \/>\n<meta property=\"og:title\" content=\"Non-respect de la r\u00e9glementation, le gouvernement durcie les sanctions - Actualit\u00e9s\" \/>\n<meta property=\"og:description\" content=\"Il est exasp\u00e9rant de voir encore trop de personnes inconscientes aller \u00e0 l\u2019encontre des mesures restrictives sans motif valable. Le message d\u00e9livr\u00e9 par &nbsp;le gouvernement se veut clair, le confinement est indispensable et reste le moyen de plus efficace pour lutter contrat la propagation du virus. C\u2019est pour faire front \u00e0 ces comportements r\u00e9calcitrants qu\u2019il a d\u00e9cid\u00e9 d\u2019aller encore plus loin. L&rsquo;Assembl\u00e9e Nationale a ainsi d\u00e9cid\u00e9 de voter un nouvel amendement qui permettra le durcissement des sanctions. Les r\u00e9cidivistes encourront...Lire la suite Lire la suite\" \/>\n<meta property=\"og:url\" content=\"https:\/\/www.peyrac.fr\/actualites\/non-respect-de-la-reglementation-le-gouvernement-durcie-les-sanctions\/\" \/>\n<meta property=\"og:site_name\" content=\"Actualit\u00e9s\" \/>\n<meta property=\"article:publisher\" content=\"https:\/\/fr-fr.facebook.com\/pages\/category\/Insurance-Broker\/Peyrac-Assurances-785156224901716\/\" \/>\n<meta property=\"article:published_time\" content=\"2020-03-27T14:58:06+00:00\" \/>\n<meta property=\"article:modified_time\" content=\"2020-03-27T14:58:10+00:00\" \/>\n<meta property=\"og:image\" content=\"https:\/\/www.peyrac.fr\/actualites\/wp-content\/uploads\/2020\/03\/CONTROLE.jpg\" \/>\n<meta name=\"twitter:card\" content=\"summary\" \/>\n<meta name=\"twitter:creator\" content=\"@PeyracAssurance\" \/>\n<meta name=\"twitter:site\" content=\"@PeyracAssurance\" \/>\n<script type=\"application\/ld+json\" class=\"yoast-schema-graph\">{\"@context\":\"https:\/\/schema.org\",\"@graph\":[{\"@type\":\"WebSite\",\"@id\":\"https:\/\/www.peyrac.fr\/actualites\/#website\",\"url\":\"https:\/\/www.peyrac.fr\/actualites\/\",\"name\":\"Peyrac Assurances\",\"description\":\"\",\"potentialAction\":[{\"@type\":\"SearchAction\",\"target\":\"https:\/\/www.peyrac.fr\/actualites\/?s={search_term_string}\",\"query-input\":\"required name=search_term_string\"}],\"inLanguage\":\"fr-FR\"},{\"@type\":\"ImageObject\",\"@id\":\"https:\/\/www.peyrac.fr\/actualites\/non-respect-de-la-reglementation-le-gouvernement-durcie-les-sanctions\/#primaryimage\",\"inLanguage\":\"fr-FR\",\"url\":\"https:\/\/i0.wp.com\/www.peyrac.fr\/actualites\/wp-content\/uploads\/2020\/03\/CONTROLE.jpg?fit=800%2C600&ssl=1\",\"width\":800,\"height\":600},{\"@type\":\"WebPage\",\"@id\":\"https:\/\/www.peyrac.fr\/actualites\/non-respect-de-la-reglementation-le-gouvernement-durcie-les-sanctions\/#webpage\",\"url\":\"https:\/\/www.peyrac.fr\/actualites\/non-respect-de-la-reglementation-le-gouvernement-durcie-les-sanctions\/\",\"name\":\"Non-respect de la r\\u00e9glementation, le gouvernement durcie les sanctions - Actualit\\u00e9s\",\"isPartOf\":{\"@id\":\"https:\/\/www.peyrac.fr\/actualites\/#website\"},\"primaryImageOfPage\":{\"@id\":\"https:\/\/www.peyrac.fr\/actualites\/non-respect-de-la-reglementation-le-gouvernement-durcie-les-sanctions\/#primaryimage\"},\"datePublished\":\"2020-03-27T14:58:06+00:00\",\"dateModified\":\"2020-03-27T14:58:10+00:00\",\"author\":{\"@id\":\"https:\/\/www.peyrac.fr\/actualites\/#\/schema\/person\/162ff8dc4aeb790d0bf315f75b32f724\"},\"breadcrumb\":{\"@id\":\"https:\/\/www.peyrac.fr\/actualites\/non-respect-de-la-reglementation-le-gouvernement-durcie-les-sanctions\/#breadcrumb\"},\"inLanguage\":\"fr-FR\",\"potentialAction\":[{\"@type\":\"ReadAction\",\"target\":[\"https:\/\/www.peyrac.fr\/actualites\/non-respect-de-la-reglementation-le-gouvernement-durcie-les-sanctions\/\"]}]},{\"@type\":\"BreadcrumbList\",\"@id\":\"https:\/\/www.peyrac.fr\/actualites\/non-respect-de-la-reglementation-le-gouvernement-durcie-les-sanctions\/#breadcrumb\",\"itemListElement\":[{\"@type\":\"ListItem\",\"position\":1,\"item\":{\"@type\":\"WebPage\",\"@id\":\"https:\/\/www.peyrac.fr\/actualites\/\",\"url\":\"https:\/\/www.peyrac.fr\/actualites\/\",\"name\":\"Accueil des actualit\\u00e9s\"}},{\"@type\":\"ListItem\",\"position\":2,\"item\":{\"@type\":\"WebPage\",\"@id\":\"https:\/\/www.peyrac.fr\/actualites\/category\/non-classe\/\",\"url\":\"https:\/\/www.peyrac.fr\/actualites\/category\/non-classe\/\",\"name\":\"Non class\\u00e9\"}},{\"@type\":\"ListItem\",\"position\":3,\"item\":{\"@type\":\"WebPage\",\"@id\":\"https:\/\/www.peyrac.fr\/actualites\/non-respect-de-la-reglementation-le-gouvernement-durcie-les-sanctions\/\",\"url\":\"https:\/\/www.peyrac.fr\/actualites\/non-respect-de-la-reglementation-le-gouvernement-durcie-les-sanctions\/\",\"name\":\"Non-respect de la r\\u00e9glementation, le gouvernement durcie les sanctions\"}}]},{\"@type\":[\"Person\"],\"@id\":\"https:\/\/www.peyrac.fr\/actualites\/#\/schema\/person\/162ff8dc4aeb790d0bf315f75b32f724\",\"name\":\"M B\",\"image\":{\"@type\":\"ImageObject\",\"@id\":\"https:\/\/www.peyrac.fr\/actualites\/#personlogo\",\"inLanguage\":\"fr-FR\",\"url\":\"https:\/\/secure.gravatar.com\/avatar\/7095438c901b5d50da8fb9a6f5680d8c?s=96&d=mm&r=g\",\"caption\":\"M B\"}}]}<\/script>\n<!-- \/ Yoast SEO plugin. -->","jetpack_sharing_enabled":true,"jetpack_shortlink":"https:\/\/wp.me\/p9FV2m-6D","jetpack_likes_enabled":true,"jetpack-related-posts":[],"_links":{"self":[{"href":"https:\/\/www.peyrac.fr\/actualites\/wp-json\/wp\/v2\/posts\/411"}],"collection":[{"href":"https:\/\/www.peyrac.fr\/actualites\/wp-json\/wp\/v2\/posts"}],"about":[{"href":"https:\/\/www.peyrac.fr\/actualites\/wp-json\/wp\/v2\/types\/post"}],"author":[{"embeddable":true,"href":"https:\/\/www.peyrac.fr\/actualites\/wp-json\/wp\/v2\/users\/4"}],"replies":[{"embeddable":true,"href":"https:\/\/www.peyrac.fr\/actualites\/wp-json\/wp\/v2\/comments?post=411"}],"version-history":[{"count":4,"href":"https:\/\/www.peyrac.fr\/actualites\/wp-json\/wp\/v2\/posts\/411\/revisions"}],"predecessor-version":[{"id":416,"href":"https:\/\/www.peyrac.fr\/actualites\/wp-json\/wp\/v2\/posts\/411\/revisions\/416"}],"wp:attachment":[{"href":"https:\/\/www.peyrac.fr\/actualites\/wp-json\/wp\/v2\/media?parent=411"}],"wp:term":[{"taxonomy":"category","embeddable":true,"href":"https:\/\/www.peyrac.fr\/actualites\/wp-json\/wp\/v2\/categories?post=411"},{"taxonomy":"post_tag","embeddable":true,"href":"https:\/\/www.peyrac.fr\/actualites\/wp-json\/wp\/v2\/tags?post=411"}],"curies":[{"name":"wp","href":"https:\/\/api.w.org\/{rel}","templated":true}]}}