{"id":425,"date":"2020-04-06T15:46:06","date_gmt":"2020-04-06T13:46:06","guid":{"rendered":"http:\/\/www.peyrac.fr\/actualites\/?p=425"},"modified":"2020-04-06T15:46:07","modified_gmt":"2020-04-06T13:46:07","slug":"les-salons-de-lauto-et-de-la-moto-officiellement-annules","status":"publish","type":"post","link":"https:\/\/www.peyrac.fr\/actualites\/les-salons-de-lauto-et-de-la-moto-officiellement-annules\/","title":{"rendered":"Les Salons de l&rsquo;Auto et de la Moto officiellement annul\u00e9s"},"content":{"rendered":"\n<div class=\"wp-block-image\"><figure class=\"aligncenter\"><img data-attachment-id=\"426\" data-permalink=\"https:\/\/www.peyrac.fr\/actualites\/les-salons-de-lauto-et-de-la-moto-officiellement-annules\/salonmoto\/\" data-orig-file=\"https:\/\/i0.wp.com\/www.peyrac.fr\/actualites\/wp-content\/uploads\/2020\/04\/salonmoto.png?fit=728%2C470&amp;ssl=1\" data-orig-size=\"728,470\" data-comments-opened=\"1\" data-image-meta=\"{&quot;aperture&quot;:&quot;0&quot;,&quot;credit&quot;:&quot;&quot;,&quot;camera&quot;:&quot;&quot;,&quot;caption&quot;:&quot;&quot;,&quot;created_timestamp&quot;:&quot;0&quot;,&quot;copyright&quot;:&quot;&quot;,&quot;focal_length&quot;:&quot;0&quot;,&quot;iso&quot;:&quot;0&quot;,&quot;shutter_speed&quot;:&quot;0&quot;,&quot;title&quot;:&quot;&quot;,&quot;orientation&quot;:&quot;0&quot;}\" data-image-title=\"salonmoto\" data-image-description=\"\" data-medium-file=\"https:\/\/i0.wp.com\/www.peyrac.fr\/actualites\/wp-content\/uploads\/2020\/04\/salonmoto.png?fit=300%2C194&amp;ssl=1\" data-large-file=\"https:\/\/i0.wp.com\/www.peyrac.fr\/actualites\/wp-content\/uploads\/2020\/04\/salonmoto.png?fit=640%2C413&amp;ssl=1\" loading=\"lazy\" width=\"640\" height=\"413\" src=\"https:\/\/i0.wp.com\/www.peyrac.fr\/actualites\/wp-content\/uploads\/2020\/04\/salonmoto.png?resize=640%2C413&#038;ssl=1\" alt=\"\" class=\"wp-image-426\" srcset=\"https:\/\/i0.wp.com\/www.peyrac.fr\/actualites\/wp-content\/uploads\/2020\/04\/salonmoto.png?w=728&amp;ssl=1 728w, https:\/\/i0.wp.com\/www.peyrac.fr\/actualites\/wp-content\/uploads\/2020\/04\/salonmoto.png?resize=300%2C194&amp;ssl=1 300w, https:\/\/i0.wp.com\/www.peyrac.fr\/actualites\/wp-content\/uploads\/2020\/04\/salonmoto.png?resize=418%2C270&amp;ssl=1 418w\" sizes=\"(max-width: 640px) 100vw, 640px\" data-recalc-dims=\"1\" \/><\/figure><\/div>\n\n\n\n<p>Cela faisait plusieurs jours que nous en entendions parler et c\u2019est d\u00e9sormais confirm\u00e9, le Mondial de l\u2019Auto 2020 de Paris n\u2019aura pas lieu. Pr\u00e9vu dans plus de six mois, il est une nouvelle victime collat\u00e9rale de la pand\u00e9mie. L\u2019annulation&nbsp;concerne \u00e9galement le salon de la moto qui devait se d\u00e9rouler en m\u00eame temps.<\/p>\n\n\n\n<p>Bien que la traditionnelle exposition ait \u00e9t\u00e9 supprim\u00e9e, les organisateurs vont tenter de maintenir certains \u00e9v\u00e9nements organis\u00e9s en parall\u00e8le. Le Salon de la moto ne se teindra pas non plus sous sa forme initiale. Les \u00e9quipes cherchent des solutions pour conserver quelques \u00e9v\u00e9nements tels que les pr\u00e9sentations de mod\u00e8les par exemple. Certains ont encore l\u2019espoir de voir le salon ouvrir ses portes, c\u2019est tout ce qu\u2019on souhaite \u00e0 nos aficionados et surtout \u00e0 l\u2019ensemble du secteur automobile qui sera sans aucun doute tr\u00e8s s\u00e9v\u00e8rement impact\u00e9 par son annulation.<\/p>\n\n\n\n<p><a rel=\"noreferrer noopener\" href=\"https:\/\/www.peyrac.fr\/devis-assurance-2roues\" target=\"_blank\">DEVIS ET SOUSCRIPTION EN LIGNE EN 2 MN<\/a><br><a rel=\"noreferrer noopener\" href=\"https:\/\/www.peyrac.fr\/devis-assurance-2roues\" target=\"_blank\">Cliquez sur l&rsquo;image ci-dessous<\/a><\/p>\n\n\n\n<figure class=\"wp-block-image is-resized\"><a href=\"https:\/\/www.peyrac.fr\/devis-assurance-2roues\"><img loading=\"lazy\" src=\"https:\/\/i0.wp.com\/www.peyrac.fr\/img\/produits\/moto.png?resize=360%2C272&#038;ssl=1\" alt=\"\" width=\"360\" height=\"272\" data-recalc-dims=\"1\" \/><\/a><\/figure>\n","protected":false},"excerpt":{"rendered":"<p>Cela faisait plusieurs jours que nous en entendions parler et c\u2019est d\u00e9sormais confirm\u00e9, le Mondial de l\u2019Auto 2020 de Paris n\u2019aura pas lieu. Pr\u00e9vu dans plus de six mois, il est une nouvelle victime collat\u00e9rale de la pand\u00e9mie. L\u2019annulation&nbsp;concerne \u00e9galement le salon de la moto qui devait se d\u00e9rouler en m\u00eame temps. Bien que la traditionnelle exposition ait \u00e9t\u00e9 supprim\u00e9e, les organisateurs vont tenter de maintenir certains \u00e9v\u00e9nements organis\u00e9s en parall\u00e8le. Le Salon de la moto ne se teindra pas&#8230;<\/p>\n<p class=\"read-more\"><a class=\"btn btn-default\" href=\"https:\/\/www.peyrac.fr\/actualites\/les-salons-de-lauto-et-de-la-moto-officiellement-annules\/\">Lire la suite<span class=\"screen-reader-text\"> Lire la suite<\/span><\/a><\/p>\n","protected":false},"author":4,"featured_media":0,"comment_status":"open","ping_status":"open","sticky":false,"template":"","format":"standard","meta":{"spay_email":"","jetpack_publicize_message":""},"categories":[1],"tags":[],"jetpack_featured_media_url":"","jetpack_publicize_connections":[],"yoast_head":"<!-- This site is optimized with the Yoast SEO plugin v14.2 - https:\/\/yoast.com\/wordpress\/plugins\/seo\/ -->\n<title>Les Salons de l&#039;Auto et de la Moto officiellement annul\u00e9s - Actualit\u00e9s<\/title>\n<meta name=\"robots\" content=\"index, follow\" \/>\n<meta name=\"googlebot\" content=\"index, follow, max-snippet:-1, max-image-preview:large, max-video-preview:-1\" \/>\n<meta name=\"bingbot\" content=\"index, follow, max-snippet:-1, max-image-preview:large, max-video-preview:-1\" \/>\n<link rel=\"canonical\" href=\"https:\/\/www.peyrac.fr\/actualites\/les-salons-de-lauto-et-de-la-moto-officiellement-annules\/\" \/>\n<meta property=\"og:locale\" content=\"fr_FR\" \/>\n<meta property=\"og:type\" content=\"article\" \/>\n<meta property=\"og:title\" content=\"Les Salons de l&#039;Auto et de la Moto officiellement annul\u00e9s - Actualit\u00e9s\" \/>\n<meta property=\"og:description\" content=\"Cela faisait plusieurs jours que nous en entendions parler et c\u2019est d\u00e9sormais confirm\u00e9, le Mondial de l\u2019Auto 2020 de Paris n\u2019aura pas lieu. Pr\u00e9vu dans plus de six mois, il est une nouvelle victime collat\u00e9rale de la pand\u00e9mie. L\u2019annulation&nbsp;concerne \u00e9galement le salon de la moto qui devait se d\u00e9rouler en m\u00eame temps. Bien que la traditionnelle exposition ait \u00e9t\u00e9 supprim\u00e9e, les organisateurs vont tenter de maintenir certains \u00e9v\u00e9nements organis\u00e9s en parall\u00e8le. Le Salon de la moto ne se teindra pas...Lire la suite Lire la suite\" \/>\n<meta property=\"og:url\" content=\"https:\/\/www.peyrac.fr\/actualites\/les-salons-de-lauto-et-de-la-moto-officiellement-annules\/\" \/>\n<meta property=\"og:site_name\" content=\"Actualit\u00e9s\" \/>\n<meta property=\"article:publisher\" content=\"https:\/\/fr-fr.facebook.com\/pages\/category\/Insurance-Broker\/Peyrac-Assurances-785156224901716\/\" \/>\n<meta property=\"article:published_time\" content=\"2020-04-06T13:46:06+00:00\" \/>\n<meta property=\"article:modified_time\" content=\"2020-04-06T13:46:07+00:00\" \/>\n<meta property=\"og:image\" content=\"https:\/\/www.peyrac.fr\/actualites\/wp-content\/uploads\/2020\/04\/salonmoto.png\" \/>\n<meta name=\"twitter:card\" content=\"summary\" \/>\n<meta name=\"twitter:creator\" content=\"@PeyracAssurance\" \/>\n<meta name=\"twitter:site\" content=\"@PeyracAssurance\" \/>\n<script type=\"application\/ld+json\" class=\"yoast-schema-graph\">{\"@context\":\"https:\/\/schema.org\",\"@graph\":[{\"@type\":\"WebSite\",\"@id\":\"https:\/\/www.peyrac.fr\/actualites\/#website\",\"url\":\"https:\/\/www.peyrac.fr\/actualites\/\",\"name\":\"Peyrac Assurances\",\"description\":\"\",\"potentialAction\":[{\"@type\":\"SearchAction\",\"target\":\"https:\/\/www.peyrac.fr\/actualites\/?s={search_term_string}\",\"query-input\":\"required name=search_term_string\"}],\"inLanguage\":\"fr-FR\"},{\"@type\":\"ImageObject\",\"@id\":\"https:\/\/www.peyrac.fr\/actualites\/les-salons-de-lauto-et-de-la-moto-officiellement-annules\/#primaryimage\",\"inLanguage\":\"fr-FR\",\"url\":\"https:\/\/i0.wp.com\/www.peyrac.fr\/actualites\/wp-content\/uploads\/2020\/04\/salonmoto.png?fit=728%2C470&ssl=1\",\"width\":728,\"height\":470},{\"@type\":\"WebPage\",\"@id\":\"https:\/\/www.peyrac.fr\/actualites\/les-salons-de-lauto-et-de-la-moto-officiellement-annules\/#webpage\",\"url\":\"https:\/\/www.peyrac.fr\/actualites\/les-salons-de-lauto-et-de-la-moto-officiellement-annules\/\",\"name\":\"Les Salons de l'Auto et de la Moto officiellement annul\\u00e9s - Actualit\\u00e9s\",\"isPartOf\":{\"@id\":\"https:\/\/www.peyrac.fr\/actualites\/#website\"},\"primaryImageOfPage\":{\"@id\":\"https:\/\/www.peyrac.fr\/actualites\/les-salons-de-lauto-et-de-la-moto-officiellement-annules\/#primaryimage\"},\"datePublished\":\"2020-04-06T13:46:06+00:00\",\"dateModified\":\"2020-04-06T13:46:07+00:00\",\"author\":{\"@id\":\"https:\/\/www.peyrac.fr\/actualites\/#\/schema\/person\/162ff8dc4aeb790d0bf315f75b32f724\"},\"breadcrumb\":{\"@id\":\"https:\/\/www.peyrac.fr\/actualites\/les-salons-de-lauto-et-de-la-moto-officiellement-annules\/#breadcrumb\"},\"inLanguage\":\"fr-FR\",\"potentialAction\":[{\"@type\":\"ReadAction\",\"target\":[\"https:\/\/www.peyrac.fr\/actualites\/les-salons-de-lauto-et-de-la-moto-officiellement-annules\/\"]}]},{\"@type\":\"BreadcrumbList\",\"@id\":\"https:\/\/www.peyrac.fr\/actualites\/les-salons-de-lauto-et-de-la-moto-officiellement-annules\/#breadcrumb\",\"itemListElement\":[{\"@type\":\"ListItem\",\"position\":1,\"item\":{\"@type\":\"WebPage\",\"@id\":\"https:\/\/www.peyrac.fr\/actualites\/\",\"url\":\"https:\/\/www.peyrac.fr\/actualites\/\",\"name\":\"Accueil des actualit\\u00e9s\"}},{\"@type\":\"ListItem\",\"position\":2,\"item\":{\"@type\":\"WebPage\",\"@id\":\"https:\/\/www.peyrac.fr\/actualites\/category\/non-classe\/\",\"url\":\"https:\/\/www.peyrac.fr\/actualites\/category\/non-classe\/\",\"name\":\"Non class\\u00e9\"}},{\"@type\":\"ListItem\",\"position\":3,\"item\":{\"@type\":\"WebPage\",\"@id\":\"https:\/\/www.peyrac.fr\/actualites\/les-salons-de-lauto-et-de-la-moto-officiellement-annules\/\",\"url\":\"https:\/\/www.peyrac.fr\/actualites\/les-salons-de-lauto-et-de-la-moto-officiellement-annules\/\",\"name\":\"Les Salons de l&rsquo;Auto et de la Moto officiellement annul\\u00e9s\"}}]},{\"@type\":[\"Person\"],\"@id\":\"https:\/\/www.peyrac.fr\/actualites\/#\/schema\/person\/162ff8dc4aeb790d0bf315f75b32f724\",\"name\":\"M B\",\"image\":{\"@type\":\"ImageObject\",\"@id\":\"https:\/\/www.peyrac.fr\/actualites\/#personlogo\",\"inLanguage\":\"fr-FR\",\"url\":\"https:\/\/secure.gravatar.com\/avatar\/7095438c901b5d50da8fb9a6f5680d8c?s=96&d=mm&r=g\",\"caption\":\"M B\"}}]}<\/script>\n<!-- \/ Yoast SEO plugin. -->","jetpack_sharing_enabled":true,"jetpack_shortlink":"https:\/\/wp.me\/p9FV2m-6R","jetpack_likes_enabled":true,"jetpack-related-posts":[],"_links":{"self":[{"href":"https:\/\/www.peyrac.fr\/actualites\/wp-json\/wp\/v2\/posts\/425"}],"collection":[{"href":"https:\/\/www.peyrac.fr\/actualites\/wp-json\/wp\/v2\/posts"}],"about":[{"href":"https:\/\/www.peyrac.fr\/actualites\/wp-json\/wp\/v2\/types\/post"}],"author":[{"embeddable":true,"href":"https:\/\/www.peyrac.fr\/actualites\/wp-json\/wp\/v2\/users\/4"}],"replies":[{"embeddable":true,"href":"https:\/\/www.peyrac.fr\/actualites\/wp-json\/wp\/v2\/comments?post=425"}],"version-history":[{"count":5,"href":"https:\/\/www.peyrac.fr\/actualites\/wp-json\/wp\/v2\/posts\/425\/revisions"}],"predecessor-version":[{"id":432,"href":"https:\/\/www.peyrac.fr\/actualites\/wp-json\/wp\/v2\/posts\/425\/revisions\/432"}],"wp:attachment":[{"href":"https:\/\/www.peyrac.fr\/actualites\/wp-json\/wp\/v2\/media?parent=425"}],"wp:term":[{"taxonomy":"category","embeddable":true,"href":"https:\/\/www.peyrac.fr\/actualites\/wp-json\/wp\/v2\/categories?post=425"},{"taxonomy":"post_tag","embeddable":true,"href":"https:\/\/www.peyrac.fr\/actualites\/wp-json\/wp\/v2\/tags?post=425"}],"curies":[{"name":"wp","href":"https:\/\/api.w.org\/{rel}","templated":true}]}}