{"id":443,"date":"2020-04-10T12:00:59","date_gmt":"2020-04-10T10:00:59","guid":{"rendered":"http:\/\/www.peyrac.fr\/actualites\/?p=443"},"modified":"2020-04-10T12:01:01","modified_gmt":"2020-04-10T10:01:01","slug":"convertir-sa-moto-ou-scooter-thermique-en-electrique-cest-desormais-possible","status":"publish","type":"post","link":"https:\/\/www.peyrac.fr\/actualites\/convertir-sa-moto-ou-scooter-thermique-en-electrique-cest-desormais-possible\/","title":{"rendered":"Convertir sa moto ou scooter thermique en \u00e9lectrique, c&rsquo;est d\u00e9sormais possible"},"content":{"rendered":"\n<div class=\"wp-block-image\"><figure class=\"aligncenter\"><img data-attachment-id=\"444\" data-permalink=\"https:\/\/www.peyrac.fr\/actualites\/convertir-sa-moto-ou-scooter-thermique-en-electrique-cest-desormais-possible\/moto-elc\/\" data-orig-file=\"https:\/\/i0.wp.com\/www.peyrac.fr\/actualites\/wp-content\/uploads\/2020\/04\/moto-elc.jpg?fit=900%2C630&amp;ssl=1\" data-orig-size=\"900,630\" data-comments-opened=\"1\" data-image-meta=\"{&quot;aperture&quot;:&quot;0&quot;,&quot;credit&quot;:&quot;&quot;,&quot;camera&quot;:&quot;&quot;,&quot;caption&quot;:&quot;&quot;,&quot;created_timestamp&quot;:&quot;0&quot;,&quot;copyright&quot;:&quot;&quot;,&quot;focal_length&quot;:&quot;0&quot;,&quot;iso&quot;:&quot;0&quot;,&quot;shutter_speed&quot;:&quot;0&quot;,&quot;title&quot;:&quot;&quot;,&quot;orientation&quot;:&quot;0&quot;}\" data-image-title=\"moto elc\" data-image-description=\"\" data-medium-file=\"https:\/\/i0.wp.com\/www.peyrac.fr\/actualites\/wp-content\/uploads\/2020\/04\/moto-elc.jpg?fit=300%2C210&amp;ssl=1\" data-large-file=\"https:\/\/i0.wp.com\/www.peyrac.fr\/actualites\/wp-content\/uploads\/2020\/04\/moto-elc.jpg?fit=640%2C448&amp;ssl=1\" loading=\"lazy\" width=\"640\" height=\"448\" src=\"https:\/\/i0.wp.com\/www.peyrac.fr\/actualites\/wp-content\/uploads\/2020\/04\/moto-elc.jpg?resize=640%2C448&#038;ssl=1\" alt=\"\" class=\"wp-image-444\" srcset=\"https:\/\/i0.wp.com\/www.peyrac.fr\/actualites\/wp-content\/uploads\/2020\/04\/moto-elc.jpg?w=900&amp;ssl=1 900w, https:\/\/i0.wp.com\/www.peyrac.fr\/actualites\/wp-content\/uploads\/2020\/04\/moto-elc.jpg?resize=300%2C210&amp;ssl=1 300w, https:\/\/i0.wp.com\/www.peyrac.fr\/actualites\/wp-content\/uploads\/2020\/04\/moto-elc.jpg?resize=768%2C538&amp;ssl=1 768w, https:\/\/i0.wp.com\/www.peyrac.fr\/actualites\/wp-content\/uploads\/2020\/04\/moto-elc.jpg?resize=386%2C270&amp;ssl=1 386w\" sizes=\"(max-width: 640px) 100vw, 640px\" data-recalc-dims=\"1\" \/><\/figure><\/div>\n\n\n\n<p>La France a \u00e9t\u00e9 l\u2019un des derniers pays europ\u00e9ens \u00e0 se positionner de fa\u00e7on officielle sur la conversion des v\u00e9hicules thermiques en \u00e9lectriques. Ce n\u2019est que depuis ce vendredi 3 avril que l\u2019Arr\u00eat\u00e9 concernant le R\u00e9trofit a \u00e9t\u00e9 publi\u00e9 au Journal Officiel. Il autorise d\u00e9sormais&nbsp; la conversion des v\u00e9hicules thermiques auto ou&nbsp; moto &nbsp;\u00e0 l\u2019\u00e9lectrique, par l\u2019installation d\u2019une batterie ou d\u2019un syst\u00e8me d\u2019alimentation \u00e0 l\u2019hydrog\u00e8ne. Cette conversion constitue par cons\u00e9quent &nbsp;un nouveau march\u00e9 pour les professionnels qui jusqu\u2019ici restaient dans l\u2019attente d\u2019une r\u00e9glementation.<\/p>\n\n\n\n<p>Pour les automobiles, l\u2019Arr\u00eat\u00e9 pr\u00e9cise cependant que le R\u00e9trofit sera possible uniquement \u00a0pour les v\u00e9hicules de plus de cinq ans. Un \u00e2ge limite r\u00e9duit \u00e0 seulement trois ans pour les deux-roues motoris\u00e9s. Il doit imp\u00e9rativement \u00eatre r\u00e9alis\u00e9 par un professionnel qui ne pourra proposer que des kits homologu\u00e9s par l\u2019UTAC, un organisme priv\u00e9 sp\u00e9cialis\u00e9 dans les tests de s\u00e9curit\u00e9 et d\u2019environnement des v\u00e9hicules. Il est important de souligner que la modification du v\u00e9hicule entra\u00eenera obligatoire un changement de carte grise. <\/p>\n\n\n\n<p>Le r\u00e9trofit sera tr\u00e8s certainement un bon compromis pour tous ceux qui souhaitaient passer \u00e0 l\u2019\u00e9lectrique \u00e0 moindre co\u00fbt. Il repr\u00e9sente \u00e9galement une grande avanc\u00e9e en la mati\u00e8re et favorisera le renouvellement du parc auto fran\u00e7ais.<\/p>\n\n\n\n<p><a rel=\"noreferrer noopener\" href=\"https:\/\/www.peyrac.fr\/devis-assurance-2roues\" target=\"_blank\">DEVIS ET SOUSCRIPTION EN LIGNE EN 2 MN<\/a><br><a rel=\"noreferrer noopener\" href=\"https:\/\/www.peyrac.fr\/devis-assurance-2roues\" target=\"_blank\">Cliquez sur l&rsquo;image ci-dessous<\/a><\/p>\n\n\n\n<figure class=\"wp-block-image\"><a href=\"https:\/\/www.peyrac.fr\/devis-assurance-2roues\"><img src=\"https:\/\/i0.wp.com\/www.peyrac.fr\/img\/produits\/moto.png?w=640&#038;ssl=1\" alt=\"L\u2019attribut alt de cette image est vide, son nom de fichier est moto.png.\" data-recalc-dims=\"1\"\/><\/a><\/figure>\n","protected":false},"excerpt":{"rendered":"<p>La France a \u00e9t\u00e9 l\u2019un des derniers pays europ\u00e9ens \u00e0 se positionner de fa\u00e7on officielle sur la conversion des v\u00e9hicules thermiques en \u00e9lectriques. Ce n\u2019est que depuis ce vendredi 3 avril que l\u2019Arr\u00eat\u00e9 concernant le R\u00e9trofit a \u00e9t\u00e9 publi\u00e9 au Journal Officiel. Il autorise d\u00e9sormais&nbsp; la conversion des v\u00e9hicules thermiques auto ou&nbsp; moto &nbsp;\u00e0 l\u2019\u00e9lectrique, par l\u2019installation d\u2019une batterie ou d\u2019un syst\u00e8me d\u2019alimentation \u00e0 l\u2019hydrog\u00e8ne. Cette conversion constitue par cons\u00e9quent &nbsp;un nouveau march\u00e9 pour les professionnels qui jusqu\u2019ici restaient dans&#8230;<\/p>\n<p class=\"read-more\"><a class=\"btn btn-default\" href=\"https:\/\/www.peyrac.fr\/actualites\/convertir-sa-moto-ou-scooter-thermique-en-electrique-cest-desormais-possible\/\">Lire la suite<span class=\"screen-reader-text\"> Lire la suite<\/span><\/a><\/p>\n","protected":false},"author":4,"featured_media":0,"comment_status":"open","ping_status":"open","sticky":false,"template":"","format":"standard","meta":{"spay_email":"","jetpack_publicize_message":""},"categories":[1],"tags":[],"jetpack_featured_media_url":"","jetpack_publicize_connections":[],"yoast_head":"<!-- This site is optimized with the Yoast SEO plugin v14.2 - https:\/\/yoast.com\/wordpress\/plugins\/seo\/ -->\n<title>Convertir sa moto ou scooter thermique en \u00e9lectrique, c&#039;est d\u00e9sormais possible - Actualit\u00e9s<\/title>\n<meta name=\"robots\" content=\"index, follow\" \/>\n<meta name=\"googlebot\" content=\"index, follow, max-snippet:-1, max-image-preview:large, max-video-preview:-1\" \/>\n<meta name=\"bingbot\" content=\"index, follow, max-snippet:-1, max-image-preview:large, max-video-preview:-1\" \/>\n<link rel=\"canonical\" href=\"https:\/\/www.peyrac.fr\/actualites\/convertir-sa-moto-ou-scooter-thermique-en-electrique-cest-desormais-possible\/\" \/>\n<meta property=\"og:locale\" content=\"fr_FR\" \/>\n<meta property=\"og:type\" content=\"article\" \/>\n<meta property=\"og:title\" content=\"Convertir sa moto ou scooter thermique en \u00e9lectrique, c&#039;est d\u00e9sormais possible - Actualit\u00e9s\" \/>\n<meta property=\"og:description\" content=\"La France a \u00e9t\u00e9 l\u2019un des derniers pays europ\u00e9ens \u00e0 se positionner de fa\u00e7on officielle sur la conversion des v\u00e9hicules thermiques en \u00e9lectriques. Ce n\u2019est que depuis ce vendredi 3 avril que l\u2019Arr\u00eat\u00e9 concernant le R\u00e9trofit a \u00e9t\u00e9 publi\u00e9 au Journal Officiel. Il autorise d\u00e9sormais&nbsp; la conversion des v\u00e9hicules thermiques auto ou&nbsp; moto &nbsp;\u00e0 l\u2019\u00e9lectrique, par l\u2019installation d\u2019une batterie ou d\u2019un syst\u00e8me d\u2019alimentation \u00e0 l\u2019hydrog\u00e8ne. Cette conversion constitue par cons\u00e9quent &nbsp;un nouveau march\u00e9 pour les professionnels qui jusqu\u2019ici restaient dans...Lire la suite Lire la suite\" \/>\n<meta property=\"og:url\" content=\"https:\/\/www.peyrac.fr\/actualites\/convertir-sa-moto-ou-scooter-thermique-en-electrique-cest-desormais-possible\/\" \/>\n<meta property=\"og:site_name\" content=\"Actualit\u00e9s\" \/>\n<meta property=\"article:publisher\" content=\"https:\/\/fr-fr.facebook.com\/pages\/category\/Insurance-Broker\/Peyrac-Assurances-785156224901716\/\" \/>\n<meta property=\"article:published_time\" content=\"2020-04-10T10:00:59+00:00\" \/>\n<meta property=\"article:modified_time\" content=\"2020-04-10T10:01:01+00:00\" \/>\n<meta property=\"og:image\" content=\"https:\/\/www.peyrac.fr\/actualites\/wp-content\/uploads\/2020\/04\/moto-elc.jpg\" \/>\n<meta name=\"twitter:card\" content=\"summary\" \/>\n<meta name=\"twitter:creator\" content=\"@PeyracAssurance\" \/>\n<meta name=\"twitter:site\" content=\"@PeyracAssurance\" \/>\n<script type=\"application\/ld+json\" class=\"yoast-schema-graph\">{\"@context\":\"https:\/\/schema.org\",\"@graph\":[{\"@type\":\"WebSite\",\"@id\":\"https:\/\/www.peyrac.fr\/actualites\/#website\",\"url\":\"https:\/\/www.peyrac.fr\/actualites\/\",\"name\":\"Peyrac Assurances\",\"description\":\"\",\"potentialAction\":[{\"@type\":\"SearchAction\",\"target\":\"https:\/\/www.peyrac.fr\/actualites\/?s={search_term_string}\",\"query-input\":\"required name=search_term_string\"}],\"inLanguage\":\"fr-FR\"},{\"@type\":\"ImageObject\",\"@id\":\"https:\/\/www.peyrac.fr\/actualites\/convertir-sa-moto-ou-scooter-thermique-en-electrique-cest-desormais-possible\/#primaryimage\",\"inLanguage\":\"fr-FR\",\"url\":\"https:\/\/i0.wp.com\/www.peyrac.fr\/actualites\/wp-content\/uploads\/2020\/04\/moto-elc.jpg?fit=900%2C630&ssl=1\",\"width\":900,\"height\":630},{\"@type\":\"WebPage\",\"@id\":\"https:\/\/www.peyrac.fr\/actualites\/convertir-sa-moto-ou-scooter-thermique-en-electrique-cest-desormais-possible\/#webpage\",\"url\":\"https:\/\/www.peyrac.fr\/actualites\/convertir-sa-moto-ou-scooter-thermique-en-electrique-cest-desormais-possible\/\",\"name\":\"Convertir sa moto ou scooter thermique en \\u00e9lectrique, c'est d\\u00e9sormais possible - Actualit\\u00e9s\",\"isPartOf\":{\"@id\":\"https:\/\/www.peyrac.fr\/actualites\/#website\"},\"primaryImageOfPage\":{\"@id\":\"https:\/\/www.peyrac.fr\/actualites\/convertir-sa-moto-ou-scooter-thermique-en-electrique-cest-desormais-possible\/#primaryimage\"},\"datePublished\":\"2020-04-10T10:00:59+00:00\",\"dateModified\":\"2020-04-10T10:01:01+00:00\",\"author\":{\"@id\":\"https:\/\/www.peyrac.fr\/actualites\/#\/schema\/person\/162ff8dc4aeb790d0bf315f75b32f724\"},\"breadcrumb\":{\"@id\":\"https:\/\/www.peyrac.fr\/actualites\/convertir-sa-moto-ou-scooter-thermique-en-electrique-cest-desormais-possible\/#breadcrumb\"},\"inLanguage\":\"fr-FR\",\"potentialAction\":[{\"@type\":\"ReadAction\",\"target\":[\"https:\/\/www.peyrac.fr\/actualites\/convertir-sa-moto-ou-scooter-thermique-en-electrique-cest-desormais-possible\/\"]}]},{\"@type\":\"BreadcrumbList\",\"@id\":\"https:\/\/www.peyrac.fr\/actualites\/convertir-sa-moto-ou-scooter-thermique-en-electrique-cest-desormais-possible\/#breadcrumb\",\"itemListElement\":[{\"@type\":\"ListItem\",\"position\":1,\"item\":{\"@type\":\"WebPage\",\"@id\":\"https:\/\/www.peyrac.fr\/actualites\/\",\"url\":\"https:\/\/www.peyrac.fr\/actualites\/\",\"name\":\"Accueil des actualit\\u00e9s\"}},{\"@type\":\"ListItem\",\"position\":2,\"item\":{\"@type\":\"WebPage\",\"@id\":\"https:\/\/www.peyrac.fr\/actualites\/category\/non-classe\/\",\"url\":\"https:\/\/www.peyrac.fr\/actualites\/category\/non-classe\/\",\"name\":\"Non class\\u00e9\"}},{\"@type\":\"ListItem\",\"position\":3,\"item\":{\"@type\":\"WebPage\",\"@id\":\"https:\/\/www.peyrac.fr\/actualites\/convertir-sa-moto-ou-scooter-thermique-en-electrique-cest-desormais-possible\/\",\"url\":\"https:\/\/www.peyrac.fr\/actualites\/convertir-sa-moto-ou-scooter-thermique-en-electrique-cest-desormais-possible\/\",\"name\":\"Convertir sa moto ou scooter thermique en \\u00e9lectrique, c&rsquo;est d\\u00e9sormais possible\"}}]},{\"@type\":[\"Person\"],\"@id\":\"https:\/\/www.peyrac.fr\/actualites\/#\/schema\/person\/162ff8dc4aeb790d0bf315f75b32f724\",\"name\":\"M B\",\"image\":{\"@type\":\"ImageObject\",\"@id\":\"https:\/\/www.peyrac.fr\/actualites\/#personlogo\",\"inLanguage\":\"fr-FR\",\"url\":\"https:\/\/secure.gravatar.com\/avatar\/7095438c901b5d50da8fb9a6f5680d8c?s=96&d=mm&r=g\",\"caption\":\"M B\"}}]}<\/script>\n<!-- \/ Yoast SEO plugin. -->","jetpack_sharing_enabled":true,"jetpack_shortlink":"https:\/\/wp.me\/p9FV2m-79","jetpack_likes_enabled":true,"jetpack-related-posts":[],"_links":{"self":[{"href":"https:\/\/www.peyrac.fr\/actualites\/wp-json\/wp\/v2\/posts\/443"}],"collection":[{"href":"https:\/\/www.peyrac.fr\/actualites\/wp-json\/wp\/v2\/posts"}],"about":[{"href":"https:\/\/www.peyrac.fr\/actualites\/wp-json\/wp\/v2\/types\/post"}],"author":[{"embeddable":true,"href":"https:\/\/www.peyrac.fr\/actualites\/wp-json\/wp\/v2\/users\/4"}],"replies":[{"embeddable":true,"href":"https:\/\/www.peyrac.fr\/actualites\/wp-json\/wp\/v2\/comments?post=443"}],"version-history":[{"count":4,"href":"https:\/\/www.peyrac.fr\/actualites\/wp-json\/wp\/v2\/posts\/443\/revisions"}],"predecessor-version":[{"id":448,"href":"https:\/\/www.peyrac.fr\/actualites\/wp-json\/wp\/v2\/posts\/443\/revisions\/448"}],"wp:attachment":[{"href":"https:\/\/www.peyrac.fr\/actualites\/wp-json\/wp\/v2\/media?parent=443"}],"wp:term":[{"taxonomy":"category","embeddable":true,"href":"https:\/\/www.peyrac.fr\/actualites\/wp-json\/wp\/v2\/categories?post=443"},{"taxonomy":"post_tag","embeddable":true,"href":"https:\/\/www.peyrac.fr\/actualites\/wp-json\/wp\/v2\/tags?post=443"}],"curies":[{"name":"wp","href":"https:\/\/api.w.org\/{rel}","templated":true}]}}