{"id":457,"date":"2020-04-20T16:57:37","date_gmt":"2020-04-20T14:57:37","guid":{"rendered":"http:\/\/www.peyrac.fr\/actualites\/?p=457"},"modified":"2020-04-20T16:57:38","modified_gmt":"2020-04-20T14:57:38","slug":"le-2go-le-scooter-electrique-francais-avec-300-km-dautonomie","status":"publish","type":"post","link":"https:\/\/www.peyrac.fr\/actualites\/le-2go-le-scooter-electrique-francais-avec-300-km-dautonomie\/","title":{"rendered":"Le 2Go : Le scooter \u00e9lectrique fran\u00e7ais avec 300 km d&rsquo;autonomie !"},"content":{"rendered":"\n<div class=\"wp-block-image\"><figure class=\"aligncenter size-large is-resized\"><img data-attachment-id=\"461\" data-permalink=\"https:\/\/www.peyrac.fr\/actualites\/le-2go-le-scooter-electrique-francais-avec-300-km-dautonomie\/2go\/\" data-orig-file=\"https:\/\/i2.wp.com\/www.peyrac.fr\/actualites\/wp-content\/uploads\/2020\/04\/2go.jpg?fit=2048%2C1364&amp;ssl=1\" data-orig-size=\"2048,1364\" data-comments-opened=\"1\" data-image-meta=\"{&quot;aperture&quot;:&quot;0&quot;,&quot;credit&quot;:&quot;&quot;,&quot;camera&quot;:&quot;&quot;,&quot;caption&quot;:&quot;&quot;,&quot;created_timestamp&quot;:&quot;0&quot;,&quot;copyright&quot;:&quot;&quot;,&quot;focal_length&quot;:&quot;0&quot;,&quot;iso&quot;:&quot;0&quot;,&quot;shutter_speed&quot;:&quot;0&quot;,&quot;title&quot;:&quot;&quot;,&quot;orientation&quot;:&quot;0&quot;}\" data-image-title=\"2go\" data-image-description=\"\" data-medium-file=\"https:\/\/i2.wp.com\/www.peyrac.fr\/actualites\/wp-content\/uploads\/2020\/04\/2go.jpg?fit=300%2C200&amp;ssl=1\" data-large-file=\"https:\/\/i2.wp.com\/www.peyrac.fr\/actualites\/wp-content\/uploads\/2020\/04\/2go.jpg?fit=640%2C426&amp;ssl=1\" loading=\"lazy\" src=\"https:\/\/i2.wp.com\/www.peyrac.fr\/actualites\/wp-content\/uploads\/2020\/04\/2go.jpg?fit=640%2C426&amp;ssl=1\" alt=\"\" class=\"wp-image-461\" width=\"638\" height=\"425\" srcset=\"https:\/\/i2.wp.com\/www.peyrac.fr\/actualites\/wp-content\/uploads\/2020\/04\/2go.jpg?w=2048&amp;ssl=1 2048w, https:\/\/i2.wp.com\/www.peyrac.fr\/actualites\/wp-content\/uploads\/2020\/04\/2go.jpg?resize=300%2C200&amp;ssl=1 300w, https:\/\/i2.wp.com\/www.peyrac.fr\/actualites\/wp-content\/uploads\/2020\/04\/2go.jpg?resize=1024%2C682&amp;ssl=1 1024w, https:\/\/i2.wp.com\/www.peyrac.fr\/actualites\/wp-content\/uploads\/2020\/04\/2go.jpg?resize=768%2C512&amp;ssl=1 768w, https:\/\/i2.wp.com\/www.peyrac.fr\/actualites\/wp-content\/uploads\/2020\/04\/2go.jpg?resize=1536%2C1023&amp;ssl=1 1536w, https:\/\/i2.wp.com\/www.peyrac.fr\/actualites\/wp-content\/uploads\/2020\/04\/2go.jpg?resize=405%2C270&amp;ssl=1 405w, https:\/\/i2.wp.com\/www.peyrac.fr\/actualites\/wp-content\/uploads\/2020\/04\/2go.jpg?w=1280 1280w, https:\/\/i2.wp.com\/www.peyrac.fr\/actualites\/wp-content\/uploads\/2020\/04\/2go.jpg?w=1920 1920w\" sizes=\"(max-width: 638px) 100vw, 638px\" \/><\/figure><\/div>\n\n\n\n<p>Entreprises et particuliers pourront bient\u00f4t faire l\u2019acquisition du 2Go, un scooter \u00e9lectrique connect\u00e9 proposant une autonomie pouvant atteindre les 300 km. C\u2019est en tout cas l\u2019un des nouveaux projets de L\u2019entreprise fran\u00e7aise RedE, sp\u00e9cialiste dans le domaine de la mobilit\u00e9 pour les entreprises de livraison et de transport.<\/p>\n\n\n\n<p>Le 2Go sera disponible en \u00e9quivalent 50&nbsp;cm3 et 125&nbsp;cm3 d\u00e8s cette ann\u00e9e avec deux d\u00e9clinaisons possible&nbsp;: une version deux places pour les particuliers, et une version avec top-case pour les professionnels. Pour le moment son prix ainsi que celui de ses diff\u00e9rents \u00e9quipements n&rsquo;ont pas \u00e9t\u00e9 r\u00e9v\u00e9l\u00e9s. <\/p>\n\n\n\n<p>La v\u00e9ritable innovation de ce super scooter est son autonomie de 300 km rendue possible gr\u00e2ce \u00e0 quatre batteries interconnect\u00e9es. La seconde nouveaut\u00e9 promise par RedE se situe sur le plan de la connectivit\u00e9. Pour un usage professionnel, le 2Go repr\u00e9sentera un v\u00e9ritable atout aussi bien pour son utilisateur que pour les entrepreneurs. Il sera par exemple capable d\u2019effectuer son propre diagnostic en temps r\u00e9el ou encore de g\u00e9rer sa puissance en mont\u00e9e gr\u00e2ce \u00e0 son syst\u00e8me gyroscopique. Chaque v\u00e9hicule pourra \u00e9galement \u00eatre suivi \u00e0 distance au moyen d\u2019un syst\u00e8me de g\u00e9olocalisation avanc\u00e9e.<\/p>\n\n\n\n<p>RedE a d\u00e9j\u00e0 la confiance du c\u00e9l\u00e8bre groupe BK qui compte comme client des enseignes comme Domino\u2019s Pizza ou encore Deliveroo. Il repr\u00e9sentera un alli\u00e9 de taille pour ces entreprises qui pourront d\u00e9sormais s\u2019inscrire dans un id\u00e9al \u00e9cologique tout en mettant \u00e0 la disposition de leurs salari\u00e9s des v\u00e9hicules s\u00fbrs et ultra connect\u00e9s.<\/p>\n\n\n\n<p><a rel=\"noreferrer noopener\" href=\"https:\/\/www.peyrac.fr\/devis-assurance-2roues\" target=\"_blank\">DEVIS ET SOUSCRIPTION EN LIGNE EN 2 MN<\/a><br><a rel=\"noreferrer noopener\" href=\"https:\/\/www.peyrac.fr\/devis-assurance-2roues\" target=\"_blank\">Cliquez sur l&rsquo;image ci-dessous<\/a><\/p>\n\n\n\n<figure class=\"wp-block-image\"><a href=\"https:\/\/www.peyrac.fr\/devis-assurance-2roues\"><img src=\"https:\/\/i0.wp.com\/www.peyrac.fr\/img\/produits\/moto.png?w=640&#038;ssl=1\" alt=\"L\u2019attribut alt de cette image est vide, son nom de fichier est moto.png.\" data-recalc-dims=\"1\"\/><\/a><\/figure>\n\n\n\n<p><\/p>\n","protected":false},"excerpt":{"rendered":"<p>Entreprises et particuliers pourront bient\u00f4t faire l\u2019acquisition du 2Go, un scooter \u00e9lectrique connect\u00e9 proposant une autonomie pouvant atteindre les 300 km. C\u2019est en tout cas l\u2019un des nouveaux projets de L\u2019entreprise fran\u00e7aise RedE, sp\u00e9cialiste dans le domaine de la mobilit\u00e9 pour les entreprises de livraison et de transport. Le 2Go sera disponible en \u00e9quivalent 50&nbsp;cm3 et 125&nbsp;cm3 d\u00e8s cette ann\u00e9e avec deux d\u00e9clinaisons possible&nbsp;: une version deux places pour les particuliers, et une version avec top-case pour les professionnels. Pour&#8230;<\/p>\n<p class=\"read-more\"><a class=\"btn btn-default\" href=\"https:\/\/www.peyrac.fr\/actualites\/le-2go-le-scooter-electrique-francais-avec-300-km-dautonomie\/\">Lire la suite<span class=\"screen-reader-text\"> Lire la suite<\/span><\/a><\/p>\n","protected":false},"author":4,"featured_media":0,"comment_status":"open","ping_status":"open","sticky":false,"template":"","format":"standard","meta":{"spay_email":"","jetpack_publicize_message":""},"categories":[1],"tags":[],"jetpack_featured_media_url":"","jetpack_publicize_connections":[],"yoast_head":"<!-- This site is optimized with the Yoast SEO plugin v14.2 - https:\/\/yoast.com\/wordpress\/plugins\/seo\/ -->\n<title>Le 2Go : Le scooter \u00e9lectrique fran\u00e7ais avec 300 km d&#039;autonomie ! - Actualit\u00e9s<\/title>\n<meta name=\"robots\" content=\"index, follow\" \/>\n<meta name=\"googlebot\" content=\"index, follow, max-snippet:-1, max-image-preview:large, max-video-preview:-1\" \/>\n<meta name=\"bingbot\" content=\"index, follow, max-snippet:-1, max-image-preview:large, max-video-preview:-1\" \/>\n<link rel=\"canonical\" href=\"https:\/\/www.peyrac.fr\/actualites\/le-2go-le-scooter-electrique-francais-avec-300-km-dautonomie\/\" \/>\n<meta property=\"og:locale\" content=\"fr_FR\" \/>\n<meta property=\"og:type\" content=\"article\" \/>\n<meta property=\"og:title\" content=\"Le 2Go : Le scooter \u00e9lectrique fran\u00e7ais avec 300 km d&#039;autonomie ! - Actualit\u00e9s\" \/>\n<meta property=\"og:description\" content=\"Entreprises et particuliers pourront bient\u00f4t faire l\u2019acquisition du 2Go, un scooter \u00e9lectrique connect\u00e9 proposant une autonomie pouvant atteindre les 300 km. C\u2019est en tout cas l\u2019un des nouveaux projets de L\u2019entreprise fran\u00e7aise RedE, sp\u00e9cialiste dans le domaine de la mobilit\u00e9 pour les entreprises de livraison et de transport. Le 2Go sera disponible en \u00e9quivalent 50&nbsp;cm3 et 125&nbsp;cm3 d\u00e8s cette ann\u00e9e avec deux d\u00e9clinaisons possible&nbsp;: une version deux places pour les particuliers, et une version avec top-case pour les professionnels. Pour...Lire la suite Lire la suite\" \/>\n<meta property=\"og:url\" content=\"https:\/\/www.peyrac.fr\/actualites\/le-2go-le-scooter-electrique-francais-avec-300-km-dautonomie\/\" \/>\n<meta property=\"og:site_name\" content=\"Actualit\u00e9s\" \/>\n<meta property=\"article:publisher\" content=\"https:\/\/fr-fr.facebook.com\/pages\/category\/Insurance-Broker\/Peyrac-Assurances-785156224901716\/\" \/>\n<meta property=\"article:published_time\" content=\"2020-04-20T14:57:37+00:00\" \/>\n<meta property=\"article:modified_time\" content=\"2020-04-20T14:57:38+00:00\" \/>\n<meta property=\"og:image\" content=\"https:\/\/i2.wp.com\/www.peyrac.fr\/actualites\/wp-content\/uploads\/2020\/04\/2go.jpg?fit=640%2C426&#038;ssl=1\" \/>\n<meta name=\"twitter:card\" content=\"summary\" \/>\n<meta name=\"twitter:creator\" content=\"@PeyracAssurance\" \/>\n<meta name=\"twitter:site\" content=\"@PeyracAssurance\" \/>\n<script type=\"application\/ld+json\" class=\"yoast-schema-graph\">{\"@context\":\"https:\/\/schema.org\",\"@graph\":[{\"@type\":\"WebSite\",\"@id\":\"https:\/\/www.peyrac.fr\/actualites\/#website\",\"url\":\"https:\/\/www.peyrac.fr\/actualites\/\",\"name\":\"Peyrac Assurances\",\"description\":\"\",\"potentialAction\":[{\"@type\":\"SearchAction\",\"target\":\"https:\/\/www.peyrac.fr\/actualites\/?s={search_term_string}\",\"query-input\":\"required name=search_term_string\"}],\"inLanguage\":\"fr-FR\"},{\"@type\":\"ImageObject\",\"@id\":\"https:\/\/www.peyrac.fr\/actualites\/le-2go-le-scooter-electrique-francais-avec-300-km-dautonomie\/#primaryimage\",\"inLanguage\":\"fr-FR\",\"url\":\"https:\/\/i2.wp.com\/www.peyrac.fr\/actualites\/wp-content\/uploads\/2020\/04\/2go.jpg?fit=640%2C426&amp;ssl=1\"},{\"@type\":\"WebPage\",\"@id\":\"https:\/\/www.peyrac.fr\/actualites\/le-2go-le-scooter-electrique-francais-avec-300-km-dautonomie\/#webpage\",\"url\":\"https:\/\/www.peyrac.fr\/actualites\/le-2go-le-scooter-electrique-francais-avec-300-km-dautonomie\/\",\"name\":\"Le 2Go : Le scooter \\u00e9lectrique fran\\u00e7ais avec 300 km d'autonomie ! - Actualit\\u00e9s\",\"isPartOf\":{\"@id\":\"https:\/\/www.peyrac.fr\/actualites\/#website\"},\"primaryImageOfPage\":{\"@id\":\"https:\/\/www.peyrac.fr\/actualites\/le-2go-le-scooter-electrique-francais-avec-300-km-dautonomie\/#primaryimage\"},\"datePublished\":\"2020-04-20T14:57:37+00:00\",\"dateModified\":\"2020-04-20T14:57:38+00:00\",\"author\":{\"@id\":\"https:\/\/www.peyrac.fr\/actualites\/#\/schema\/person\/162ff8dc4aeb790d0bf315f75b32f724\"},\"breadcrumb\":{\"@id\":\"https:\/\/www.peyrac.fr\/actualites\/le-2go-le-scooter-electrique-francais-avec-300-km-dautonomie\/#breadcrumb\"},\"inLanguage\":\"fr-FR\",\"potentialAction\":[{\"@type\":\"ReadAction\",\"target\":[\"https:\/\/www.peyrac.fr\/actualites\/le-2go-le-scooter-electrique-francais-avec-300-km-dautonomie\/\"]}]},{\"@type\":\"BreadcrumbList\",\"@id\":\"https:\/\/www.peyrac.fr\/actualites\/le-2go-le-scooter-electrique-francais-avec-300-km-dautonomie\/#breadcrumb\",\"itemListElement\":[{\"@type\":\"ListItem\",\"position\":1,\"item\":{\"@type\":\"WebPage\",\"@id\":\"https:\/\/www.peyrac.fr\/actualites\/\",\"url\":\"https:\/\/www.peyrac.fr\/actualites\/\",\"name\":\"Accueil des actualit\\u00e9s\"}},{\"@type\":\"ListItem\",\"position\":2,\"item\":{\"@type\":\"WebPage\",\"@id\":\"https:\/\/www.peyrac.fr\/actualites\/category\/non-classe\/\",\"url\":\"https:\/\/www.peyrac.fr\/actualites\/category\/non-classe\/\",\"name\":\"Non class\\u00e9\"}},{\"@type\":\"ListItem\",\"position\":3,\"item\":{\"@type\":\"WebPage\",\"@id\":\"https:\/\/www.peyrac.fr\/actualites\/le-2go-le-scooter-electrique-francais-avec-300-km-dautonomie\/\",\"url\":\"https:\/\/www.peyrac.fr\/actualites\/le-2go-le-scooter-electrique-francais-avec-300-km-dautonomie\/\",\"name\":\"Le 2Go : Le scooter \\u00e9lectrique fran\\u00e7ais avec 300 km d&rsquo;autonomie !\"}}]},{\"@type\":[\"Person\"],\"@id\":\"https:\/\/www.peyrac.fr\/actualites\/#\/schema\/person\/162ff8dc4aeb790d0bf315f75b32f724\",\"name\":\"M B\",\"image\":{\"@type\":\"ImageObject\",\"@id\":\"https:\/\/www.peyrac.fr\/actualites\/#personlogo\",\"inLanguage\":\"fr-FR\",\"url\":\"https:\/\/secure.gravatar.com\/avatar\/7095438c901b5d50da8fb9a6f5680d8c?s=96&d=mm&r=g\",\"caption\":\"M B\"}}]}<\/script>\n<!-- \/ Yoast SEO plugin. -->","jetpack_sharing_enabled":true,"jetpack_shortlink":"https:\/\/wp.me\/p9FV2m-7n","jetpack_likes_enabled":true,"jetpack-related-posts":[],"_links":{"self":[{"href":"https:\/\/www.peyrac.fr\/actualites\/wp-json\/wp\/v2\/posts\/457"}],"collection":[{"href":"https:\/\/www.peyrac.fr\/actualites\/wp-json\/wp\/v2\/posts"}],"about":[{"href":"https:\/\/www.peyrac.fr\/actualites\/wp-json\/wp\/v2\/types\/post"}],"author":[{"embeddable":true,"href":"https:\/\/www.peyrac.fr\/actualites\/wp-json\/wp\/v2\/users\/4"}],"replies":[{"embeddable":true,"href":"https:\/\/www.peyrac.fr\/actualites\/wp-json\/wp\/v2\/comments?post=457"}],"version-history":[{"count":7,"href":"https:\/\/www.peyrac.fr\/actualites\/wp-json\/wp\/v2\/posts\/457\/revisions"}],"predecessor-version":[{"id":467,"href":"https:\/\/www.peyrac.fr\/actualites\/wp-json\/wp\/v2\/posts\/457\/revisions\/467"}],"wp:attachment":[{"href":"https:\/\/www.peyrac.fr\/actualites\/wp-json\/wp\/v2\/media?parent=457"}],"wp:term":[{"taxonomy":"category","embeddable":true,"href":"https:\/\/www.peyrac.fr\/actualites\/wp-json\/wp\/v2\/categories?post=457"},{"taxonomy":"post_tag","embeddable":true,"href":"https:\/\/www.peyrac.fr\/actualites\/wp-json\/wp\/v2\/tags?post=457"}],"curies":[{"name":"wp","href":"https:\/\/api.w.org\/{rel}","templated":true}]}}