{"id":482,"date":"2020-04-29T16:08:29","date_gmt":"2020-04-29T14:08:29","guid":{"rendered":"http:\/\/www.peyrac.fr\/actualites\/?p=482"},"modified":"2020-04-29T19:53:02","modified_gmt":"2020-04-29T17:53:02","slug":"le-masque-rpur-nano","status":"publish","type":"post","link":"https:\/\/www.peyrac.fr\/actualites\/le-masque-rpur-nano\/","title":{"rendered":"Le masque R-PUR Nano"},"content":{"rendered":"\n<figure class=\"wp-block-image size-large\"><a href=\"https:\/\/www.peyrac.fr\/devis-assurance-2roues\"><img data-attachment-id=\"502\" data-permalink=\"https:\/\/www.peyrac.fr\/actualites\/le-masque-rpur-nano\/rpurnano\/\" data-orig-file=\"https:\/\/i2.wp.com\/www.peyrac.fr\/actualites\/wp-content\/uploads\/2020\/04\/rpurnano.png?fit=1903%2C1080&amp;ssl=1\" data-orig-size=\"1903,1080\" data-comments-opened=\"1\" data-image-meta=\"{&quot;aperture&quot;:&quot;0&quot;,&quot;credit&quot;:&quot;&quot;,&quot;camera&quot;:&quot;&quot;,&quot;caption&quot;:&quot;&quot;,&quot;created_timestamp&quot;:&quot;0&quot;,&quot;copyright&quot;:&quot;&quot;,&quot;focal_length&quot;:&quot;0&quot;,&quot;iso&quot;:&quot;0&quot;,&quot;shutter_speed&quot;:&quot;0&quot;,&quot;title&quot;:&quot;&quot;,&quot;orientation&quot;:&quot;0&quot;}\" data-image-title=\"rpurnano\" data-image-description=\"\" data-medium-file=\"https:\/\/i2.wp.com\/www.peyrac.fr\/actualites\/wp-content\/uploads\/2020\/04\/rpurnano.png?fit=300%2C170&amp;ssl=1\" data-large-file=\"https:\/\/i2.wp.com\/www.peyrac.fr\/actualites\/wp-content\/uploads\/2020\/04\/rpurnano.png?fit=640%2C363&amp;ssl=1\" loading=\"lazy\" width=\"1903\" height=\"1080\" src=\"https:\/\/i2.wp.com\/www.peyrac.fr\/actualites\/wp-content\/uploads\/2020\/04\/rpurnano.png?fit=640%2C363&amp;ssl=1\" alt=\"\" class=\"wp-image-502\" srcset=\"https:\/\/i2.wp.com\/www.peyrac.fr\/actualites\/wp-content\/uploads\/2020\/04\/rpurnano.png?w=1903&amp;ssl=1 1903w, https:\/\/i2.wp.com\/www.peyrac.fr\/actualites\/wp-content\/uploads\/2020\/04\/rpurnano.png?resize=300%2C170&amp;ssl=1 300w, https:\/\/i2.wp.com\/www.peyrac.fr\/actualites\/wp-content\/uploads\/2020\/04\/rpurnano.png?resize=1024%2C581&amp;ssl=1 1024w, https:\/\/i2.wp.com\/www.peyrac.fr\/actualites\/wp-content\/uploads\/2020\/04\/rpurnano.png?resize=768%2C436&amp;ssl=1 768w, https:\/\/i2.wp.com\/www.peyrac.fr\/actualites\/wp-content\/uploads\/2020\/04\/rpurnano.png?resize=1536%2C872&amp;ssl=1 1536w, https:\/\/i2.wp.com\/www.peyrac.fr\/actualites\/wp-content\/uploads\/2020\/04\/rpurnano.png?resize=476%2C270&amp;ssl=1 476w, https:\/\/i2.wp.com\/www.peyrac.fr\/actualites\/wp-content\/uploads\/2020\/04\/rpurnano.png?w=1280 1280w\" sizes=\"(max-width: 640px) 100vw, 640px\" \/><\/a><\/figure>\n\n\n\n<p>La soci\u00e9t\u00e9 R PUR va prochainement d\u00e9buter la commercialisation \u00e0 grande \u00e9chelle de son nouveau masque anti-pollution le R-PUR Nano. Laur\u00e9at des Grands Prix de l&rsquo;Innovation de la ville de Paris, il a d\u00e9j\u00e0 convaincu plus de 10 000 utilisateurs \u00e0 travers le monde.<\/p>\n\n\n\n<p>La v\u00e9ritable innovation de ce masque R PUR est qu\u2019il poss\u00e8de un niveau de certification de type FFP3, c\u2019est-\u00e0-dire qu\u2019il est capable de filtrer des particules de seulement un nanom\u00e8tre. Il prot\u00e8ge donc des particules fines de pollution, du pollen mais aussi des virus pr\u00e9sents dans l\u2019air, c\u2019est pourquoi il pourrait constituer un alli\u00e9 pr\u00e9cieux en cette p\u00e9riode d&rsquo;\u00e9pid\u00e9mie, surtout avec le d\u00e9confinement qui approche.<\/p>\n\n\n\n<p>Il se d\u00e9cline en deux versions : le Nano One ou le Nano light sp\u00e9cialement con\u00e7u pour les cyclistes. Il peut \u00eatre utilis\u00e9 aussi bien en v\u00e9lo qu\u2019en moto ou durant tout efforts physiques, car il est \u00e9quip\u00e9 d\u2019une valve d\u2019extraction d\u2019air chaud&nbsp;qui permet au flux d\u2019air de s\u2019\u00e9chapper 60 fois plus rapidement. L\u2019extraction s\u2019effectue vers le bas, un tr\u00e8s bon atout pour les motards qui seraient \u00e9quip\u00e9s d\u2019un casque int\u00e9gral sans \u00e9cran anti-bu\u00e9e. Le masque R PUR est \u00e9galement parfaitement \u00e9tanche et r\u00e9alis\u00e9 dans une mati\u00e8re ultra respirante. Le seul inconv\u00e9nient pourrait \u00eatre son prix, puisqu\u2019il faudra compter 130 euros pour le mod\u00e8le l\u00e9ger et 150 euros pour celui utilisable \u00e0 moto. Ils seront disponibles \u00e0 partir de mi-mai et livrer gratuitement.<\/p>\n\n\n\n<p>La &nbsp;fonction premi\u00e8re du masque R PUR est \u00e9videmment de combattre les effets de la pollution. Mais en cette p\u00e9riode de crise sanitaire, il pourrait repr\u00e9senter une solution, certes plus co\u00fbteuse mais aussi plus durable, face \u00e0 la p\u00e9nurie de masques grand public. \u00c9quip\u00e9 d\u2019un filtre qui se change environ tous les 5 \u00e0 6 mois, il poss\u00e8de une dur\u00e9e et une qualit\u00e9 de protection incomparables aux masques classiques.<\/p>\n\n\n\n<p><a rel=\"noreferrer noopener\" href=\"https:\/\/www.peyrac.fr\/devis-assurance-2roues\" target=\"_blank\">DEVIS ET SOUSCRIPTION EN LIGNE EN 2 MN<\/a><br><a rel=\"noreferrer noopener\" href=\"https:\/\/www.peyrac.fr\/devis-assurance-2roues\" target=\"_blank\">Cliquez sur l&rsquo;image ci-dessous<\/a><\/p>\n\n\n\n<figure class=\"wp-block-image\"><a href=\"https:\/\/www.peyrac.fr\/devis-assurance-2roues\"><img src=\"https:\/\/i0.wp.com\/www.peyrac.fr\/img\/produits\/moto.png?w=640&#038;ssl=1\" alt=\"L\u2019attribut alt de cette image est vide, son nom de fichier est moto.png.\" data-recalc-dims=\"1\"\/><\/a><\/figure>\n","protected":false},"excerpt":{"rendered":"<p>La soci\u00e9t\u00e9 R PUR va prochainement d\u00e9buter la commercialisation \u00e0 grande \u00e9chelle de son nouveau masque anti-pollution le R-PUR Nano. Laur\u00e9at des Grands Prix de l&rsquo;Innovation de la ville de Paris, il a d\u00e9j\u00e0 convaincu plus de 10 000 utilisateurs \u00e0 travers le monde. La v\u00e9ritable innovation de ce masque R PUR est qu\u2019il poss\u00e8de un niveau de certification de type FFP3, c\u2019est-\u00e0-dire qu\u2019il est capable de filtrer des particules de seulement un nanom\u00e8tre. Il prot\u00e8ge donc des particules fines&#8230;<\/p>\n<p class=\"read-more\"><a class=\"btn btn-default\" href=\"https:\/\/www.peyrac.fr\/actualites\/le-masque-rpur-nano\/\">Lire la suite<span class=\"screen-reader-text\"> Lire la suite<\/span><\/a><\/p>\n","protected":false},"author":4,"featured_media":0,"comment_status":"open","ping_status":"open","sticky":false,"template":"","format":"standard","meta":{"spay_email":"","jetpack_publicize_message":""},"categories":[1],"tags":[],"jetpack_featured_media_url":"","jetpack_publicize_connections":[],"yoast_head":"<!-- This site is optimized with the Yoast SEO plugin v14.2 - https:\/\/yoast.com\/wordpress\/plugins\/seo\/ -->\n<title>Le masque R-PUR Nano - Actualit\u00e9s<\/title>\n<meta name=\"robots\" content=\"index, follow\" \/>\n<meta name=\"googlebot\" content=\"index, follow, max-snippet:-1, max-image-preview:large, max-video-preview:-1\" \/>\n<meta name=\"bingbot\" content=\"index, follow, max-snippet:-1, max-image-preview:large, max-video-preview:-1\" \/>\n<link rel=\"canonical\" href=\"https:\/\/www.peyrac.fr\/actualites\/le-masque-rpur-nano\/\" \/>\n<meta property=\"og:locale\" content=\"fr_FR\" \/>\n<meta property=\"og:type\" content=\"article\" \/>\n<meta property=\"og:title\" content=\"Le masque R-PUR Nano - Actualit\u00e9s\" \/>\n<meta property=\"og:description\" content=\"La soci\u00e9t\u00e9 R PUR va prochainement d\u00e9buter la commercialisation \u00e0 grande \u00e9chelle de son nouveau masque anti-pollution le R-PUR Nano. Laur\u00e9at des Grands Prix de l&rsquo;Innovation de la ville de Paris, il a d\u00e9j\u00e0 convaincu plus de 10 000 utilisateurs \u00e0 travers le monde. La v\u00e9ritable innovation de ce masque R PUR est qu\u2019il poss\u00e8de un niveau de certification de type FFP3, c\u2019est-\u00e0-dire qu\u2019il est capable de filtrer des particules de seulement un nanom\u00e8tre. Il prot\u00e8ge donc des particules fines...Lire la suite Lire la suite\" \/>\n<meta property=\"og:url\" content=\"https:\/\/www.peyrac.fr\/actualites\/le-masque-rpur-nano\/\" \/>\n<meta property=\"og:site_name\" content=\"Actualit\u00e9s\" \/>\n<meta property=\"article:publisher\" content=\"https:\/\/fr-fr.facebook.com\/pages\/category\/Insurance-Broker\/Peyrac-Assurances-785156224901716\/\" \/>\n<meta property=\"article:published_time\" content=\"2020-04-29T14:08:29+00:00\" \/>\n<meta property=\"article:modified_time\" content=\"2020-04-29T17:53:02+00:00\" \/>\n<meta property=\"og:image\" content=\"https:\/\/i2.wp.com\/www.peyrac.fr\/actualites\/wp-content\/uploads\/2020\/04\/rpurnano.png?fit=640%2C363&#038;ssl=1\" \/>\n<meta name=\"twitter:card\" content=\"summary\" \/>\n<meta name=\"twitter:creator\" content=\"@PeyracAssurance\" \/>\n<meta name=\"twitter:site\" content=\"@PeyracAssurance\" \/>\n<script type=\"application\/ld+json\" class=\"yoast-schema-graph\">{\"@context\":\"https:\/\/schema.org\",\"@graph\":[{\"@type\":\"WebSite\",\"@id\":\"https:\/\/www.peyrac.fr\/actualites\/#website\",\"url\":\"https:\/\/www.peyrac.fr\/actualites\/\",\"name\":\"Peyrac Assurances\",\"description\":\"\",\"potentialAction\":[{\"@type\":\"SearchAction\",\"target\":\"https:\/\/www.peyrac.fr\/actualites\/?s={search_term_string}\",\"query-input\":\"required name=search_term_string\"}],\"inLanguage\":\"fr-FR\"},{\"@type\":\"ImageObject\",\"@id\":\"https:\/\/www.peyrac.fr\/actualites\/le-masque-rpur-nano\/#primaryimage\",\"inLanguage\":\"fr-FR\",\"url\":\"https:\/\/i2.wp.com\/www.peyrac.fr\/actualites\/wp-content\/uploads\/2020\/04\/rpurnano.png?fit=640%2C363&amp;ssl=1\"},{\"@type\":\"WebPage\",\"@id\":\"https:\/\/www.peyrac.fr\/actualites\/le-masque-rpur-nano\/#webpage\",\"url\":\"https:\/\/www.peyrac.fr\/actualites\/le-masque-rpur-nano\/\",\"name\":\"Le masque R-PUR Nano - Actualit\\u00e9s\",\"isPartOf\":{\"@id\":\"https:\/\/www.peyrac.fr\/actualites\/#website\"},\"primaryImageOfPage\":{\"@id\":\"https:\/\/www.peyrac.fr\/actualites\/le-masque-rpur-nano\/#primaryimage\"},\"datePublished\":\"2020-04-29T14:08:29+00:00\",\"dateModified\":\"2020-04-29T17:53:02+00:00\",\"author\":{\"@id\":\"https:\/\/www.peyrac.fr\/actualites\/#\/schema\/person\/162ff8dc4aeb790d0bf315f75b32f724\"},\"breadcrumb\":{\"@id\":\"https:\/\/www.peyrac.fr\/actualites\/le-masque-rpur-nano\/#breadcrumb\"},\"inLanguage\":\"fr-FR\",\"potentialAction\":[{\"@type\":\"ReadAction\",\"target\":[\"https:\/\/www.peyrac.fr\/actualites\/le-masque-rpur-nano\/\"]}]},{\"@type\":\"BreadcrumbList\",\"@id\":\"https:\/\/www.peyrac.fr\/actualites\/le-masque-rpur-nano\/#breadcrumb\",\"itemListElement\":[{\"@type\":\"ListItem\",\"position\":1,\"item\":{\"@type\":\"WebPage\",\"@id\":\"https:\/\/www.peyrac.fr\/actualites\/\",\"url\":\"https:\/\/www.peyrac.fr\/actualites\/\",\"name\":\"Accueil des actualit\\u00e9s\"}},{\"@type\":\"ListItem\",\"position\":2,\"item\":{\"@type\":\"WebPage\",\"@id\":\"https:\/\/www.peyrac.fr\/actualites\/category\/non-classe\/\",\"url\":\"https:\/\/www.peyrac.fr\/actualites\/category\/non-classe\/\",\"name\":\"Non class\\u00e9\"}},{\"@type\":\"ListItem\",\"position\":3,\"item\":{\"@type\":\"WebPage\",\"@id\":\"https:\/\/www.peyrac.fr\/actualites\/le-masque-rpur-nano\/\",\"url\":\"https:\/\/www.peyrac.fr\/actualites\/le-masque-rpur-nano\/\",\"name\":\"Le masque R-PUR Nano\"}}]},{\"@type\":[\"Person\"],\"@id\":\"https:\/\/www.peyrac.fr\/actualites\/#\/schema\/person\/162ff8dc4aeb790d0bf315f75b32f724\",\"name\":\"M B\",\"image\":{\"@type\":\"ImageObject\",\"@id\":\"https:\/\/www.peyrac.fr\/actualites\/#personlogo\",\"inLanguage\":\"fr-FR\",\"url\":\"https:\/\/secure.gravatar.com\/avatar\/7095438c901b5d50da8fb9a6f5680d8c?s=96&d=mm&r=g\",\"caption\":\"M B\"}}]}<\/script>\n<!-- \/ Yoast SEO plugin. -->","jetpack_sharing_enabled":true,"jetpack_shortlink":"https:\/\/wp.me\/p9FV2m-7M","jetpack_likes_enabled":true,"jetpack-related-posts":[],"_links":{"self":[{"href":"https:\/\/www.peyrac.fr\/actualites\/wp-json\/wp\/v2\/posts\/482"}],"collection":[{"href":"https:\/\/www.peyrac.fr\/actualites\/wp-json\/wp\/v2\/posts"}],"about":[{"href":"https:\/\/www.peyrac.fr\/actualites\/wp-json\/wp\/v2\/types\/post"}],"author":[{"embeddable":true,"href":"https:\/\/www.peyrac.fr\/actualites\/wp-json\/wp\/v2\/users\/4"}],"replies":[{"embeddable":true,"href":"https:\/\/www.peyrac.fr\/actualites\/wp-json\/wp\/v2\/comments?post=482"}],"version-history":[{"count":14,"href":"https:\/\/www.peyrac.fr\/actualites\/wp-json\/wp\/v2\/posts\/482\/revisions"}],"predecessor-version":[{"id":507,"href":"https:\/\/www.peyrac.fr\/actualites\/wp-json\/wp\/v2\/posts\/482\/revisions\/507"}],"wp:attachment":[{"href":"https:\/\/www.peyrac.fr\/actualites\/wp-json\/wp\/v2\/media?parent=482"}],"wp:term":[{"taxonomy":"category","embeddable":true,"href":"https:\/\/www.peyrac.fr\/actualites\/wp-json\/wp\/v2\/categories?post=482"},{"taxonomy":"post_tag","embeddable":true,"href":"https:\/\/www.peyrac.fr\/actualites\/wp-json\/wp\/v2\/tags?post=482"}],"curies":[{"name":"wp","href":"https:\/\/api.w.org\/{rel}","templated":true}]}}