{"id":546,"date":"2020-05-05T16:33:51","date_gmt":"2020-05-05T14:33:51","guid":{"rendered":"http:\/\/www.peyrac.fr\/actualites\/?p=546"},"modified":"2020-05-05T16:33:51","modified_gmt":"2020-05-05T14:33:51","slug":"lamb-001-la-premiere-moto-signee-aston-martin","status":"publish","type":"post","link":"https:\/\/www.peyrac.fr\/actualites\/lamb-001-la-premiere-moto-signee-aston-martin\/","title":{"rendered":"L\u2019AMB 001 : la premi\u00e8re moto sign\u00e9e Aston Martin"},"content":{"rendered":"\n<div class=\"wp-block-image\"><figure class=\"aligncenter size-large\"><a href=\"https:\/\/www.peyrac.fr\/devis-assurance-2roues\"><img data-attachment-id=\"548\" data-permalink=\"https:\/\/www.peyrac.fr\/actualites\/lamb-001-la-premiere-moto-signee-aston-martin\/moto-aston-martin_amb_001_brough_superior__profil-droit-615x410-1\/\" data-orig-file=\"https:\/\/i0.wp.com\/www.peyrac.fr\/actualites\/wp-content\/uploads\/2020\/05\/moto-aston-martin_amb_001_brough_superior__profil-droit-615x410-1.jpg?fit=615%2C410&amp;ssl=1\" data-orig-size=\"615,410\" data-comments-opened=\"1\" data-image-meta=\"{&quot;aperture&quot;:&quot;0&quot;,&quot;credit&quot;:&quot;&quot;,&quot;camera&quot;:&quot;&quot;,&quot;caption&quot;:&quot;&quot;,&quot;created_timestamp&quot;:&quot;0&quot;,&quot;copyright&quot;:&quot;&quot;,&quot;focal_length&quot;:&quot;0&quot;,&quot;iso&quot;:&quot;0&quot;,&quot;shutter_speed&quot;:&quot;0&quot;,&quot;title&quot;:&quot;&quot;,&quot;orientation&quot;:&quot;0&quot;}\" data-image-title=\"moto-aston-martin_amb_001_brough_superior__profil-droit-615&#215;410-1\" data-image-description=\"\" data-medium-file=\"https:\/\/i0.wp.com\/www.peyrac.fr\/actualites\/wp-content\/uploads\/2020\/05\/moto-aston-martin_amb_001_brough_superior__profil-droit-615x410-1.jpg?fit=300%2C200&amp;ssl=1\" data-large-file=\"https:\/\/i0.wp.com\/www.peyrac.fr\/actualites\/wp-content\/uploads\/2020\/05\/moto-aston-martin_amb_001_brough_superior__profil-droit-615x410-1.jpg?fit=615%2C410&amp;ssl=1\" loading=\"lazy\" width=\"615\" height=\"410\" src=\"https:\/\/i0.wp.com\/www.peyrac.fr\/actualites\/wp-content\/uploads\/2020\/05\/moto-aston-martin_amb_001_brough_superior__profil-droit-615x410-1.jpg?resize=615%2C410&#038;ssl=1\" alt=\"\" class=\"wp-image-548\" srcset=\"https:\/\/i0.wp.com\/www.peyrac.fr\/actualites\/wp-content\/uploads\/2020\/05\/moto-aston-martin_amb_001_brough_superior__profil-droit-615x410-1.jpg?w=615&amp;ssl=1 615w, https:\/\/i0.wp.com\/www.peyrac.fr\/actualites\/wp-content\/uploads\/2020\/05\/moto-aston-martin_amb_001_brough_superior__profil-droit-615x410-1.jpg?resize=300%2C200&amp;ssl=1 300w, https:\/\/i0.wp.com\/www.peyrac.fr\/actualites\/wp-content\/uploads\/2020\/05\/moto-aston-martin_amb_001_brough_superior__profil-droit-615x410-1.jpg?resize=405%2C270&amp;ssl=1 405w\" sizes=\"(max-width: 615px) 100vw, 615px\" data-recalc-dims=\"1\" \/><\/a><\/figure><\/div>\n\n\n\n<p>Pr\u00e9sent\u00e9e pour la premi\u00e8re fois \u00e0 Milan lors du dernier salon EICMA, l\u2019AMB 001 est la toute la premi\u00e8re moto sign\u00e9e Aston Martin, en collaboration avec la marque anglaise Brough Superior, d\u00e9sormais implant\u00e9e \u00e0 Toulouse.<\/p>\n\n\n\n<p>Ce projet est n\u00e9 d\u2019une passion commune pour la moto du vice-pr\u00e9sident ex\u00e9cutif et directeur cr\u00e9atif d&rsquo;Aston Martin, Marek Reichman, et du PDG de Brough Superior, Thierry Henriette.<\/p>\n\n\n\n<p>Elle sera con\u00e7ue de fa\u00e7on artisanale mais avec les techniques les plus modernes et innovantes du groupe Brough Superior. L&rsquo;AMB 001 sera \u00e9quip\u00e9e d\u2019un moteur turbocompress\u00e9 bicylindre en V de 1&nbsp;000&nbsp;cm3 qui compte 182 chevaux pour un poids total de 180&nbsp;kg. Sa coupe singuli\u00e8re est le r\u00e9sultat d\u2019une combinaison de fibre de carbone, de titane et d\u2019aluminium.<\/p>\n\n\n\n<p>L\u2019AMB 001 sera commercialis\u00e9e en seulement 100 exemplaires et sera bien \u00e9videment r\u00e9serv\u00e9e \u00e0 une client\u00e8le tr\u00e8s fortun\u00e9e. Son prix n\u2019a pas encore \u00e9t\u00e9 officialis\u00e9 mais il devrait en principe avoisiner les 110\u00a0000\u00a0\u20ac. Le projet est actuellement en cours de finalisation mais il faudra \u00eatre tr\u00e8s patient avant d\u2019avoir la chance d\u2019en voir une sur la route.<\/p>\n\n\n\n<p><a rel=\"noreferrer noopener\" href=\"https:\/\/www.peyrac.fr\/devis-assurance-2roues\" target=\"_blank\">DEVIS ET SOUSCRIPTION EN LIGNE EN 2 MN<\/a><br><a rel=\"noreferrer noopener\" href=\"https:\/\/www.peyrac.fr\/devis-assurance-2roues\" target=\"_blank\">Cliquez sur l&rsquo;image ci-dessous<\/a><\/p>\n\n\n\n<figure class=\"wp-block-image\"><a href=\"https:\/\/www.peyrac.fr\/devis-assurance-2roues\"><img src=\"https:\/\/i0.wp.com\/www.peyrac.fr\/img\/produits\/moto.png?w=640&#038;ssl=1\" alt=\"L\u2019attribut alt de cette image est vide, son nom de fichier est moto.png.\" data-recalc-dims=\"1\"\/><\/a><\/figure>\n","protected":false},"excerpt":{"rendered":"<p>Pr\u00e9sent\u00e9e pour la premi\u00e8re fois \u00e0 Milan lors du dernier salon EICMA, l\u2019AMB 001 est la toute la premi\u00e8re moto sign\u00e9e Aston Martin, en collaboration avec la marque anglaise Brough Superior, d\u00e9sormais implant\u00e9e \u00e0 Toulouse. Ce projet est n\u00e9 d\u2019une passion commune pour la moto du vice-pr\u00e9sident ex\u00e9cutif et directeur cr\u00e9atif d&rsquo;Aston Martin, Marek Reichman, et du PDG de Brough Superior, Thierry Henriette. Elle sera con\u00e7ue de fa\u00e7on artisanale mais avec les techniques les plus modernes et innovantes du groupe&#8230;<\/p>\n<p class=\"read-more\"><a class=\"btn btn-default\" href=\"https:\/\/www.peyrac.fr\/actualites\/lamb-001-la-premiere-moto-signee-aston-martin\/\">Lire la suite<span class=\"screen-reader-text\"> Lire la suite<\/span><\/a><\/p>\n","protected":false},"author":4,"featured_media":0,"comment_status":"open","ping_status":"open","sticky":false,"template":"","format":"standard","meta":{"spay_email":"","jetpack_publicize_message":""},"categories":[1],"tags":[],"jetpack_featured_media_url":"","jetpack_publicize_connections":[],"yoast_head":"<!-- This site is optimized with the Yoast SEO plugin v14.2 - https:\/\/yoast.com\/wordpress\/plugins\/seo\/ -->\n<title>L\u2019AMB 001 : la premi\u00e8re moto sign\u00e9e Aston Martin - Actualit\u00e9s<\/title>\n<meta name=\"robots\" content=\"index, follow\" \/>\n<meta name=\"googlebot\" content=\"index, follow, max-snippet:-1, max-image-preview:large, max-video-preview:-1\" \/>\n<meta name=\"bingbot\" content=\"index, follow, max-snippet:-1, max-image-preview:large, max-video-preview:-1\" \/>\n<link rel=\"canonical\" href=\"https:\/\/www.peyrac.fr\/actualites\/lamb-001-la-premiere-moto-signee-aston-martin\/\" \/>\n<meta property=\"og:locale\" content=\"fr_FR\" \/>\n<meta property=\"og:type\" content=\"article\" \/>\n<meta property=\"og:title\" content=\"L\u2019AMB 001 : la premi\u00e8re moto sign\u00e9e Aston Martin - Actualit\u00e9s\" \/>\n<meta property=\"og:description\" content=\"Pr\u00e9sent\u00e9e pour la premi\u00e8re fois \u00e0 Milan lors du dernier salon EICMA, l\u2019AMB 001 est la toute la premi\u00e8re moto sign\u00e9e Aston Martin, en collaboration avec la marque anglaise Brough Superior, d\u00e9sormais implant\u00e9e \u00e0 Toulouse. Ce projet est n\u00e9 d\u2019une passion commune pour la moto du vice-pr\u00e9sident ex\u00e9cutif et directeur cr\u00e9atif d&rsquo;Aston Martin, Marek Reichman, et du PDG de Brough Superior, Thierry Henriette. Elle sera con\u00e7ue de fa\u00e7on artisanale mais avec les techniques les plus modernes et innovantes du groupe...Lire la suite Lire la suite\" \/>\n<meta property=\"og:url\" content=\"https:\/\/www.peyrac.fr\/actualites\/lamb-001-la-premiere-moto-signee-aston-martin\/\" \/>\n<meta property=\"og:site_name\" content=\"Actualit\u00e9s\" \/>\n<meta property=\"article:publisher\" content=\"https:\/\/fr-fr.facebook.com\/pages\/category\/Insurance-Broker\/Peyrac-Assurances-785156224901716\/\" \/>\n<meta property=\"article:published_time\" content=\"2020-05-05T14:33:51+00:00\" \/>\n<meta property=\"og:image\" content=\"https:\/\/www.peyrac.fr\/actualites\/wp-content\/uploads\/2020\/05\/moto-aston-martin_amb_001_brough_superior__profil-droit-615x410-1.jpg\" \/>\n<meta name=\"twitter:card\" content=\"summary\" \/>\n<meta name=\"twitter:creator\" content=\"@PeyracAssurance\" \/>\n<meta name=\"twitter:site\" content=\"@PeyracAssurance\" \/>\n<script type=\"application\/ld+json\" class=\"yoast-schema-graph\">{\"@context\":\"https:\/\/schema.org\",\"@graph\":[{\"@type\":\"WebSite\",\"@id\":\"https:\/\/www.peyrac.fr\/actualites\/#website\",\"url\":\"https:\/\/www.peyrac.fr\/actualites\/\",\"name\":\"Peyrac Assurances\",\"description\":\"\",\"potentialAction\":[{\"@type\":\"SearchAction\",\"target\":\"https:\/\/www.peyrac.fr\/actualites\/?s={search_term_string}\",\"query-input\":\"required name=search_term_string\"}],\"inLanguage\":\"fr-FR\"},{\"@type\":\"ImageObject\",\"@id\":\"https:\/\/www.peyrac.fr\/actualites\/lamb-001-la-premiere-moto-signee-aston-martin\/#primaryimage\",\"inLanguage\":\"fr-FR\",\"url\":\"https:\/\/i0.wp.com\/www.peyrac.fr\/actualites\/wp-content\/uploads\/2020\/05\/moto-aston-martin_amb_001_brough_superior__profil-droit-615x410-1.jpg?fit=615%2C410&ssl=1\",\"width\":615,\"height\":410},{\"@type\":\"WebPage\",\"@id\":\"https:\/\/www.peyrac.fr\/actualites\/lamb-001-la-premiere-moto-signee-aston-martin\/#webpage\",\"url\":\"https:\/\/www.peyrac.fr\/actualites\/lamb-001-la-premiere-moto-signee-aston-martin\/\",\"name\":\"L\\u2019AMB 001 : la premi\\u00e8re moto sign\\u00e9e Aston Martin - Actualit\\u00e9s\",\"isPartOf\":{\"@id\":\"https:\/\/www.peyrac.fr\/actualites\/#website\"},\"primaryImageOfPage\":{\"@id\":\"https:\/\/www.peyrac.fr\/actualites\/lamb-001-la-premiere-moto-signee-aston-martin\/#primaryimage\"},\"datePublished\":\"2020-05-05T14:33:51+00:00\",\"dateModified\":\"2020-05-05T14:33:51+00:00\",\"author\":{\"@id\":\"https:\/\/www.peyrac.fr\/actualites\/#\/schema\/person\/162ff8dc4aeb790d0bf315f75b32f724\"},\"breadcrumb\":{\"@id\":\"https:\/\/www.peyrac.fr\/actualites\/lamb-001-la-premiere-moto-signee-aston-martin\/#breadcrumb\"},\"inLanguage\":\"fr-FR\",\"potentialAction\":[{\"@type\":\"ReadAction\",\"target\":[\"https:\/\/www.peyrac.fr\/actualites\/lamb-001-la-premiere-moto-signee-aston-martin\/\"]}]},{\"@type\":\"BreadcrumbList\",\"@id\":\"https:\/\/www.peyrac.fr\/actualites\/lamb-001-la-premiere-moto-signee-aston-martin\/#breadcrumb\",\"itemListElement\":[{\"@type\":\"ListItem\",\"position\":1,\"item\":{\"@type\":\"WebPage\",\"@id\":\"https:\/\/www.peyrac.fr\/actualites\/\",\"url\":\"https:\/\/www.peyrac.fr\/actualites\/\",\"name\":\"Accueil des actualit\\u00e9s\"}},{\"@type\":\"ListItem\",\"position\":2,\"item\":{\"@type\":\"WebPage\",\"@id\":\"https:\/\/www.peyrac.fr\/actualites\/category\/non-classe\/\",\"url\":\"https:\/\/www.peyrac.fr\/actualites\/category\/non-classe\/\",\"name\":\"Non class\\u00e9\"}},{\"@type\":\"ListItem\",\"position\":3,\"item\":{\"@type\":\"WebPage\",\"@id\":\"https:\/\/www.peyrac.fr\/actualites\/lamb-001-la-premiere-moto-signee-aston-martin\/\",\"url\":\"https:\/\/www.peyrac.fr\/actualites\/lamb-001-la-premiere-moto-signee-aston-martin\/\",\"name\":\"L\\u2019AMB 001 : la premi\\u00e8re moto sign\\u00e9e Aston Martin\"}}]},{\"@type\":[\"Person\"],\"@id\":\"https:\/\/www.peyrac.fr\/actualites\/#\/schema\/person\/162ff8dc4aeb790d0bf315f75b32f724\",\"name\":\"M B\",\"image\":{\"@type\":\"ImageObject\",\"@id\":\"https:\/\/www.peyrac.fr\/actualites\/#personlogo\",\"inLanguage\":\"fr-FR\",\"url\":\"https:\/\/secure.gravatar.com\/avatar\/7095438c901b5d50da8fb9a6f5680d8c?s=96&d=mm&r=g\",\"caption\":\"M B\"}}]}<\/script>\n<!-- \/ Yoast SEO plugin. -->","jetpack_sharing_enabled":true,"jetpack_shortlink":"https:\/\/wp.me\/p9FV2m-8O","jetpack_likes_enabled":true,"jetpack-related-posts":[],"_links":{"self":[{"href":"https:\/\/www.peyrac.fr\/actualites\/wp-json\/wp\/v2\/posts\/546"}],"collection":[{"href":"https:\/\/www.peyrac.fr\/actualites\/wp-json\/wp\/v2\/posts"}],"about":[{"href":"https:\/\/www.peyrac.fr\/actualites\/wp-json\/wp\/v2\/types\/post"}],"author":[{"embeddable":true,"href":"https:\/\/www.peyrac.fr\/actualites\/wp-json\/wp\/v2\/users\/4"}],"replies":[{"embeddable":true,"href":"https:\/\/www.peyrac.fr\/actualites\/wp-json\/wp\/v2\/comments?post=546"}],"version-history":[{"count":5,"href":"https:\/\/www.peyrac.fr\/actualites\/wp-json\/wp\/v2\/posts\/546\/revisions"}],"predecessor-version":[{"id":554,"href":"https:\/\/www.peyrac.fr\/actualites\/wp-json\/wp\/v2\/posts\/546\/revisions\/554"}],"wp:attachment":[{"href":"https:\/\/www.peyrac.fr\/actualites\/wp-json\/wp\/v2\/media?parent=546"}],"wp:term":[{"taxonomy":"category","embeddable":true,"href":"https:\/\/www.peyrac.fr\/actualites\/wp-json\/wp\/v2\/categories?post=546"},{"taxonomy":"post_tag","embeddable":true,"href":"https:\/\/www.peyrac.fr\/actualites\/wp-json\/wp\/v2\/tags?post=546"}],"curies":[{"name":"wp","href":"https:\/\/api.w.org\/{rel}","templated":true}]}}