{"id":555,"date":"2020-05-07T16:03:50","date_gmt":"2020-05-07T14:03:50","guid":{"rendered":"http:\/\/www.peyrac.fr\/actualites\/?p=555"},"modified":"2020-05-07T22:14:46","modified_gmt":"2020-05-07T20:14:46","slug":"harley-davidson-rock-et-solidaire","status":"publish","type":"post","link":"https:\/\/www.peyrac.fr\/actualites\/harley-davidson-rock-et-solidaire\/","title":{"rendered":"Harley-Davidson: rock et solidaire"},"content":{"rendered":"\n<figure class=\"wp-block-image size-large\"><a href=\"https:\/\/www.peyrac.fr\/devis-assurance-2roues\"><img data-attachment-id=\"570\" data-permalink=\"https:\/\/www.peyrac.fr\/actualites\/harley-davidson-rock-et-solidaire\/harley-davidson-custom-1250-2021\/\" data-orig-file=\"https:\/\/i2.wp.com\/www.peyrac.fr\/actualites\/wp-content\/uploads\/2020\/05\/harley-davidson-custom-1250-2021.jpg?fit=1320%2C793&amp;ssl=1\" data-orig-size=\"1320,793\" data-comments-opened=\"1\" data-image-meta=\"{&quot;aperture&quot;:&quot;0&quot;,&quot;credit&quot;:&quot;&quot;,&quot;camera&quot;:&quot;&quot;,&quot;caption&quot;:&quot;&quot;,&quot;created_timestamp&quot;:&quot;0&quot;,&quot;copyright&quot;:&quot;&quot;,&quot;focal_length&quot;:&quot;0&quot;,&quot;iso&quot;:&quot;0&quot;,&quot;shutter_speed&quot;:&quot;0&quot;,&quot;title&quot;:&quot;&quot;,&quot;orientation&quot;:&quot;0&quot;}\" data-image-title=\"harley-davidson-custom-1250-2021\" data-image-description=\"\" data-medium-file=\"https:\/\/i2.wp.com\/www.peyrac.fr\/actualites\/wp-content\/uploads\/2020\/05\/harley-davidson-custom-1250-2021.jpg?fit=300%2C180&amp;ssl=1\" data-large-file=\"https:\/\/i2.wp.com\/www.peyrac.fr\/actualites\/wp-content\/uploads\/2020\/05\/harley-davidson-custom-1250-2021.jpg?fit=640%2C384&amp;ssl=1\" loading=\"lazy\" width=\"1320\" height=\"793\" src=\"https:\/\/i2.wp.com\/www.peyrac.fr\/actualites\/wp-content\/uploads\/2020\/05\/harley-davidson-custom-1250-2021.jpg?fit=640%2C384&amp;ssl=1\" alt=\"\" class=\"wp-image-570\" srcset=\"https:\/\/i2.wp.com\/www.peyrac.fr\/actualites\/wp-content\/uploads\/2020\/05\/harley-davidson-custom-1250-2021.jpg?w=1320&amp;ssl=1 1320w, https:\/\/i2.wp.com\/www.peyrac.fr\/actualites\/wp-content\/uploads\/2020\/05\/harley-davidson-custom-1250-2021.jpg?resize=300%2C180&amp;ssl=1 300w, https:\/\/i2.wp.com\/www.peyrac.fr\/actualites\/wp-content\/uploads\/2020\/05\/harley-davidson-custom-1250-2021.jpg?resize=1024%2C615&amp;ssl=1 1024w, https:\/\/i2.wp.com\/www.peyrac.fr\/actualites\/wp-content\/uploads\/2020\/05\/harley-davidson-custom-1250-2021.jpg?resize=768%2C461&amp;ssl=1 768w, https:\/\/i2.wp.com\/www.peyrac.fr\/actualites\/wp-content\/uploads\/2020\/05\/harley-davidson-custom-1250-2021.jpg?resize=449%2C270&amp;ssl=1 449w\" sizes=\"(max-width: 640px) 100vw, 640px\" \/><\/a><\/figure>\n\n\n\n<p>Le traditionnel festival de Grimaud organis\u00e9 par Harley-Davidson ne sera pas non plus \u00e9pargn\u00e9 par l\u2019\u00e9pid\u00e9mie. La marque vient en effet d&rsquo;annoncer qu\u2019il n\u2019aura malheureusement pas lieu cette ann\u00e9e.<\/p>\n\n\n\n<p>Mais pas d\u2019inqui\u00e9tude, elle n\u2019a pas pour autant l\u2019intention d\u2019abandonner ses fans. M\u00eame si rien ne remplacera l\u2019authenticit\u00e9 des concerts donn\u00e9s en live, Harley Davidson nous donne rendez-vous pour une s\u00e9rie de concerts rock et acoustique ce samedi 9&nbsp;mai \u00e0 partir de 19&nbsp;heures sur Facebook.<\/p>\n\n\n\n<p>Nombreux sont les artistes ayant r\u00e9pondu \u00e0 l\u2019appel. On comptera parmi eux&nbsp;Johnny Gallagher, Laura Cox, Murray Head ou encore Louis Bertignac. Cette soir\u00e9e, illustr\u00e9e par une affiche sign\u00e9e Franck Margerin, sera anim\u00e9e par Philippe Man\u0153uvre et Marc Gostoli. L\u2019ensemble des dons recueillis \u00e0 cette occasion seront revers\u00e9s \u00e0 la Fondation de France, qui se bat jour apr\u00e8s jour contre le virus. L&#8217;embl\u00e9matique Harley Davidson, toujours rock mais solidaire, nous promet donc une belle soir\u00e9e riche en sensation.<\/p>\n\n\n\n<p><a rel=\"noreferrer noopener\" href=\"https:\/\/www.peyrac.fr\/devis-assurance-2roues\" target=\"_blank\">DEVIS ET SOUSCRIPTION EN LIGNE EN 2 MN<\/a><br><a rel=\"noreferrer noopener\" href=\"https:\/\/www.peyrac.fr\/devis-assurance-2roues\" target=\"_blank\">Cliquez sur l&rsquo;image ci-dessous<\/a><\/p>\n\n\n\n<figure class=\"wp-block-image\"><a href=\"https:\/\/www.peyrac.fr\/devis-assurance-2roues\"><img src=\"https:\/\/i0.wp.com\/www.peyrac.fr\/img\/produits\/moto.png?w=640&#038;ssl=1\" alt=\"L\u2019attribut alt de cette image est vide, son nom de fichier est moto.png.\" data-recalc-dims=\"1\"\/><\/a><\/figure>\n\n\n\n<p><\/p>\n","protected":false},"excerpt":{"rendered":"<p>Le traditionnel festival de Grimaud organis\u00e9 par Harley-Davidson ne sera pas non plus \u00e9pargn\u00e9 par l\u2019\u00e9pid\u00e9mie. La marque vient en effet d&rsquo;annoncer qu\u2019il n\u2019aura malheureusement pas lieu cette ann\u00e9e. Mais pas d\u2019inqui\u00e9tude, elle n\u2019a pas pour autant l\u2019intention d\u2019abandonner ses fans. M\u00eame si rien ne remplacera l\u2019authenticit\u00e9 des concerts donn\u00e9s en live, Harley Davidson nous donne rendez-vous pour une s\u00e9rie de concerts rock et acoustique ce samedi 9&nbsp;mai \u00e0 partir de 19&nbsp;heures sur Facebook. Nombreux sont les artistes ayant r\u00e9pondu&#8230;<\/p>\n<p class=\"read-more\"><a class=\"btn btn-default\" href=\"https:\/\/www.peyrac.fr\/actualites\/harley-davidson-rock-et-solidaire\/\">Lire la suite<span class=\"screen-reader-text\"> Lire la suite<\/span><\/a><\/p>\n","protected":false},"author":4,"featured_media":0,"comment_status":"open","ping_status":"open","sticky":false,"template":"","format":"standard","meta":{"spay_email":"","jetpack_publicize_message":""},"categories":[1],"tags":[],"jetpack_featured_media_url":"","jetpack_publicize_connections":[],"yoast_head":"<!-- This site is optimized with the Yoast SEO plugin v14.2 - https:\/\/yoast.com\/wordpress\/plugins\/seo\/ -->\n<title>Harley-Davidson: rock et solidaire - Actualit\u00e9s<\/title>\n<meta name=\"robots\" content=\"index, follow\" \/>\n<meta name=\"googlebot\" content=\"index, follow, max-snippet:-1, max-image-preview:large, max-video-preview:-1\" \/>\n<meta name=\"bingbot\" content=\"index, follow, max-snippet:-1, max-image-preview:large, max-video-preview:-1\" \/>\n<link rel=\"canonical\" href=\"http:\/\/www.peyrac.fr\/actualites\/harley-davidson-rock-et-solidaire\/\" \/>\n<meta property=\"og:locale\" content=\"fr_FR\" \/>\n<meta property=\"og:type\" content=\"article\" \/>\n<meta property=\"og:title\" content=\"Harley-Davidson: rock et solidaire - Actualit\u00e9s\" \/>\n<meta property=\"og:description\" content=\"Le traditionnel festival de Grimaud organis\u00e9 par Harley-Davidson ne sera pas non plus \u00e9pargn\u00e9 par l\u2019\u00e9pid\u00e9mie. La marque vient en effet d&rsquo;annoncer qu\u2019il n\u2019aura malheureusement pas lieu cette ann\u00e9e. Mais pas d\u2019inqui\u00e9tude, elle n\u2019a pas pour autant l\u2019intention d\u2019abandonner ses fans. M\u00eame si rien ne remplacera l\u2019authenticit\u00e9 des concerts donn\u00e9s en live, Harley Davidson nous donne rendez-vous pour une s\u00e9rie de concerts rock et acoustique ce samedi 9&nbsp;mai \u00e0 partir de 19&nbsp;heures sur Facebook. Nombreux sont les artistes ayant r\u00e9pondu...Lire la suite Lire la suite\" \/>\n<meta property=\"og:url\" content=\"http:\/\/www.peyrac.fr\/actualites\/harley-davidson-rock-et-solidaire\/\" \/>\n<meta property=\"og:site_name\" content=\"Actualit\u00e9s\" \/>\n<meta property=\"article:publisher\" content=\"https:\/\/fr-fr.facebook.com\/pages\/category\/Insurance-Broker\/Peyrac-Assurances-785156224901716\/\" \/>\n<meta property=\"article:published_time\" content=\"2020-05-07T14:03:50+00:00\" \/>\n<meta property=\"article:modified_time\" content=\"2020-05-07T20:14:46+00:00\" \/>\n<meta property=\"og:image\" content=\"https:\/\/i2.wp.com\/www.peyrac.fr\/actualites\/wp-content\/uploads\/2020\/05\/harley-davidson-custom-1250-2021.jpg?fit=640%2C384&#038;ssl=1\" \/>\n<meta name=\"twitter:card\" content=\"summary\" \/>\n<meta name=\"twitter:creator\" content=\"@PeyracAssurance\" \/>\n<meta name=\"twitter:site\" content=\"@PeyracAssurance\" \/>\n<script type=\"application\/ld+json\" class=\"yoast-schema-graph\">{\"@context\":\"https:\/\/schema.org\",\"@graph\":[{\"@type\":\"WebSite\",\"@id\":\"https:\/\/www.peyrac.fr\/actualites\/#website\",\"url\":\"https:\/\/www.peyrac.fr\/actualites\/\",\"name\":\"Peyrac Assurances\",\"description\":\"\",\"potentialAction\":[{\"@type\":\"SearchAction\",\"target\":\"https:\/\/www.peyrac.fr\/actualites\/?s={search_term_string}\",\"query-input\":\"required name=search_term_string\"}],\"inLanguage\":\"fr-FR\"},{\"@type\":\"ImageObject\",\"@id\":\"http:\/\/www.peyrac.fr\/actualites\/harley-davidson-rock-et-solidaire\/#primaryimage\",\"inLanguage\":\"fr-FR\",\"url\":\"https:\/\/i2.wp.com\/www.peyrac.fr\/actualites\/wp-content\/uploads\/2020\/05\/harley-davidson-custom-1250-2021.jpg?fit=640%2C384&amp;ssl=1\"},{\"@type\":\"WebPage\",\"@id\":\"http:\/\/www.peyrac.fr\/actualites\/harley-davidson-rock-et-solidaire\/#webpage\",\"url\":\"http:\/\/www.peyrac.fr\/actualites\/harley-davidson-rock-et-solidaire\/\",\"name\":\"Harley-Davidson: rock et solidaire - Actualit\\u00e9s\",\"isPartOf\":{\"@id\":\"https:\/\/www.peyrac.fr\/actualites\/#website\"},\"primaryImageOfPage\":{\"@id\":\"http:\/\/www.peyrac.fr\/actualites\/harley-davidson-rock-et-solidaire\/#primaryimage\"},\"datePublished\":\"2020-05-07T14:03:50+00:00\",\"dateModified\":\"2020-05-07T20:14:46+00:00\",\"author\":{\"@id\":\"https:\/\/www.peyrac.fr\/actualites\/#\/schema\/person\/162ff8dc4aeb790d0bf315f75b32f724\"},\"breadcrumb\":{\"@id\":\"http:\/\/www.peyrac.fr\/actualites\/harley-davidson-rock-et-solidaire\/#breadcrumb\"},\"inLanguage\":\"fr-FR\",\"potentialAction\":[{\"@type\":\"ReadAction\",\"target\":[\"http:\/\/www.peyrac.fr\/actualites\/harley-davidson-rock-et-solidaire\/\"]}]},{\"@type\":\"BreadcrumbList\",\"@id\":\"http:\/\/www.peyrac.fr\/actualites\/harley-davidson-rock-et-solidaire\/#breadcrumb\",\"itemListElement\":[{\"@type\":\"ListItem\",\"position\":1,\"item\":{\"@type\":\"WebPage\",\"@id\":\"https:\/\/www.peyrac.fr\/actualites\/\",\"url\":\"https:\/\/www.peyrac.fr\/actualites\/\",\"name\":\"Accueil des actualit\\u00e9s\"}},{\"@type\":\"ListItem\",\"position\":2,\"item\":{\"@type\":\"WebPage\",\"@id\":\"https:\/\/www.peyrac.fr\/actualites\/category\/non-classe\/\",\"url\":\"https:\/\/www.peyrac.fr\/actualites\/category\/non-classe\/\",\"name\":\"Non class\\u00e9\"}},{\"@type\":\"ListItem\",\"position\":3,\"item\":{\"@type\":\"WebPage\",\"@id\":\"http:\/\/www.peyrac.fr\/actualites\/harley-davidson-rock-et-solidaire\/\",\"url\":\"http:\/\/www.peyrac.fr\/actualites\/harley-davidson-rock-et-solidaire\/\",\"name\":\"Harley-Davidson: rock et solidaire\"}}]},{\"@type\":[\"Person\"],\"@id\":\"https:\/\/www.peyrac.fr\/actualites\/#\/schema\/person\/162ff8dc4aeb790d0bf315f75b32f724\",\"name\":\"M B\",\"image\":{\"@type\":\"ImageObject\",\"@id\":\"https:\/\/www.peyrac.fr\/actualites\/#personlogo\",\"inLanguage\":\"fr-FR\",\"url\":\"https:\/\/secure.gravatar.com\/avatar\/7095438c901b5d50da8fb9a6f5680d8c?s=96&d=mm&r=g\",\"caption\":\"M B\"}}]}<\/script>\n<!-- \/ Yoast SEO plugin. -->","jetpack_sharing_enabled":true,"jetpack_shortlink":"https:\/\/wp.me\/p9FV2m-8X","jetpack_likes_enabled":true,"jetpack-related-posts":[],"_links":{"self":[{"href":"https:\/\/www.peyrac.fr\/actualites\/wp-json\/wp\/v2\/posts\/555"}],"collection":[{"href":"https:\/\/www.peyrac.fr\/actualites\/wp-json\/wp\/v2\/posts"}],"about":[{"href":"https:\/\/www.peyrac.fr\/actualites\/wp-json\/wp\/v2\/types\/post"}],"author":[{"embeddable":true,"href":"https:\/\/www.peyrac.fr\/actualites\/wp-json\/wp\/v2\/users\/4"}],"replies":[{"embeddable":true,"href":"https:\/\/www.peyrac.fr\/actualites\/wp-json\/wp\/v2\/comments?post=555"}],"version-history":[{"count":13,"href":"https:\/\/www.peyrac.fr\/actualites\/wp-json\/wp\/v2\/posts\/555\/revisions"}],"predecessor-version":[{"id":571,"href":"https:\/\/www.peyrac.fr\/actualites\/wp-json\/wp\/v2\/posts\/555\/revisions\/571"}],"wp:attachment":[{"href":"https:\/\/www.peyrac.fr\/actualites\/wp-json\/wp\/v2\/media?parent=555"}],"wp:term":[{"taxonomy":"category","embeddable":true,"href":"https:\/\/www.peyrac.fr\/actualites\/wp-json\/wp\/v2\/categories?post=555"},{"taxonomy":"post_tag","embeddable":true,"href":"https:\/\/www.peyrac.fr\/actualites\/wp-json\/wp\/v2\/tags?post=555"}],"curies":[{"name":"wp","href":"https:\/\/api.w.org\/{rel}","templated":true}]}}