{"id":572,"date":"2020-05-12T17:38:39","date_gmt":"2020-05-12T15:38:39","guid":{"rendered":"http:\/\/www.peyrac.fr\/actualites\/?p=572"},"modified":"2020-05-18T10:17:06","modified_gmt":"2020-05-18T08:17:06","slug":"le-deux-roues-motorise-lessayer-cest-ladopter","status":"publish","type":"post","link":"https:\/\/www.peyrac.fr\/actualites\/le-deux-roues-motorise-lessayer-cest-ladopter\/","title":{"rendered":"Le deux-roues motoris\u00e9 : l\u2019essayer c\u2019est l\u2019adopter !"},"content":{"rendered":"\n<div class=\"wp-block-image\"><figure class=\"aligncenter is-resized\"><a href=\"peyrac.fr\/devis-assurance-2roues\"><img loading=\"lazy\" src=\"https:\/\/i1.wp.com\/www.peyrac.fr\/actualites\/wp-content\/uploads\/2020\/05\/Marche20Mars202018.jpg?resize=633%2C408&#038;ssl=1\" alt=\"L\u2019attribut alt de cette image est vide, son nom de fichier est Marche20Mars202018.jpg.\" width=\"633\" height=\"408\" data-recalc-dims=\"1\" \/><\/a><\/figure><\/div>\n\n\n\n<p>Le 11 mai marque le d\u00e9but de la reprise d\u2019activit\u00e9 pour beaucoup d\u2019entre nous. Les transports devraient fonctionner mais pas de fa\u00e7on optimale, comme l\u2019on constat\u00e9 de nombreux usagers. Les dirigeants de la RATP et de la SNCF ont annonc\u00e9 qu&rsquo;ils ne pourraient assurer qu&rsquo;\u00e0 60% la circulation des trains, RER ou bus, compte tenu des contraintes de limitation de si\u00e8ges, de distanciation ou du manque de personnel disponible. Le nombre de places assises sera n\u00e9cessairement r\u00e9duit. La ville de Paris envisagerait m\u00eame la fermeture de 60 stations de m\u00e9tro si le d\u00e9confinement s\u2019op\u00e8re mal. Donc autant vous dire que circuler dans Paris ne sera pas une partie de plaisir. Et bien que le gouvernement recommande vivement la marche \u00e0 pied ou le v\u00e9lo, cela pourrait devenir compliqu\u00e9 si tout le monde d\u00e9cide plut\u00f4t d\u2019utiliser sa voiture. Par cons\u00e9quent, le deux roues motoris\u00e9s appara\u00eet comme une alternative tout \u00e0 fait convaincante, car il met fin \u00e0 la promiscuit\u00e9 des transports en commun, aux dangers de la trottinette ou encore aux bouchons au volant !<\/p>\n\n\n\n<p>Passer au deux roues n\u00e9cessite cependant de connaitre la l\u00e9gislation en vigueur. Certains v\u00e9hicules se conduisent sans permis et d\u2019autres, tels que les 125 cm3, n\u00e9cessiteront l\u2019obtention d\u2019une rapide formation. Il est \u00e9galement important de r\u00e9fl\u00e9chir \u00e0 un budget. Il faut aussi cibler son usage en fonction de la longueur de vos trajets quotidiens pour vous orienter dans votre choix : moto ou scooter, 2 ou 3 roues, thermique ou \u00e9lectrique ?<\/p>\n\n\n\n<p>Peu importe le genre de deux roues que vous choisirez, apr\u00e8s y avoir goutt\u00e9, vous risquez d\u2019\u00eatre surpris par son cot\u00e9 addictif. Il vous sera alors tr\u00e8s difficile de reprendre votre voiture ! <\/p>\n\n\n\n<p><a rel=\"noreferrer noopener\" href=\"https:\/\/www.peyrac.fr\/devis-assurance-2roues\" target=\"_blank\">DEVIS ET SOUSCRIPTION EN LIGNE EN 2 MN<\/a><br><a rel=\"noreferrer noopener\" href=\"https:\/\/www.peyrac.fr\/devis-assurance-2roues\" target=\"_blank\">Cliquez sur l&rsquo;image ci-dessous<\/a><\/p>\n\n\n\n<figure class=\"wp-block-image\"><a href=\"peyrac.fr\/devis-assurance-2roues\"><img src=\"https:\/\/i0.wp.com\/www.peyrac.fr\/img\/produits\/moto.png?w=640&#038;ssl=1\" alt=\"L\u2019attribut alt de cette image est vide, son nom de fichier est moto.png.\" data-recalc-dims=\"1\"\/><\/a><\/figure>\n","protected":false},"excerpt":{"rendered":"<p>Le 11 mai marque le d\u00e9but de la reprise d\u2019activit\u00e9 pour beaucoup d\u2019entre nous. Les transports devraient fonctionner mais pas de fa\u00e7on optimale, comme l\u2019on constat\u00e9 de nombreux usagers. Les dirigeants de la RATP et de la SNCF ont annonc\u00e9 qu&rsquo;ils ne pourraient assurer qu&rsquo;\u00e0 60% la circulation des trains, RER ou bus, compte tenu des contraintes de limitation de si\u00e8ges, de distanciation ou du manque de personnel disponible. Le nombre de places assises sera n\u00e9cessairement r\u00e9duit. La ville de&#8230;<\/p>\n<p class=\"read-more\"><a class=\"btn btn-default\" href=\"https:\/\/www.peyrac.fr\/actualites\/le-deux-roues-motorise-lessayer-cest-ladopter\/\">Lire la suite<span class=\"screen-reader-text\"> Lire la suite<\/span><\/a><\/p>\n","protected":false},"author":4,"featured_media":0,"comment_status":"open","ping_status":"open","sticky":false,"template":"","format":"standard","meta":{"spay_email":"","jetpack_publicize_message":""},"categories":[1],"tags":[],"jetpack_featured_media_url":"","jetpack_publicize_connections":[],"yoast_head":"<!-- This site is optimized with the Yoast SEO plugin v14.2 - https:\/\/yoast.com\/wordpress\/plugins\/seo\/ -->\n<title>Le deux-roues motoris\u00e9 : l\u2019essayer c\u2019est l\u2019adopter ! - Actualit\u00e9s<\/title>\n<meta name=\"robots\" content=\"index, follow\" \/>\n<meta name=\"googlebot\" content=\"index, follow, max-snippet:-1, max-image-preview:large, max-video-preview:-1\" \/>\n<meta name=\"bingbot\" content=\"index, follow, max-snippet:-1, max-image-preview:large, max-video-preview:-1\" \/>\n<link rel=\"canonical\" href=\"http:\/\/www.peyrac.fr\/actualites\/le-deux-roues-motorise-lessayer-cest-ladopter\/\" \/>\n<meta property=\"og:locale\" content=\"fr_FR\" \/>\n<meta property=\"og:type\" content=\"article\" \/>\n<meta property=\"og:title\" content=\"Le deux-roues motoris\u00e9 : l\u2019essayer c\u2019est l\u2019adopter ! - Actualit\u00e9s\" \/>\n<meta property=\"og:description\" content=\"Le 11 mai marque le d\u00e9but de la reprise d\u2019activit\u00e9 pour beaucoup d\u2019entre nous. Les transports devraient fonctionner mais pas de fa\u00e7on optimale, comme l\u2019on constat\u00e9 de nombreux usagers. Les dirigeants de la RATP et de la SNCF ont annonc\u00e9 qu&rsquo;ils ne pourraient assurer qu&rsquo;\u00e0 60% la circulation des trains, RER ou bus, compte tenu des contraintes de limitation de si\u00e8ges, de distanciation ou du manque de personnel disponible. Le nombre de places assises sera n\u00e9cessairement r\u00e9duit. La ville de...Lire la suite Lire la suite\" \/>\n<meta property=\"og:url\" content=\"http:\/\/www.peyrac.fr\/actualites\/le-deux-roues-motorise-lessayer-cest-ladopter\/\" \/>\n<meta property=\"og:site_name\" content=\"Actualit\u00e9s\" \/>\n<meta property=\"article:publisher\" content=\"https:\/\/fr-fr.facebook.com\/pages\/category\/Insurance-Broker\/Peyrac-Assurances-785156224901716\/\" \/>\n<meta property=\"article:published_time\" content=\"2020-05-12T15:38:39+00:00\" \/>\n<meta property=\"article:modified_time\" content=\"2020-05-18T08:17:06+00:00\" \/>\n<meta property=\"og:image\" content=\"https:\/\/www.peyrac.fr\/actualites\/wp-content\/uploads\/2020\/05\/Marche20Mars202018.jpg\" \/>\n<meta name=\"twitter:card\" content=\"summary\" \/>\n<meta name=\"twitter:creator\" content=\"@PeyracAssurance\" \/>\n<meta name=\"twitter:site\" content=\"@PeyracAssurance\" \/>\n<script type=\"application\/ld+json\" class=\"yoast-schema-graph\">{\"@context\":\"https:\/\/schema.org\",\"@graph\":[{\"@type\":\"WebSite\",\"@id\":\"https:\/\/www.peyrac.fr\/actualites\/#website\",\"url\":\"https:\/\/www.peyrac.fr\/actualites\/\",\"name\":\"Peyrac Assurances\",\"description\":\"\",\"potentialAction\":[{\"@type\":\"SearchAction\",\"target\":\"https:\/\/www.peyrac.fr\/actualites\/?s={search_term_string}\",\"query-input\":\"required name=search_term_string\"}],\"inLanguage\":\"fr-FR\"},{\"@type\":\"ImageObject\",\"@id\":\"http:\/\/www.peyrac.fr\/actualites\/le-deux-roues-motorise-lessayer-cest-ladopter\/#primaryimage\",\"inLanguage\":\"fr-FR\",\"url\":\"https:\/\/i1.wp.com\/www.peyrac.fr\/actualites\/wp-content\/uploads\/2020\/05\/Marche20Mars202018.jpg?fit=728%2C470&ssl=1\",\"width\":728,\"height\":470},{\"@type\":\"WebPage\",\"@id\":\"http:\/\/www.peyrac.fr\/actualites\/le-deux-roues-motorise-lessayer-cest-ladopter\/#webpage\",\"url\":\"http:\/\/www.peyrac.fr\/actualites\/le-deux-roues-motorise-lessayer-cest-ladopter\/\",\"name\":\"Le deux-roues motoris\\u00e9 : l\\u2019essayer c\\u2019est l\\u2019adopter ! - Actualit\\u00e9s\",\"isPartOf\":{\"@id\":\"https:\/\/www.peyrac.fr\/actualites\/#website\"},\"primaryImageOfPage\":{\"@id\":\"http:\/\/www.peyrac.fr\/actualites\/le-deux-roues-motorise-lessayer-cest-ladopter\/#primaryimage\"},\"datePublished\":\"2020-05-12T15:38:39+00:00\",\"dateModified\":\"2020-05-18T08:17:06+00:00\",\"author\":{\"@id\":\"https:\/\/www.peyrac.fr\/actualites\/#\/schema\/person\/162ff8dc4aeb790d0bf315f75b32f724\"},\"breadcrumb\":{\"@id\":\"http:\/\/www.peyrac.fr\/actualites\/le-deux-roues-motorise-lessayer-cest-ladopter\/#breadcrumb\"},\"inLanguage\":\"fr-FR\",\"potentialAction\":[{\"@type\":\"ReadAction\",\"target\":[\"http:\/\/www.peyrac.fr\/actualites\/le-deux-roues-motorise-lessayer-cest-ladopter\/\"]}]},{\"@type\":\"BreadcrumbList\",\"@id\":\"http:\/\/www.peyrac.fr\/actualites\/le-deux-roues-motorise-lessayer-cest-ladopter\/#breadcrumb\",\"itemListElement\":[{\"@type\":\"ListItem\",\"position\":1,\"item\":{\"@type\":\"WebPage\",\"@id\":\"https:\/\/www.peyrac.fr\/actualites\/\",\"url\":\"https:\/\/www.peyrac.fr\/actualites\/\",\"name\":\"Accueil des actualit\\u00e9s\"}},{\"@type\":\"ListItem\",\"position\":2,\"item\":{\"@type\":\"WebPage\",\"@id\":\"https:\/\/www.peyrac.fr\/actualites\/category\/non-classe\/\",\"url\":\"https:\/\/www.peyrac.fr\/actualites\/category\/non-classe\/\",\"name\":\"Non class\\u00e9\"}},{\"@type\":\"ListItem\",\"position\":3,\"item\":{\"@type\":\"WebPage\",\"@id\":\"http:\/\/www.peyrac.fr\/actualites\/le-deux-roues-motorise-lessayer-cest-ladopter\/\",\"url\":\"http:\/\/www.peyrac.fr\/actualites\/le-deux-roues-motorise-lessayer-cest-ladopter\/\",\"name\":\"Le deux-roues motoris\\u00e9 : l\\u2019essayer c\\u2019est l\\u2019adopter !\"}}]},{\"@type\":[\"Person\"],\"@id\":\"https:\/\/www.peyrac.fr\/actualites\/#\/schema\/person\/162ff8dc4aeb790d0bf315f75b32f724\",\"name\":\"M B\",\"image\":{\"@type\":\"ImageObject\",\"@id\":\"https:\/\/www.peyrac.fr\/actualites\/#personlogo\",\"inLanguage\":\"fr-FR\",\"url\":\"https:\/\/secure.gravatar.com\/avatar\/7095438c901b5d50da8fb9a6f5680d8c?s=96&d=mm&r=g\",\"caption\":\"M B\"}}]}<\/script>\n<!-- \/ Yoast SEO plugin. -->","jetpack_sharing_enabled":true,"jetpack_shortlink":"https:\/\/wp.me\/p9FV2m-9e","jetpack_likes_enabled":true,"jetpack-related-posts":[],"_links":{"self":[{"href":"https:\/\/www.peyrac.fr\/actualites\/wp-json\/wp\/v2\/posts\/572"}],"collection":[{"href":"https:\/\/www.peyrac.fr\/actualites\/wp-json\/wp\/v2\/posts"}],"about":[{"href":"https:\/\/www.peyrac.fr\/actualites\/wp-json\/wp\/v2\/types\/post"}],"author":[{"embeddable":true,"href":"https:\/\/www.peyrac.fr\/actualites\/wp-json\/wp\/v2\/users\/4"}],"replies":[{"embeddable":true,"href":"https:\/\/www.peyrac.fr\/actualites\/wp-json\/wp\/v2\/comments?post=572"}],"version-history":[{"count":8,"href":"https:\/\/www.peyrac.fr\/actualites\/wp-json\/wp\/v2\/posts\/572\/revisions"}],"predecessor-version":[{"id":595,"href":"https:\/\/www.peyrac.fr\/actualites\/wp-json\/wp\/v2\/posts\/572\/revisions\/595"}],"wp:attachment":[{"href":"https:\/\/www.peyrac.fr\/actualites\/wp-json\/wp\/v2\/media?parent=572"}],"wp:term":[{"taxonomy":"category","embeddable":true,"href":"https:\/\/www.peyrac.fr\/actualites\/wp-json\/wp\/v2\/categories?post=572"},{"taxonomy":"post_tag","embeddable":true,"href":"https:\/\/www.peyrac.fr\/actualites\/wp-json\/wp\/v2\/tags?post=572"}],"curies":[{"name":"wp","href":"https:\/\/api.w.org\/{rel}","templated":true}]}}