{"id":596,"date":"2020-05-22T15:24:13","date_gmt":"2020-05-22T13:24:13","guid":{"rendered":"http:\/\/www.peyrac.fr\/actualites\/?p=596"},"modified":"2020-05-22T15:24:14","modified_gmt":"2020-05-22T13:24:14","slug":"prolongation-de-la-validite-du-code-de-la-route","status":"publish","type":"post","link":"https:\/\/www.peyrac.fr\/actualites\/prolongation-de-la-validite-du-code-de-la-route\/","title":{"rendered":"Prolongation de la validit\u00e9 du code de la route"},"content":{"rendered":"\n<div class=\"wp-block-image\"><figure class=\"aligncenter size-large is-resized\"><a href=\"https:\/\/www.peyrac.fr\/devis-assurance-2roues\"><img data-attachment-id=\"598\" data-permalink=\"https:\/\/www.peyrac.fr\/actualites\/prolongation-de-la-validite-du-code-de-la-route\/prol\/\" data-orig-file=\"https:\/\/i2.wp.com\/www.peyrac.fr\/actualites\/wp-content\/uploads\/2020\/05\/prol.png?fit=800%2C604&amp;ssl=1\" data-orig-size=\"800,604\" data-comments-opened=\"1\" data-image-meta=\"{&quot;aperture&quot;:&quot;0&quot;,&quot;credit&quot;:&quot;&quot;,&quot;camera&quot;:&quot;&quot;,&quot;caption&quot;:&quot;&quot;,&quot;created_timestamp&quot;:&quot;0&quot;,&quot;copyright&quot;:&quot;&quot;,&quot;focal_length&quot;:&quot;0&quot;,&quot;iso&quot;:&quot;0&quot;,&quot;shutter_speed&quot;:&quot;0&quot;,&quot;title&quot;:&quot;&quot;,&quot;orientation&quot;:&quot;0&quot;}\" data-image-title=\"prol\" data-image-description=\"\" data-medium-file=\"https:\/\/i2.wp.com\/www.peyrac.fr\/actualites\/wp-content\/uploads\/2020\/05\/prol.png?fit=300%2C227&amp;ssl=1\" data-large-file=\"https:\/\/i2.wp.com\/www.peyrac.fr\/actualites\/wp-content\/uploads\/2020\/05\/prol.png?fit=640%2C483&amp;ssl=1\" loading=\"lazy\" src=\"https:\/\/i2.wp.com\/www.peyrac.fr\/actualites\/wp-content\/uploads\/2020\/05\/prol.png?resize=555%2C418&#038;ssl=1\" alt=\"\" class=\"wp-image-598\" width=\"555\" height=\"418\" srcset=\"https:\/\/i2.wp.com\/www.peyrac.fr\/actualites\/wp-content\/uploads\/2020\/05\/prol.png?w=800&amp;ssl=1 800w, https:\/\/i2.wp.com\/www.peyrac.fr\/actualites\/wp-content\/uploads\/2020\/05\/prol.png?resize=300%2C227&amp;ssl=1 300w, https:\/\/i2.wp.com\/www.peyrac.fr\/actualites\/wp-content\/uploads\/2020\/05\/prol.png?resize=768%2C580&amp;ssl=1 768w, https:\/\/i2.wp.com\/www.peyrac.fr\/actualites\/wp-content\/uploads\/2020\/05\/prol.png?resize=358%2C270&amp;ssl=1 358w\" sizes=\"(max-width: 555px) 100vw, 555px\" data-recalc-dims=\"1\" \/><\/a><\/figure><\/div>\n\n\n\n<p>Beaucoup de candidats au permis de conduire ont vu leur date d\u2019examen annuler en raison du confinement. De nouvelles places sont propos\u00e9es mais la reprise des examens va s\u2019effectuer tr\u00e8s lentement, notamment \u00e0 cause des conditions sanitaires exig\u00e9es.<\/p>\n\n\n\n<p>Compte tenu de la situation, on peut s\u2019interroger sur le sort des personnes ayant obtenu leur code depuis bient\u00f4t cinq&nbsp;ans, date limite de sa validit\u00e9. Les candidats pourraient le repasser mais cela g\u00e9n\u00e9rerait plus d&rsquo;examens alors que le syst\u00e8me est d\u00e9j\u00e0 satur\u00e9. C&rsquo;est pourquoi il a \u00e9t\u00e9 convenu que la validit\u00e9 du code de la route soit prolong\u00e9e le temps du confinement. Mais au vue de la surcharge g\u00e9n\u00e9rale du syst\u00e8me, elle est finalement prolong\u00e9e jusqu&rsquo;\u00e0 la fin de l&rsquo;ann\u00e9e 2020.<\/p>\n\n\n\n<p>La situation est cependant plus d\u00e9licate pour les motards. En effet, ils ont deux examens \u00e0 passer apr\u00e8s le code de la route&nbsp;: le plateau et la circulation. Si l\u2019\u00e9preuve de circulation est pass\u00e9e au-del\u00e0 d&rsquo;un d\u00e9lai de trois ans, le candidat est alors contraint de repasser l\u2019\u00e9preuve du plateau. C\u2019est pourquoi une d\u00e9rogation a \u00e9t\u00e9 \u00e9galement effectu\u00e9e, les candidats ayant r\u00e9ussi l&rsquo;\u00e9preuve du plateau entre le 12 mars et le 31 d\u00e9cembre 2017, voient eux-aussi la validit\u00e9 de l&rsquo;examen prolong\u00e9e jusqu&rsquo;en d\u00e9cembre 2020.<\/p>\n\n\n\n<p>Voil\u00e0 une nouvelle qui devrait rassurer de nombreux candidats qui pourront ainsi reprendre les cours avec plus de s\u00e9r\u00e9nit\u00e9.<\/p>\n\n\n\n<p><a rel=\"noreferrer noopener\" href=\"https:\/\/www.peyrac.fr\/devis-assurance-2roues\" target=\"_blank\">DEVIS ET SOUSCRIPTION EN LIGNE EN 2 MN<\/a><br><a rel=\"noreferrer noopener\" href=\"https:\/\/www.peyrac.fr\/devis-assurance-2roues\" target=\"_blank\">Cliquez sur l&rsquo;image ci-dessous<\/a><\/p>\n\n\n\n<figure class=\"wp-block-image\"><a href=\"https:\/\/www.peyrac.fr\/devis-assurance-2roues\"><img src=\"https:\/\/i0.wp.com\/www.peyrac.fr\/img\/produits\/moto.png?w=640&#038;ssl=1\" alt=\"L\u2019attribut alt de cette image est vide, son nom de fichier est moto.png.\" data-recalc-dims=\"1\"\/><\/a><\/figure>\n","protected":false},"excerpt":{"rendered":"<p>Beaucoup de candidats au permis de conduire ont vu leur date d\u2019examen annuler en raison du confinement. De nouvelles places sont propos\u00e9es mais la reprise des examens va s\u2019effectuer tr\u00e8s lentement, notamment \u00e0 cause des conditions sanitaires exig\u00e9es. Compte tenu de la situation, on peut s\u2019interroger sur le sort des personnes ayant obtenu leur code depuis bient\u00f4t cinq&nbsp;ans, date limite de sa validit\u00e9. Les candidats pourraient le repasser mais cela g\u00e9n\u00e9rerait plus d&rsquo;examens alors que le syst\u00e8me est d\u00e9j\u00e0 satur\u00e9&#8230;.<\/p>\n<p class=\"read-more\"><a class=\"btn btn-default\" href=\"https:\/\/www.peyrac.fr\/actualites\/prolongation-de-la-validite-du-code-de-la-route\/\">Lire la suite<span class=\"screen-reader-text\"> Lire la suite<\/span><\/a><\/p>\n","protected":false},"author":4,"featured_media":0,"comment_status":"open","ping_status":"open","sticky":false,"template":"","format":"standard","meta":{"spay_email":"","jetpack_publicize_message":""},"categories":[1],"tags":[],"jetpack_featured_media_url":"","jetpack_publicize_connections":[],"yoast_head":"<!-- This site is optimized with the Yoast SEO plugin v14.2 - https:\/\/yoast.com\/wordpress\/plugins\/seo\/ -->\n<title>Prolongation de la validit\u00e9 du code de la route - Actualit\u00e9s<\/title>\n<meta name=\"robots\" content=\"index, follow\" \/>\n<meta name=\"googlebot\" content=\"index, follow, max-snippet:-1, max-image-preview:large, max-video-preview:-1\" \/>\n<meta name=\"bingbot\" content=\"index, follow, max-snippet:-1, max-image-preview:large, max-video-preview:-1\" \/>\n<link rel=\"canonical\" href=\"http:\/\/www.peyrac.fr\/actualites\/prolongation-de-la-validite-du-code-de-la-route\/\" \/>\n<meta property=\"og:locale\" content=\"fr_FR\" \/>\n<meta property=\"og:type\" content=\"article\" \/>\n<meta property=\"og:title\" content=\"Prolongation de la validit\u00e9 du code de la route - Actualit\u00e9s\" \/>\n<meta property=\"og:description\" content=\"Beaucoup de candidats au permis de conduire ont vu leur date d\u2019examen annuler en raison du confinement. De nouvelles places sont propos\u00e9es mais la reprise des examens va s\u2019effectuer tr\u00e8s lentement, notamment \u00e0 cause des conditions sanitaires exig\u00e9es. Compte tenu de la situation, on peut s\u2019interroger sur le sort des personnes ayant obtenu leur code depuis bient\u00f4t cinq&nbsp;ans, date limite de sa validit\u00e9. Les candidats pourraient le repasser mais cela g\u00e9n\u00e9rerait plus d&rsquo;examens alors que le syst\u00e8me est d\u00e9j\u00e0 satur\u00e9....Lire la suite Lire la suite\" \/>\n<meta property=\"og:url\" content=\"http:\/\/www.peyrac.fr\/actualites\/prolongation-de-la-validite-du-code-de-la-route\/\" \/>\n<meta property=\"og:site_name\" content=\"Actualit\u00e9s\" \/>\n<meta property=\"article:publisher\" content=\"https:\/\/fr-fr.facebook.com\/pages\/category\/Insurance-Broker\/Peyrac-Assurances-785156224901716\/\" \/>\n<meta property=\"article:published_time\" content=\"2020-05-22T13:24:13+00:00\" \/>\n<meta property=\"article:modified_time\" content=\"2020-05-22T13:24:14+00:00\" \/>\n<meta property=\"og:image\" content=\"https:\/\/www.peyrac.fr\/actualites\/wp-content\/uploads\/2020\/05\/prol.png\" \/>\n<meta name=\"twitter:card\" content=\"summary\" \/>\n<meta name=\"twitter:creator\" content=\"@PeyracAssurance\" \/>\n<meta name=\"twitter:site\" content=\"@PeyracAssurance\" \/>\n<script type=\"application\/ld+json\" class=\"yoast-schema-graph\">{\"@context\":\"https:\/\/schema.org\",\"@graph\":[{\"@type\":\"WebSite\",\"@id\":\"https:\/\/www.peyrac.fr\/actualites\/#website\",\"url\":\"https:\/\/www.peyrac.fr\/actualites\/\",\"name\":\"Peyrac Assurances\",\"description\":\"\",\"potentialAction\":[{\"@type\":\"SearchAction\",\"target\":\"https:\/\/www.peyrac.fr\/actualites\/?s={search_term_string}\",\"query-input\":\"required name=search_term_string\"}],\"inLanguage\":\"fr-FR\"},{\"@type\":\"ImageObject\",\"@id\":\"http:\/\/www.peyrac.fr\/actualites\/prolongation-de-la-validite-du-code-de-la-route\/#primaryimage\",\"inLanguage\":\"fr-FR\",\"url\":\"https:\/\/i2.wp.com\/www.peyrac.fr\/actualites\/wp-content\/uploads\/2020\/05\/prol.png?fit=800%2C604&ssl=1\",\"width\":800,\"height\":604},{\"@type\":\"WebPage\",\"@id\":\"http:\/\/www.peyrac.fr\/actualites\/prolongation-de-la-validite-du-code-de-la-route\/#webpage\",\"url\":\"http:\/\/www.peyrac.fr\/actualites\/prolongation-de-la-validite-du-code-de-la-route\/\",\"name\":\"Prolongation de la validit\\u00e9 du code de la route - Actualit\\u00e9s\",\"isPartOf\":{\"@id\":\"https:\/\/www.peyrac.fr\/actualites\/#website\"},\"primaryImageOfPage\":{\"@id\":\"http:\/\/www.peyrac.fr\/actualites\/prolongation-de-la-validite-du-code-de-la-route\/#primaryimage\"},\"datePublished\":\"2020-05-22T13:24:13+00:00\",\"dateModified\":\"2020-05-22T13:24:14+00:00\",\"author\":{\"@id\":\"https:\/\/www.peyrac.fr\/actualites\/#\/schema\/person\/162ff8dc4aeb790d0bf315f75b32f724\"},\"breadcrumb\":{\"@id\":\"http:\/\/www.peyrac.fr\/actualites\/prolongation-de-la-validite-du-code-de-la-route\/#breadcrumb\"},\"inLanguage\":\"fr-FR\",\"potentialAction\":[{\"@type\":\"ReadAction\",\"target\":[\"http:\/\/www.peyrac.fr\/actualites\/prolongation-de-la-validite-du-code-de-la-route\/\"]}]},{\"@type\":\"BreadcrumbList\",\"@id\":\"http:\/\/www.peyrac.fr\/actualites\/prolongation-de-la-validite-du-code-de-la-route\/#breadcrumb\",\"itemListElement\":[{\"@type\":\"ListItem\",\"position\":1,\"item\":{\"@type\":\"WebPage\",\"@id\":\"https:\/\/www.peyrac.fr\/actualites\/\",\"url\":\"https:\/\/www.peyrac.fr\/actualites\/\",\"name\":\"Accueil des actualit\\u00e9s\"}},{\"@type\":\"ListItem\",\"position\":2,\"item\":{\"@type\":\"WebPage\",\"@id\":\"https:\/\/www.peyrac.fr\/actualites\/category\/non-classe\/\",\"url\":\"https:\/\/www.peyrac.fr\/actualites\/category\/non-classe\/\",\"name\":\"Non class\\u00e9\"}},{\"@type\":\"ListItem\",\"position\":3,\"item\":{\"@type\":\"WebPage\",\"@id\":\"http:\/\/www.peyrac.fr\/actualites\/prolongation-de-la-validite-du-code-de-la-route\/\",\"url\":\"http:\/\/www.peyrac.fr\/actualites\/prolongation-de-la-validite-du-code-de-la-route\/\",\"name\":\"Prolongation de la validit\\u00e9 du code de la route\"}}]},{\"@type\":[\"Person\"],\"@id\":\"https:\/\/www.peyrac.fr\/actualites\/#\/schema\/person\/162ff8dc4aeb790d0bf315f75b32f724\",\"name\":\"M B\",\"image\":{\"@type\":\"ImageObject\",\"@id\":\"https:\/\/www.peyrac.fr\/actualites\/#personlogo\",\"inLanguage\":\"fr-FR\",\"url\":\"https:\/\/secure.gravatar.com\/avatar\/7095438c901b5d50da8fb9a6f5680d8c?s=96&d=mm&r=g\",\"caption\":\"M B\"}}]}<\/script>\n<!-- \/ Yoast SEO plugin. -->","jetpack_sharing_enabled":true,"jetpack_shortlink":"https:\/\/wp.me\/p9FV2m-9C","jetpack_likes_enabled":true,"jetpack-related-posts":[],"_links":{"self":[{"href":"https:\/\/www.peyrac.fr\/actualites\/wp-json\/wp\/v2\/posts\/596"}],"collection":[{"href":"https:\/\/www.peyrac.fr\/actualites\/wp-json\/wp\/v2\/posts"}],"about":[{"href":"https:\/\/www.peyrac.fr\/actualites\/wp-json\/wp\/v2\/types\/post"}],"author":[{"embeddable":true,"href":"https:\/\/www.peyrac.fr\/actualites\/wp-json\/wp\/v2\/users\/4"}],"replies":[{"embeddable":true,"href":"https:\/\/www.peyrac.fr\/actualites\/wp-json\/wp\/v2\/comments?post=596"}],"version-history":[{"count":6,"href":"https:\/\/www.peyrac.fr\/actualites\/wp-json\/wp\/v2\/posts\/596\/revisions"}],"predecessor-version":[{"id":604,"href":"https:\/\/www.peyrac.fr\/actualites\/wp-json\/wp\/v2\/posts\/596\/revisions\/604"}],"wp:attachment":[{"href":"https:\/\/www.peyrac.fr\/actualites\/wp-json\/wp\/v2\/media?parent=596"}],"wp:term":[{"taxonomy":"category","embeddable":true,"href":"https:\/\/www.peyrac.fr\/actualites\/wp-json\/wp\/v2\/categories?post=596"},{"taxonomy":"post_tag","embeddable":true,"href":"https:\/\/www.peyrac.fr\/actualites\/wp-json\/wp\/v2\/tags?post=596"}],"curies":[{"name":"wp","href":"https:\/\/api.w.org\/{rel}","templated":true}]}}