{"id":615,"date":"2020-09-04T15:59:26","date_gmt":"2020-09-04T13:59:26","guid":{"rendered":"http:\/\/www.peyrac.fr\/actualites\/?p=615"},"modified":"2020-09-04T15:59:27","modified_gmt":"2020-09-04T13:59:27","slug":"masque-obligatoire-a-moto","status":"publish","type":"post","link":"https:\/\/www.peyrac.fr\/actualites\/masque-obligatoire-a-moto\/","title":{"rendered":"Masque obligatoire \u00e0 moto"},"content":{"rendered":"\n<div class=\"wp-block-image\"><figure class=\"aligncenter size-large\"><a href=\"https:\/\/www.peyrac.fr\/devis-assurance-2roues\"><img data-attachment-id=\"619\" data-permalink=\"https:\/\/www.peyrac.fr\/actualites\/masque-obligatoire-a-moto\/masque-casque\/\" data-orig-file=\"https:\/\/i1.wp.com\/www.peyrac.fr\/actualites\/wp-content\/uploads\/2020\/09\/masque-casque.png?fit=1200%2C702&amp;ssl=1\" data-orig-size=\"1200,702\" data-comments-opened=\"1\" data-image-meta=\"{&quot;aperture&quot;:&quot;0&quot;,&quot;credit&quot;:&quot;&quot;,&quot;camera&quot;:&quot;&quot;,&quot;caption&quot;:&quot;&quot;,&quot;created_timestamp&quot;:&quot;0&quot;,&quot;copyright&quot;:&quot;&quot;,&quot;focal_length&quot;:&quot;0&quot;,&quot;iso&quot;:&quot;0&quot;,&quot;shutter_speed&quot;:&quot;0&quot;,&quot;title&quot;:&quot;&quot;,&quot;orientation&quot;:&quot;0&quot;}\" data-image-title=\"masque-casque\" data-image-description=\"\" data-medium-file=\"https:\/\/i1.wp.com\/www.peyrac.fr\/actualites\/wp-content\/uploads\/2020\/09\/masque-casque.png?fit=300%2C176&amp;ssl=1\" data-large-file=\"https:\/\/i1.wp.com\/www.peyrac.fr\/actualites\/wp-content\/uploads\/2020\/09\/masque-casque.png?fit=640%2C374&amp;ssl=1\" loading=\"lazy\" width=\"1200\" height=\"702\" src=\"https:\/\/i1.wp.com\/www.peyrac.fr\/actualites\/wp-content\/uploads\/2020\/09\/masque-casque.png?fit=640%2C374&amp;ssl=1\" alt=\"\" class=\"wp-image-619\" srcset=\"https:\/\/i1.wp.com\/www.peyrac.fr\/actualites\/wp-content\/uploads\/2020\/09\/masque-casque.png?w=1200&amp;ssl=1 1200w, https:\/\/i1.wp.com\/www.peyrac.fr\/actualites\/wp-content\/uploads\/2020\/09\/masque-casque.png?resize=300%2C176&amp;ssl=1 300w, https:\/\/i1.wp.com\/www.peyrac.fr\/actualites\/wp-content\/uploads\/2020\/09\/masque-casque.png?resize=1024%2C599&amp;ssl=1 1024w, https:\/\/i1.wp.com\/www.peyrac.fr\/actualites\/wp-content\/uploads\/2020\/09\/masque-casque.png?resize=768%2C449&amp;ssl=1 768w, https:\/\/i1.wp.com\/www.peyrac.fr\/actualites\/wp-content\/uploads\/2020\/09\/masque-casque.png?resize=462%2C270&amp;ssl=1 462w\" sizes=\"(max-width: 640px) 100vw, 640px\" \/><\/a><\/figure><\/div>\n\n\n\n<p>Depuis d\u00e9j\u00e0 plusieurs semaines la circulation du virus est repartie activement en France, en particulier dans les r\u00e9gions du sud o\u00f9 se sont concentr\u00e9s les vacanciers, ainsi qu&rsquo;en \u00cele-de-France.<\/p>\n\n\n\n<p>Craignant une mont\u00e9e \u00ab\u00a0exponentielle\u00a0\u00bb de l&rsquo;\u00e9pid\u00e9mie, le&nbsp; Conseil de D\u00e9fense vient d&rsquo;imposer le port du masque dans de nombreux espaces priv\u00e9s et publics.<\/p>\n\n\n\n<p>Par cons\u00e9quent, toute personne empruntant l&rsquo;espace public devra d\u00e9sormais porter un masque sous peine d&rsquo;amende. Cela concerne \u00e9videmment les pi\u00e9tons et les usagers de trottinette mais aussi les motards et scoot\u00e9ristes. Seuls les cyclistes, les joggeurs et les automobilistes sont dispens\u00e9s de cette obligation. Donc m\u00eame casqu\u00e9 il faut s\u2019\u00e9quiper d\u2019un masque alors qu\u2019on peut tranquillement rouler la fen\u00eatre ouverte en voiture ou circuler \u00e0 v\u00e9lo librement.<\/p>\n\n\n\n<p>Face \u00e0 cet arr\u00eat\u00e9, qui pour beaucoup est consid\u00e9r\u00e9 comme un non-sens, les instances de la moto telles que la FFM, la FFMC ou encore CSIAM viennent de r\u00e9diger un communiqu\u00e9 collectif, d\u00e9non\u00e7ant cette mesure aussi \u00ab\u00a0aberrante que dangereuse\u00a0\u00bb.<\/p>\n\n\n\n<p>Elles pr\u00e9cisent \u00e9galement que les prises de mesure sanitaire doivent \u00eatre adapt\u00e9es et proportionnelles \u00e0 l\u2019objectif attendu. Selon elles, l\u2019imposition du port d\u2019un masque au motard est clairement incompatible avec celui d\u2019un casque moto. Elles demandent ainsi que ce dispositif ne concerne pas les utilisateurs de deux-roues motoris\u00e9 qui sont pour la plupart respectueux de la distanciation physique et participent \u00e0 la fluidification du trafic et des transports publics.<\/p>\n\n\n\n<p><a rel=\"noreferrer noopener\" href=\"https:\/\/www.peyrac.fr\/devis-assurance-2roues\" target=\"_blank\">DEVIS ET SOUSCRIPTION EN LIGNE EN 2 MN<\/a><br><a rel=\"noreferrer noopener\" href=\"https:\/\/www.peyrac.fr\/devis-assurance-2roues\" target=\"_blank\">Cliquez sur l&rsquo;image ci-dessous<\/a><\/p>\n\n\n\n<figure class=\"wp-block-image\"><a href=\"https:\/\/www.peyrac.fr\/devis-assurance-2roues\"><img src=\"https:\/\/i0.wp.com\/www.peyrac.fr\/img\/produits\/moto.png?w=640&#038;ssl=1\" alt=\"L\u2019attribut alt de cette image est vide, son nom de fichier est moto.png.\" data-recalc-dims=\"1\"\/><\/a><\/figure>\n","protected":false},"excerpt":{"rendered":"<p>Depuis d\u00e9j\u00e0 plusieurs semaines la circulation du virus est repartie activement en France, en particulier dans les r\u00e9gions du sud o\u00f9 se sont concentr\u00e9s les vacanciers, ainsi qu&rsquo;en \u00cele-de-France. Craignant une mont\u00e9e \u00ab\u00a0exponentielle\u00a0\u00bb de l&rsquo;\u00e9pid\u00e9mie, le&nbsp; Conseil de D\u00e9fense vient d&rsquo;imposer le port du masque dans de nombreux espaces priv\u00e9s et publics. Par cons\u00e9quent, toute personne empruntant l&rsquo;espace public devra d\u00e9sormais porter un masque sous peine d&rsquo;amende. Cela concerne \u00e9videmment les pi\u00e9tons et les usagers de trottinette mais aussi les&#8230;<\/p>\n<p class=\"read-more\"><a class=\"btn btn-default\" href=\"https:\/\/www.peyrac.fr\/actualites\/masque-obligatoire-a-moto\/\">Lire la suite<span class=\"screen-reader-text\"> Lire la suite<\/span><\/a><\/p>\n","protected":false},"author":4,"featured_media":0,"comment_status":"open","ping_status":"open","sticky":false,"template":"","format":"standard","meta":{"spay_email":"","jetpack_publicize_message":""},"categories":[1],"tags":[],"jetpack_featured_media_url":"","jetpack_publicize_connections":[],"yoast_head":"<!-- This site is optimized with the Yoast SEO plugin v14.2 - https:\/\/yoast.com\/wordpress\/plugins\/seo\/ -->\n<title>Masque obligatoire \u00e0 moto - Actualit\u00e9s<\/title>\n<meta name=\"robots\" content=\"index, follow\" \/>\n<meta name=\"googlebot\" content=\"index, follow, max-snippet:-1, max-image-preview:large, max-video-preview:-1\" \/>\n<meta name=\"bingbot\" content=\"index, follow, max-snippet:-1, max-image-preview:large, max-video-preview:-1\" \/>\n<link rel=\"canonical\" href=\"http:\/\/www.peyrac.fr\/actualites\/masque-obligatoire-a-moto\/\" \/>\n<meta property=\"og:locale\" content=\"fr_FR\" \/>\n<meta property=\"og:type\" content=\"article\" \/>\n<meta property=\"og:title\" content=\"Masque obligatoire \u00e0 moto - Actualit\u00e9s\" \/>\n<meta property=\"og:description\" content=\"Depuis d\u00e9j\u00e0 plusieurs semaines la circulation du virus est repartie activement en France, en particulier dans les r\u00e9gions du sud o\u00f9 se sont concentr\u00e9s les vacanciers, ainsi qu&rsquo;en \u00cele-de-France. Craignant une mont\u00e9e \u00ab\u00a0exponentielle\u00a0\u00bb de l&rsquo;\u00e9pid\u00e9mie, le&nbsp; Conseil de D\u00e9fense vient d&rsquo;imposer le port du masque dans de nombreux espaces priv\u00e9s et publics. Par cons\u00e9quent, toute personne empruntant l&rsquo;espace public devra d\u00e9sormais porter un masque sous peine d&rsquo;amende. Cela concerne \u00e9videmment les pi\u00e9tons et les usagers de trottinette mais aussi les...Lire la suite Lire la suite\" \/>\n<meta property=\"og:url\" content=\"http:\/\/www.peyrac.fr\/actualites\/masque-obligatoire-a-moto\/\" \/>\n<meta property=\"og:site_name\" content=\"Actualit\u00e9s\" \/>\n<meta property=\"article:publisher\" content=\"https:\/\/fr-fr.facebook.com\/pages\/category\/Insurance-Broker\/Peyrac-Assurances-785156224901716\/\" \/>\n<meta property=\"article:published_time\" content=\"2020-09-04T13:59:26+00:00\" \/>\n<meta property=\"article:modified_time\" content=\"2020-09-04T13:59:27+00:00\" \/>\n<meta property=\"og:image\" content=\"https:\/\/i1.wp.com\/www.peyrac.fr\/actualites\/wp-content\/uploads\/2020\/09\/masque-casque.png?fit=640%2C374&#038;ssl=1\" \/>\n<meta name=\"twitter:card\" content=\"summary\" \/>\n<meta name=\"twitter:creator\" content=\"@PeyracAssurance\" \/>\n<meta name=\"twitter:site\" content=\"@PeyracAssurance\" \/>\n<script type=\"application\/ld+json\" class=\"yoast-schema-graph\">{\"@context\":\"https:\/\/schema.org\",\"@graph\":[{\"@type\":\"WebSite\",\"@id\":\"https:\/\/www.peyrac.fr\/actualites\/#website\",\"url\":\"https:\/\/www.peyrac.fr\/actualites\/\",\"name\":\"Peyrac Assurances\",\"description\":\"\",\"potentialAction\":[{\"@type\":\"SearchAction\",\"target\":\"https:\/\/www.peyrac.fr\/actualites\/?s={search_term_string}\",\"query-input\":\"required name=search_term_string\"}],\"inLanguage\":\"fr-FR\"},{\"@type\":\"ImageObject\",\"@id\":\"http:\/\/www.peyrac.fr\/actualites\/masque-obligatoire-a-moto\/#primaryimage\",\"inLanguage\":\"fr-FR\",\"url\":\"https:\/\/i1.wp.com\/www.peyrac.fr\/actualites\/wp-content\/uploads\/2020\/09\/masque-casque.png?fit=640%2C374&amp;ssl=1\"},{\"@type\":\"WebPage\",\"@id\":\"http:\/\/www.peyrac.fr\/actualites\/masque-obligatoire-a-moto\/#webpage\",\"url\":\"http:\/\/www.peyrac.fr\/actualites\/masque-obligatoire-a-moto\/\",\"name\":\"Masque obligatoire \\u00e0 moto - Actualit\\u00e9s\",\"isPartOf\":{\"@id\":\"https:\/\/www.peyrac.fr\/actualites\/#website\"},\"primaryImageOfPage\":{\"@id\":\"http:\/\/www.peyrac.fr\/actualites\/masque-obligatoire-a-moto\/#primaryimage\"},\"datePublished\":\"2020-09-04T13:59:26+00:00\",\"dateModified\":\"2020-09-04T13:59:27+00:00\",\"author\":{\"@id\":\"https:\/\/www.peyrac.fr\/actualites\/#\/schema\/person\/162ff8dc4aeb790d0bf315f75b32f724\"},\"breadcrumb\":{\"@id\":\"http:\/\/www.peyrac.fr\/actualites\/masque-obligatoire-a-moto\/#breadcrumb\"},\"inLanguage\":\"fr-FR\",\"potentialAction\":[{\"@type\":\"ReadAction\",\"target\":[\"http:\/\/www.peyrac.fr\/actualites\/masque-obligatoire-a-moto\/\"]}]},{\"@type\":\"BreadcrumbList\",\"@id\":\"http:\/\/www.peyrac.fr\/actualites\/masque-obligatoire-a-moto\/#breadcrumb\",\"itemListElement\":[{\"@type\":\"ListItem\",\"position\":1,\"item\":{\"@type\":\"WebPage\",\"@id\":\"https:\/\/www.peyrac.fr\/actualites\/\",\"url\":\"https:\/\/www.peyrac.fr\/actualites\/\",\"name\":\"Accueil des actualit\\u00e9s\"}},{\"@type\":\"ListItem\",\"position\":2,\"item\":{\"@type\":\"WebPage\",\"@id\":\"https:\/\/www.peyrac.fr\/actualites\/category\/non-classe\/\",\"url\":\"https:\/\/www.peyrac.fr\/actualites\/category\/non-classe\/\",\"name\":\"Non class\\u00e9\"}},{\"@type\":\"ListItem\",\"position\":3,\"item\":{\"@type\":\"WebPage\",\"@id\":\"http:\/\/www.peyrac.fr\/actualites\/masque-obligatoire-a-moto\/\",\"url\":\"http:\/\/www.peyrac.fr\/actualites\/masque-obligatoire-a-moto\/\",\"name\":\"Masque obligatoire \\u00e0 moto\"}}]},{\"@type\":[\"Person\"],\"@id\":\"https:\/\/www.peyrac.fr\/actualites\/#\/schema\/person\/162ff8dc4aeb790d0bf315f75b32f724\",\"name\":\"M B\",\"image\":{\"@type\":\"ImageObject\",\"@id\":\"https:\/\/www.peyrac.fr\/actualites\/#personlogo\",\"inLanguage\":\"fr-FR\",\"url\":\"https:\/\/secure.gravatar.com\/avatar\/7095438c901b5d50da8fb9a6f5680d8c?s=96&d=mm&r=g\",\"caption\":\"M B\"}}]}<\/script>\n<!-- \/ Yoast SEO plugin. -->","jetpack_sharing_enabled":true,"jetpack_shortlink":"https:\/\/wp.me\/p9FV2m-9V","jetpack_likes_enabled":true,"jetpack-related-posts":[],"_links":{"self":[{"href":"https:\/\/www.peyrac.fr\/actualites\/wp-json\/wp\/v2\/posts\/615"}],"collection":[{"href":"https:\/\/www.peyrac.fr\/actualites\/wp-json\/wp\/v2\/posts"}],"about":[{"href":"https:\/\/www.peyrac.fr\/actualites\/wp-json\/wp\/v2\/types\/post"}],"author":[{"embeddable":true,"href":"https:\/\/www.peyrac.fr\/actualites\/wp-json\/wp\/v2\/users\/4"}],"replies":[{"embeddable":true,"href":"https:\/\/www.peyrac.fr\/actualites\/wp-json\/wp\/v2\/comments?post=615"}],"version-history":[{"count":7,"href":"https:\/\/www.peyrac.fr\/actualites\/wp-json\/wp\/v2\/posts\/615\/revisions"}],"predecessor-version":[{"id":623,"href":"https:\/\/www.peyrac.fr\/actualites\/wp-json\/wp\/v2\/posts\/615\/revisions\/623"}],"wp:attachment":[{"href":"https:\/\/www.peyrac.fr\/actualites\/wp-json\/wp\/v2\/media?parent=615"}],"wp:term":[{"taxonomy":"category","embeddable":true,"href":"https:\/\/www.peyrac.fr\/actualites\/wp-json\/wp\/v2\/categories?post=615"},{"taxonomy":"post_tag","embeddable":true,"href":"https:\/\/www.peyrac.fr\/actualites\/wp-json\/wp\/v2\/tags?post=615"}],"curies":[{"name":"wp","href":"https:\/\/api.w.org\/{rel}","templated":true}]}}