{"id":624,"date":"2020-09-18T11:53:00","date_gmt":"2020-09-18T09:53:00","guid":{"rendered":"http:\/\/www.peyrac.fr\/actualites\/?p=624"},"modified":"2020-09-18T11:53:00","modified_gmt":"2020-09-18T09:53:00","slug":"radar-critair-et-stationnement-moto-payant-a-paris","status":"publish","type":"post","link":"https:\/\/www.peyrac.fr\/actualites\/radar-critair-et-stationnement-moto-payant-a-paris\/","title":{"rendered":"Radar Crit&rsquo;Air et stationnement moto payant \u00e0 Paris"},"content":{"rendered":"\n<div class=\"wp-block-image\"><figure class=\"aligncenter size-large\"><a href=\"https:\/\/www.peyrac.fr\/devis-assurance-2roues\"><img data-attachment-id=\"625\" data-permalink=\"https:\/\/www.peyrac.fr\/actualites\/radar-critair-et-stationnement-moto-payant-a-paris\/crit-air-vigniette\/\" data-orig-file=\"https:\/\/i2.wp.com\/www.peyrac.fr\/actualites\/wp-content\/uploads\/2020\/09\/arton34464.jpg?fit=1134%2C756&amp;ssl=1\" data-orig-size=\"1134,756\" data-comments-opened=\"1\" data-image-meta=\"{&quot;aperture&quot;:&quot;5.6&quot;,&quot;credit&quot;:&quot;gMATHIEU\\\/MOTOMAG&quot;,&quot;camera&quot;:&quot;Canon EOS 7D&quot;,&quot;caption&quot;:&quot;crit air vigniette&quot;,&quot;created_timestamp&quot;:&quot;1497875260&quot;,&quot;copyright&quot;:&quot;\\u00a9mathieu.motomag.com&quot;,&quot;focal_length&quot;:&quot;53&quot;,&quot;iso&quot;:&quot;200&quot;,&quot;shutter_speed&quot;:&quot;0.0025&quot;,&quot;title&quot;:&quot;crit air vigniette&quot;,&quot;orientation&quot;:&quot;1&quot;}\" data-image-title=\"crit air vigniette\" data-image-description=\"\" data-medium-file=\"https:\/\/i2.wp.com\/www.peyrac.fr\/actualites\/wp-content\/uploads\/2020\/09\/arton34464.jpg?fit=300%2C200&amp;ssl=1\" data-large-file=\"https:\/\/i2.wp.com\/www.peyrac.fr\/actualites\/wp-content\/uploads\/2020\/09\/arton34464.jpg?fit=640%2C427&amp;ssl=1\" loading=\"lazy\" width=\"1134\" height=\"756\" src=\"https:\/\/i2.wp.com\/www.peyrac.fr\/actualites\/wp-content\/uploads\/2020\/09\/arton34464.jpg?fit=640%2C427&amp;ssl=1\" alt=\"\" class=\"wp-image-625\" srcset=\"https:\/\/i2.wp.com\/www.peyrac.fr\/actualites\/wp-content\/uploads\/2020\/09\/arton34464.jpg?w=1134&amp;ssl=1 1134w, https:\/\/i2.wp.com\/www.peyrac.fr\/actualites\/wp-content\/uploads\/2020\/09\/arton34464.jpg?resize=300%2C200&amp;ssl=1 300w, https:\/\/i2.wp.com\/www.peyrac.fr\/actualites\/wp-content\/uploads\/2020\/09\/arton34464.jpg?resize=1024%2C683&amp;ssl=1 1024w, https:\/\/i2.wp.com\/www.peyrac.fr\/actualites\/wp-content\/uploads\/2020\/09\/arton34464.jpg?resize=768%2C512&amp;ssl=1 768w, https:\/\/i2.wp.com\/www.peyrac.fr\/actualites\/wp-content\/uploads\/2020\/09\/arton34464.jpg?resize=405%2C270&amp;ssl=1 405w\" sizes=\"(max-width: 640px) 100vw, 640px\" \/><\/a><\/figure><\/div>\n\n\n\n<p>Depuis maintenant plusieurs ann\u00e9es, Paris m\u00e8ne une politique destin\u00e9e \u00e0 fortement diminuer la circulation des v\u00e9hicules motoris\u00e9s dans la capitale avec comme objectif premier de favoriser l\u2019usage des mobilit\u00e9s dites \u00abdouce\u00bb et d&rsquo;accorder plus de place aux pi\u00e9tons. De nombreuses mesures sont en pr\u00e9paration et celles-ci pourraient m\u00eame s\u2019appliquer plus rapidement que pr\u00e9vu.<\/p>\n\n\n\n<p>Cela fait quelques mois que le sujet du stationnement des deux-roues motoris\u00e9s est au c\u0153ur des pr\u00e9occupations de la Mairie de Paris. Bien que durant son pr\u00e9c\u00e9dent mandat Anne Hidalgo s&rsquo;\u00e9tait engag\u00e9e \u00e0 maintenir sa gratuit\u00e9 pour les motos et les scooters, son discours semble avoir \u00e9volu\u00e9 pour se positionner d\u2019avantage vers un stationnement payant. L&rsquo;adjoint aux transports David Belliard y est pour l\u2019instant\u00a0 favorable, mais ce dossier sera plus particuli\u00e8rement abord\u00e9 cet automne \u00e0 l&rsquo;occasion des \u00e9tats g\u00e9n\u00e9raux du stationnement et de la mobilit\u00e9. Il devrait m\u00eame marquer un tournant dans ce domaine et pas uniquement pour les deux roues.<\/p>\n\n\n\n<p>En effet, l\u2019autre point qui sera abord\u00e9 par la municipalit\u00e9 est le respect des interdictions de circulation dans la capitale. Alors que les restrictions destin\u00e9es aux v\u00e9hicules les plus polluants ne sont pas toujours respect\u00e9es, Paris compte y mettre un terme en durcissant et en automatisant les contr\u00f4les sur les vignettes Crit&rsquo;Air. David Belliard l&rsquo;a d&rsquo;ailleurs annonc\u00e9, des radars Crit&rsquo;Air devraient \u00eatre install\u00e9s dans la capitale.<\/p>\n\n\n\n<p>Mais la municipalit\u00e9 ne compte pas s\u2019arr\u00eater l\u00e0 en mati\u00e8re de transports. La crise sanitaire a transform\u00e9 les habitudes de mobilit\u00e9s des parisiens et des franciliens qui ont largement adopt\u00e9 l\u2019usage du \u00a0v\u00e9lo et de la trottinette pour leurs d\u00e9placements. Face \u00e0 cette recrudescence d\u2019usagers, la Mairie a d\u00e9cid\u00e9 de tracer des pistes cyclables provisoires, l&rsquo;objectif \u00e9tant de les p\u00e9renniser \u00e0 terme, notamment en \u00e9laborant des am\u00e9nagements plus s\u00fbrs et gr\u00e2ce \u00e0 une meilleure signalisation. On peut par cons\u00e9quent s\u2019attendre \u00e0 une mobilisation des conducteurs de deux-roues motoris\u00e9s qui ne seront certainement pas contre ces moyens de transport alternatifs et ses am\u00e9nagements mais seront r\u00e9fractaires \u00e0 l\u2019id\u00e9e de g\u00e9n\u00e9raliser le stationnement payant et d\u2019interdire purement et simplement la circulation de leur v\u00e9hicule dans la capitale.<\/p>\n\n\n\n<p><a rel=\"noreferrer noopener\" href=\"https:\/\/www.peyrac.fr\/devis-assurance-2roues\" target=\"_blank\">DEVIS ET SOUSCRIPTION EN LIGNE EN 2 MN<\/a><br><a rel=\"noreferrer noopener\" href=\"https:\/\/www.peyrac.fr\/devis-assurance-2roues\" target=\"_blank\">Cliquez sur l&rsquo;image ci-dessous<\/a><\/p>\n\n\n\n<figure class=\"wp-block-image\"><a href=\"https:\/\/www.peyrac.fr\/devis-assurance-2roues\"><img src=\"https:\/\/i0.wp.com\/www.peyrac.fr\/img\/produits\/moto.png?w=640&#038;ssl=1\" alt=\"L\u2019attribut alt de cette image est vide, son nom de fichier est moto.png.\" data-recalc-dims=\"1\"\/><\/a><\/figure>\n","protected":false},"excerpt":{"rendered":"<p>Depuis maintenant plusieurs ann\u00e9es, Paris m\u00e8ne une politique destin\u00e9e \u00e0 fortement diminuer la circulation des v\u00e9hicules motoris\u00e9s dans la capitale avec comme objectif premier de favoriser l\u2019usage des mobilit\u00e9s dites \u00abdouce\u00bb et d&rsquo;accorder plus de place aux pi\u00e9tons. De nombreuses mesures sont en pr\u00e9paration et celles-ci pourraient m\u00eame s\u2019appliquer plus rapidement que pr\u00e9vu. Cela fait quelques mois que le sujet du stationnement des deux-roues motoris\u00e9s est au c\u0153ur des pr\u00e9occupations de la Mairie de Paris. Bien que durant son pr\u00e9c\u00e9dent&#8230;<\/p>\n<p class=\"read-more\"><a class=\"btn btn-default\" href=\"https:\/\/www.peyrac.fr\/actualites\/radar-critair-et-stationnement-moto-payant-a-paris\/\">Lire la suite<span class=\"screen-reader-text\"> Lire la suite<\/span><\/a><\/p>\n","protected":false},"author":4,"featured_media":0,"comment_status":"open","ping_status":"open","sticky":false,"template":"","format":"standard","meta":{"spay_email":"","jetpack_publicize_message":""},"categories":[1],"tags":[],"jetpack_featured_media_url":"","jetpack_publicize_connections":[],"yoast_head":"<!-- This site is optimized with the Yoast SEO plugin v14.2 - https:\/\/yoast.com\/wordpress\/plugins\/seo\/ -->\n<title>Radar Crit&#039;Air et stationnement moto payant \u00e0 Paris - Actualit\u00e9s<\/title>\n<meta name=\"robots\" content=\"index, follow\" \/>\n<meta name=\"googlebot\" content=\"index, follow, max-snippet:-1, max-image-preview:large, max-video-preview:-1\" \/>\n<meta name=\"bingbot\" content=\"index, follow, max-snippet:-1, max-image-preview:large, max-video-preview:-1\" \/>\n<link rel=\"canonical\" href=\"http:\/\/www.peyrac.fr\/actualites\/radar-critair-et-stationnement-moto-payant-a-paris\/\" \/>\n<meta property=\"og:locale\" content=\"fr_FR\" \/>\n<meta property=\"og:type\" content=\"article\" \/>\n<meta property=\"og:title\" content=\"Radar Crit&#039;Air et stationnement moto payant \u00e0 Paris - Actualit\u00e9s\" \/>\n<meta property=\"og:description\" content=\"Depuis maintenant plusieurs ann\u00e9es, Paris m\u00e8ne une politique destin\u00e9e \u00e0 fortement diminuer la circulation des v\u00e9hicules motoris\u00e9s dans la capitale avec comme objectif premier de favoriser l\u2019usage des mobilit\u00e9s dites \u00abdouce\u00bb et d&rsquo;accorder plus de place aux pi\u00e9tons. De nombreuses mesures sont en pr\u00e9paration et celles-ci pourraient m\u00eame s\u2019appliquer plus rapidement que pr\u00e9vu. Cela fait quelques mois que le sujet du stationnement des deux-roues motoris\u00e9s est au c\u0153ur des pr\u00e9occupations de la Mairie de Paris. Bien que durant son pr\u00e9c\u00e9dent...Lire la suite Lire la suite\" \/>\n<meta property=\"og:url\" content=\"http:\/\/www.peyrac.fr\/actualites\/radar-critair-et-stationnement-moto-payant-a-paris\/\" \/>\n<meta property=\"og:site_name\" content=\"Actualit\u00e9s\" \/>\n<meta property=\"article:publisher\" content=\"https:\/\/fr-fr.facebook.com\/pages\/category\/Insurance-Broker\/Peyrac-Assurances-785156224901716\/\" \/>\n<meta property=\"article:published_time\" content=\"2020-09-18T09:53:00+00:00\" \/>\n<meta property=\"og:image\" content=\"https:\/\/i2.wp.com\/www.peyrac.fr\/actualites\/wp-content\/uploads\/2020\/09\/arton34464.jpg?fit=640%2C427&#038;ssl=1\" \/>\n<meta name=\"twitter:card\" content=\"summary\" \/>\n<meta name=\"twitter:creator\" content=\"@PeyracAssurance\" \/>\n<meta name=\"twitter:site\" content=\"@PeyracAssurance\" \/>\n<script type=\"application\/ld+json\" class=\"yoast-schema-graph\">{\"@context\":\"https:\/\/schema.org\",\"@graph\":[{\"@type\":\"WebSite\",\"@id\":\"https:\/\/www.peyrac.fr\/actualites\/#website\",\"url\":\"https:\/\/www.peyrac.fr\/actualites\/\",\"name\":\"Peyrac Assurances\",\"description\":\"\",\"potentialAction\":[{\"@type\":\"SearchAction\",\"target\":\"https:\/\/www.peyrac.fr\/actualites\/?s={search_term_string}\",\"query-input\":\"required name=search_term_string\"}],\"inLanguage\":\"fr-FR\"},{\"@type\":\"ImageObject\",\"@id\":\"http:\/\/www.peyrac.fr\/actualites\/radar-critair-et-stationnement-moto-payant-a-paris\/#primaryimage\",\"inLanguage\":\"fr-FR\",\"url\":\"https:\/\/i2.wp.com\/www.peyrac.fr\/actualites\/wp-content\/uploads\/2020\/09\/arton34464.jpg?fit=640%2C427&amp;ssl=1\"},{\"@type\":\"WebPage\",\"@id\":\"http:\/\/www.peyrac.fr\/actualites\/radar-critair-et-stationnement-moto-payant-a-paris\/#webpage\",\"url\":\"http:\/\/www.peyrac.fr\/actualites\/radar-critair-et-stationnement-moto-payant-a-paris\/\",\"name\":\"Radar Crit'Air et stationnement moto payant \\u00e0 Paris - Actualit\\u00e9s\",\"isPartOf\":{\"@id\":\"https:\/\/www.peyrac.fr\/actualites\/#website\"},\"primaryImageOfPage\":{\"@id\":\"http:\/\/www.peyrac.fr\/actualites\/radar-critair-et-stationnement-moto-payant-a-paris\/#primaryimage\"},\"datePublished\":\"2020-09-18T09:53:00+00:00\",\"dateModified\":\"2020-09-18T09:53:00+00:00\",\"author\":{\"@id\":\"https:\/\/www.peyrac.fr\/actualites\/#\/schema\/person\/162ff8dc4aeb790d0bf315f75b32f724\"},\"breadcrumb\":{\"@id\":\"http:\/\/www.peyrac.fr\/actualites\/radar-critair-et-stationnement-moto-payant-a-paris\/#breadcrumb\"},\"inLanguage\":\"fr-FR\",\"potentialAction\":[{\"@type\":\"ReadAction\",\"target\":[\"http:\/\/www.peyrac.fr\/actualites\/radar-critair-et-stationnement-moto-payant-a-paris\/\"]}]},{\"@type\":\"BreadcrumbList\",\"@id\":\"http:\/\/www.peyrac.fr\/actualites\/radar-critair-et-stationnement-moto-payant-a-paris\/#breadcrumb\",\"itemListElement\":[{\"@type\":\"ListItem\",\"position\":1,\"item\":{\"@type\":\"WebPage\",\"@id\":\"https:\/\/www.peyrac.fr\/actualites\/\",\"url\":\"https:\/\/www.peyrac.fr\/actualites\/\",\"name\":\"Accueil des actualit\\u00e9s\"}},{\"@type\":\"ListItem\",\"position\":2,\"item\":{\"@type\":\"WebPage\",\"@id\":\"https:\/\/www.peyrac.fr\/actualites\/category\/non-classe\/\",\"url\":\"https:\/\/www.peyrac.fr\/actualites\/category\/non-classe\/\",\"name\":\"Non class\\u00e9\"}},{\"@type\":\"ListItem\",\"position\":3,\"item\":{\"@type\":\"WebPage\",\"@id\":\"http:\/\/www.peyrac.fr\/actualites\/radar-critair-et-stationnement-moto-payant-a-paris\/\",\"url\":\"http:\/\/www.peyrac.fr\/actualites\/radar-critair-et-stationnement-moto-payant-a-paris\/\",\"name\":\"Radar Crit&rsquo;Air et stationnement moto payant \\u00e0 Paris\"}}]},{\"@type\":[\"Person\"],\"@id\":\"https:\/\/www.peyrac.fr\/actualites\/#\/schema\/person\/162ff8dc4aeb790d0bf315f75b32f724\",\"name\":\"M B\",\"image\":{\"@type\":\"ImageObject\",\"@id\":\"https:\/\/www.peyrac.fr\/actualites\/#personlogo\",\"inLanguage\":\"fr-FR\",\"url\":\"https:\/\/secure.gravatar.com\/avatar\/7095438c901b5d50da8fb9a6f5680d8c?s=96&d=mm&r=g\",\"caption\":\"M B\"}}]}<\/script>\n<!-- \/ Yoast SEO plugin. -->","jetpack_sharing_enabled":true,"jetpack_shortlink":"https:\/\/wp.me\/p9FV2m-a4","jetpack_likes_enabled":true,"jetpack-related-posts":[],"_links":{"self":[{"href":"https:\/\/www.peyrac.fr\/actualites\/wp-json\/wp\/v2\/posts\/624"}],"collection":[{"href":"https:\/\/www.peyrac.fr\/actualites\/wp-json\/wp\/v2\/posts"}],"about":[{"href":"https:\/\/www.peyrac.fr\/actualites\/wp-json\/wp\/v2\/types\/post"}],"author":[{"embeddable":true,"href":"https:\/\/www.peyrac.fr\/actualites\/wp-json\/wp\/v2\/users\/4"}],"replies":[{"embeddable":true,"href":"https:\/\/www.peyrac.fr\/actualites\/wp-json\/wp\/v2\/comments?post=624"}],"version-history":[{"count":5,"href":"https:\/\/www.peyrac.fr\/actualites\/wp-json\/wp\/v2\/posts\/624\/revisions"}],"predecessor-version":[{"id":630,"href":"https:\/\/www.peyrac.fr\/actualites\/wp-json\/wp\/v2\/posts\/624\/revisions\/630"}],"wp:attachment":[{"href":"https:\/\/www.peyrac.fr\/actualites\/wp-json\/wp\/v2\/media?parent=624"}],"wp:term":[{"taxonomy":"category","embeddable":true,"href":"https:\/\/www.peyrac.fr\/actualites\/wp-json\/wp\/v2\/categories?post=624"},{"taxonomy":"post_tag","embeddable":true,"href":"https:\/\/www.peyrac.fr\/actualites\/wp-json\/wp\/v2\/tags?post=624"}],"curies":[{"name":"wp","href":"https:\/\/api.w.org\/{rel}","templated":true}]}}