{"id":631,"date":"2020-09-25T16:38:32","date_gmt":"2020-09-25T14:38:32","guid":{"rendered":"http:\/\/www.peyrac.fr\/actualites\/?p=631"},"modified":"2020-09-25T16:38:32","modified_gmt":"2020-09-25T14:38:32","slug":"le-nouveau-forza-750","status":"publish","type":"post","link":"https:\/\/www.peyrac.fr\/actualites\/le-nouveau-forza-750\/","title":{"rendered":"Le nouveau Forza 750"},"content":{"rendered":"\n<figure class=\"wp-block-gallery aligncenter columns-1 is-cropped\"><ul data-carousel-extra='{\"blog_id\":1,\"permalink\":\"https:\\\/\\\/www.peyrac.fr\\\/actualites\\\/le-nouveau-forza-750\\\/\"}' class=\"blocks-gallery-grid\"><li class=\"blocks-gallery-item\"><figure><img data-attachment-id=\"633\" data-permalink=\"https:\/\/www.peyrac.fr\/actualites\/le-nouveau-forza-750\/honda-forza\/\" data-orig-file=\"https:\/\/i2.wp.com\/www.peyrac.fr\/actualites\/wp-content\/uploads\/2020\/09\/honda-forza.png?fit=503%2C388&amp;ssl=1\" data-orig-size=\"503,388\" data-comments-opened=\"1\" data-image-meta=\"{&quot;aperture&quot;:&quot;0&quot;,&quot;credit&quot;:&quot;&quot;,&quot;camera&quot;:&quot;&quot;,&quot;caption&quot;:&quot;&quot;,&quot;created_timestamp&quot;:&quot;0&quot;,&quot;copyright&quot;:&quot;&quot;,&quot;focal_length&quot;:&quot;0&quot;,&quot;iso&quot;:&quot;0&quot;,&quot;shutter_speed&quot;:&quot;0&quot;,&quot;title&quot;:&quot;&quot;,&quot;orientation&quot;:&quot;0&quot;}\" data-image-title=\"honda-forza\" data-image-description=\"\" data-medium-file=\"https:\/\/i2.wp.com\/www.peyrac.fr\/actualites\/wp-content\/uploads\/2020\/09\/honda-forza.png?fit=300%2C231&amp;ssl=1\" data-large-file=\"https:\/\/i2.wp.com\/www.peyrac.fr\/actualites\/wp-content\/uploads\/2020\/09\/honda-forza.png?fit=503%2C388&amp;ssl=1\" loading=\"lazy\" width=\"503\" height=\"388\" src=\"https:\/\/i2.wp.com\/www.peyrac.fr\/actualites\/wp-content\/uploads\/2020\/09\/honda-forza.png?resize=503%2C388&#038;ssl=1\" alt=\"\" data-id=\"633\" data-full-url=\"https:\/\/i2.wp.com\/www.peyrac.fr\/actualites\/wp-content\/uploads\/2020\/09\/honda-forza.png?fit=503%2C388&amp;ssl=1\" data-link=\"https:\/\/www.peyrac.fr\/actualites\/?attachment_id=633\" class=\"wp-image-633\" srcset=\"https:\/\/i2.wp.com\/www.peyrac.fr\/actualites\/wp-content\/uploads\/2020\/09\/honda-forza.png?w=503&amp;ssl=1 503w, https:\/\/i2.wp.com\/www.peyrac.fr\/actualites\/wp-content\/uploads\/2020\/09\/honda-forza.png?resize=300%2C231&amp;ssl=1 300w, https:\/\/i2.wp.com\/www.peyrac.fr\/actualites\/wp-content\/uploads\/2020\/09\/honda-forza.png?resize=350%2C270&amp;ssl=1 350w\" sizes=\"(max-width: 503px) 100vw, 503px\" data-recalc-dims=\"1\" \/><\/figure><\/li><\/ul><\/figure>\n\n\n\n<p>Le constructeur Honda \u00e0 commencer \u00e0 se positionner sur le segment des scooters sportifs gr\u00e2ce \u00e0 sa gamme Forza, devenant ainsi un concurrent s\u00e9rieux de Yamaha et son Xmax.<\/p>\n\n\n\n<p>En 2012 Honda lance sa gamme NC 700 autour d&rsquo;un roadster S, d&rsquo;un trail routier X et d&rsquo;un scooter plus connu sous le nom d&rsquo;Integra. Son moteur bicylindre passe \u00e0 750 cm3 deux ans plus tard avec la version &nbsp;X-ADV. La famille va maintenant s&rsquo;agrandir avec un nouveau scooter au style plus sportif.<\/p>\n\n\n\n<p>Le constructeur japonais vient en effet de lever le voile sur son dernier venu \u00e0 l\u2019occasion d\u2019un teasing vid\u00e9o baptis\u00e9 \u00ab\u00a0Forza\u00a0\u00bb. Ce clip de 15 seconds reste tr\u00e8s vague sur ce futur mod\u00e8le mais r\u00e9v\u00e8le n\u00e9anmoins une caract\u00e9ristique importante en laissant appara\u00eetre le moteur qui le propulsera.<\/p>\n\n\n\n<p>Les plus passionn\u00e9s&nbsp; reconna\u00eetront ais\u00e9ment le bicylindre en ligne de la s\u00e9rie NC. On devine donc que c\u2019est une version 750 du Forza qui fera prochainement son apparition.<\/p>\n\n\n\n<p>Ce tout nouveau mod\u00e8le reprendra globalement l\u2019esth\u00e9tique du Forza tout en y apportant quelques changements notamment au niveau de la partie cycle. Honda pr\u00e9sentera officiellement le 14 octobre son maxi scooter. Le Tmax 560 de chez Yamaha n\u2019aura qu\u2019\u00e0 bien se tenir\u2026<\/p>\n\n\n\n<p><a rel=\"noreferrer noopener\" href=\"https:\/\/www.peyrac.fr\/devis-assurance-2roues\" target=\"_blank\">DEVIS ET SOUSCRIPTION EN LIGNE EN 2 MN<\/a><br><a rel=\"noreferrer noopener\" href=\"https:\/\/www.peyrac.fr\/devis-assurance-2roues\" target=\"_blank\">Cliquez sur l&rsquo;image ci-dessous<\/a><\/p>\n\n\n\n<figure class=\"wp-block-image\"><a href=\"https:\/\/www.peyrac.fr\/devis-assurance-2roues\"><img src=\"https:\/\/i0.wp.com\/www.peyrac.fr\/img\/produits\/moto.png?w=640&#038;ssl=1\" alt=\"L\u2019attribut alt de cette image est vide, son nom de fichier est moto.png.\" data-recalc-dims=\"1\"\/><\/a><\/figure>\n","protected":false},"excerpt":{"rendered":"<p>Le constructeur Honda \u00e0 commencer \u00e0 se positionner sur le segment des scooters sportifs gr\u00e2ce \u00e0 sa gamme Forza, devenant ainsi un concurrent s\u00e9rieux de Yamaha et son Xmax. En 2012 Honda lance sa gamme NC 700 autour d&rsquo;un roadster S, d&rsquo;un trail routier X et d&rsquo;un scooter plus connu sous le nom d&rsquo;Integra. Son moteur bicylindre passe \u00e0 750 cm3 deux ans plus tard avec la version &nbsp;X-ADV. La famille va maintenant s&rsquo;agrandir avec un nouveau scooter au style&#8230;<\/p>\n<p class=\"read-more\"><a class=\"btn btn-default\" href=\"https:\/\/www.peyrac.fr\/actualites\/le-nouveau-forza-750\/\">Lire la suite<span class=\"screen-reader-text\"> Lire la suite<\/span><\/a><\/p>\n","protected":false},"author":4,"featured_media":0,"comment_status":"open","ping_status":"open","sticky":false,"template":"","format":"standard","meta":{"spay_email":"","jetpack_publicize_message":""},"categories":[1],"tags":[],"jetpack_featured_media_url":"","jetpack_publicize_connections":[],"yoast_head":"<!-- This site is optimized with the Yoast SEO plugin v14.2 - https:\/\/yoast.com\/wordpress\/plugins\/seo\/ -->\n<title>Le nouveau Forza 750 - Actualit\u00e9s<\/title>\n<meta name=\"robots\" content=\"index, follow\" \/>\n<meta name=\"googlebot\" content=\"index, follow, max-snippet:-1, max-image-preview:large, max-video-preview:-1\" \/>\n<meta name=\"bingbot\" content=\"index, follow, max-snippet:-1, max-image-preview:large, max-video-preview:-1\" \/>\n<link rel=\"canonical\" href=\"http:\/\/www.peyrac.fr\/actualites\/le-nouveau-forza-750\/\" \/>\n<meta property=\"og:locale\" content=\"fr_FR\" \/>\n<meta property=\"og:type\" content=\"article\" \/>\n<meta property=\"og:title\" content=\"Le nouveau Forza 750 - Actualit\u00e9s\" \/>\n<meta property=\"og:description\" content=\"Le constructeur Honda \u00e0 commencer \u00e0 se positionner sur le segment des scooters sportifs gr\u00e2ce \u00e0 sa gamme Forza, devenant ainsi un concurrent s\u00e9rieux de Yamaha et son Xmax. En 2012 Honda lance sa gamme NC 700 autour d&rsquo;un roadster S, d&rsquo;un trail routier X et d&rsquo;un scooter plus connu sous le nom d&rsquo;Integra. Son moteur bicylindre passe \u00e0 750 cm3 deux ans plus tard avec la version &nbsp;X-ADV. La famille va maintenant s&rsquo;agrandir avec un nouveau scooter au style...Lire la suite Lire la suite\" \/>\n<meta property=\"og:url\" content=\"http:\/\/www.peyrac.fr\/actualites\/le-nouveau-forza-750\/\" \/>\n<meta property=\"og:site_name\" content=\"Actualit\u00e9s\" \/>\n<meta property=\"article:publisher\" content=\"https:\/\/fr-fr.facebook.com\/pages\/category\/Insurance-Broker\/Peyrac-Assurances-785156224901716\/\" \/>\n<meta property=\"article:published_time\" content=\"2020-09-25T14:38:32+00:00\" \/>\n<meta property=\"og:image\" content=\"https:\/\/www.peyrac.fr\/actualites\/wp-content\/uploads\/2020\/09\/honda-forza.png\" \/>\n<meta name=\"twitter:card\" content=\"summary\" \/>\n<meta name=\"twitter:creator\" content=\"@PeyracAssurance\" \/>\n<meta name=\"twitter:site\" content=\"@PeyracAssurance\" \/>\n<script type=\"application\/ld+json\" class=\"yoast-schema-graph\">{\"@context\":\"https:\/\/schema.org\",\"@graph\":[{\"@type\":\"WebSite\",\"@id\":\"https:\/\/www.peyrac.fr\/actualites\/#website\",\"url\":\"https:\/\/www.peyrac.fr\/actualites\/\",\"name\":\"Peyrac Assurances\",\"description\":\"\",\"potentialAction\":[{\"@type\":\"SearchAction\",\"target\":\"https:\/\/www.peyrac.fr\/actualites\/?s={search_term_string}\",\"query-input\":\"required name=search_term_string\"}],\"inLanguage\":\"fr-FR\"},{\"@type\":\"ImageObject\",\"@id\":\"http:\/\/www.peyrac.fr\/actualites\/le-nouveau-forza-750\/#primaryimage\",\"inLanguage\":\"fr-FR\",\"url\":\"https:\/\/i2.wp.com\/www.peyrac.fr\/actualites\/wp-content\/uploads\/2020\/09\/honda-forza.png?fit=503%2C388&ssl=1\",\"width\":503,\"height\":388},{\"@type\":\"WebPage\",\"@id\":\"http:\/\/www.peyrac.fr\/actualites\/le-nouveau-forza-750\/#webpage\",\"url\":\"http:\/\/www.peyrac.fr\/actualites\/le-nouveau-forza-750\/\",\"name\":\"Le nouveau Forza 750 - Actualit\\u00e9s\",\"isPartOf\":{\"@id\":\"https:\/\/www.peyrac.fr\/actualites\/#website\"},\"primaryImageOfPage\":{\"@id\":\"http:\/\/www.peyrac.fr\/actualites\/le-nouveau-forza-750\/#primaryimage\"},\"datePublished\":\"2020-09-25T14:38:32+00:00\",\"dateModified\":\"2020-09-25T14:38:32+00:00\",\"author\":{\"@id\":\"https:\/\/www.peyrac.fr\/actualites\/#\/schema\/person\/162ff8dc4aeb790d0bf315f75b32f724\"},\"breadcrumb\":{\"@id\":\"http:\/\/www.peyrac.fr\/actualites\/le-nouveau-forza-750\/#breadcrumb\"},\"inLanguage\":\"fr-FR\",\"potentialAction\":[{\"@type\":\"ReadAction\",\"target\":[\"http:\/\/www.peyrac.fr\/actualites\/le-nouveau-forza-750\/\"]}]},{\"@type\":\"BreadcrumbList\",\"@id\":\"http:\/\/www.peyrac.fr\/actualites\/le-nouveau-forza-750\/#breadcrumb\",\"itemListElement\":[{\"@type\":\"ListItem\",\"position\":1,\"item\":{\"@type\":\"WebPage\",\"@id\":\"https:\/\/www.peyrac.fr\/actualites\/\",\"url\":\"https:\/\/www.peyrac.fr\/actualites\/\",\"name\":\"Accueil des actualit\\u00e9s\"}},{\"@type\":\"ListItem\",\"position\":2,\"item\":{\"@type\":\"WebPage\",\"@id\":\"https:\/\/www.peyrac.fr\/actualites\/category\/non-classe\/\",\"url\":\"https:\/\/www.peyrac.fr\/actualites\/category\/non-classe\/\",\"name\":\"Non class\\u00e9\"}},{\"@type\":\"ListItem\",\"position\":3,\"item\":{\"@type\":\"WebPage\",\"@id\":\"http:\/\/www.peyrac.fr\/actualites\/le-nouveau-forza-750\/\",\"url\":\"http:\/\/www.peyrac.fr\/actualites\/le-nouveau-forza-750\/\",\"name\":\"Le nouveau Forza 750\"}}]},{\"@type\":[\"Person\"],\"@id\":\"https:\/\/www.peyrac.fr\/actualites\/#\/schema\/person\/162ff8dc4aeb790d0bf315f75b32f724\",\"name\":\"M B\",\"image\":{\"@type\":\"ImageObject\",\"@id\":\"https:\/\/www.peyrac.fr\/actualites\/#personlogo\",\"inLanguage\":\"fr-FR\",\"url\":\"https:\/\/secure.gravatar.com\/avatar\/7095438c901b5d50da8fb9a6f5680d8c?s=96&d=mm&r=g\",\"caption\":\"M B\"}}]}<\/script>\n<!-- \/ Yoast SEO plugin. -->","jetpack_sharing_enabled":true,"jetpack_shortlink":"https:\/\/wp.me\/p9FV2m-ab","jetpack_likes_enabled":true,"jetpack-related-posts":[],"_links":{"self":[{"href":"https:\/\/www.peyrac.fr\/actualites\/wp-json\/wp\/v2\/posts\/631"}],"collection":[{"href":"https:\/\/www.peyrac.fr\/actualites\/wp-json\/wp\/v2\/posts"}],"about":[{"href":"https:\/\/www.peyrac.fr\/actualites\/wp-json\/wp\/v2\/types\/post"}],"author":[{"embeddable":true,"href":"https:\/\/www.peyrac.fr\/actualites\/wp-json\/wp\/v2\/users\/4"}],"replies":[{"embeddable":true,"href":"https:\/\/www.peyrac.fr\/actualites\/wp-json\/wp\/v2\/comments?post=631"}],"version-history":[{"count":5,"href":"https:\/\/www.peyrac.fr\/actualites\/wp-json\/wp\/v2\/posts\/631\/revisions"}],"predecessor-version":[{"id":637,"href":"https:\/\/www.peyrac.fr\/actualites\/wp-json\/wp\/v2\/posts\/631\/revisions\/637"}],"wp:attachment":[{"href":"https:\/\/www.peyrac.fr\/actualites\/wp-json\/wp\/v2\/media?parent=631"}],"wp:term":[{"taxonomy":"category","embeddable":true,"href":"https:\/\/www.peyrac.fr\/actualites\/wp-json\/wp\/v2\/categories?post=631"},{"taxonomy":"post_tag","embeddable":true,"href":"https:\/\/www.peyrac.fr\/actualites\/wp-json\/wp\/v2\/tags?post=631"}],"curies":[{"name":"wp","href":"https:\/\/api.w.org\/{rel}","templated":true}]}}