{"id":648,"date":"2020-10-09T14:51:31","date_gmt":"2020-10-09T12:51:31","guid":{"rendered":"http:\/\/www.peyrac.fr\/actualites\/?p=648"},"modified":"2020-10-09T14:51:32","modified_gmt":"2020-10-09T12:51:32","slug":"la-revival-la-nouvelle-moto-electrique-signee-harley-davidson","status":"publish","type":"post","link":"https:\/\/www.peyrac.fr\/actualites\/la-revival-la-nouvelle-moto-electrique-signee-harley-davidson\/","title":{"rendered":"La Revival : la nouvelle moto \u00e9lectrique sign\u00e9e Harley Davidson"},"content":{"rendered":"\n<div class=\"wp-block-image\"><figure class=\"aligncenter size-large\"><a href=\"https:\/\/www.peyrac.fr\/devis-assurance-2roues\"><img data-attachment-id=\"649\" data-permalink=\"https:\/\/www.peyrac.fr\/actualites\/la-revival-la-nouvelle-moto-electrique-signee-harley-davidson\/revival\/\" data-orig-file=\"https:\/\/i0.wp.com\/www.peyrac.fr\/actualites\/wp-content\/uploads\/2020\/10\/revival.jpg?fit=705%2C470&amp;ssl=1\" data-orig-size=\"705,470\" data-comments-opened=\"1\" data-image-meta=\"{&quot;aperture&quot;:&quot;0&quot;,&quot;credit&quot;:&quot;&quot;,&quot;camera&quot;:&quot;&quot;,&quot;caption&quot;:&quot;&quot;,&quot;created_timestamp&quot;:&quot;0&quot;,&quot;copyright&quot;:&quot;&quot;,&quot;focal_length&quot;:&quot;0&quot;,&quot;iso&quot;:&quot;0&quot;,&quot;shutter_speed&quot;:&quot;0&quot;,&quot;title&quot;:&quot;&quot;,&quot;orientation&quot;:&quot;0&quot;}\" data-image-title=\"revival\" data-image-description=\"\" data-medium-file=\"https:\/\/i0.wp.com\/www.peyrac.fr\/actualites\/wp-content\/uploads\/2020\/10\/revival.jpg?fit=300%2C200&amp;ssl=1\" data-large-file=\"https:\/\/i0.wp.com\/www.peyrac.fr\/actualites\/wp-content\/uploads\/2020\/10\/revival.jpg?fit=640%2C427&amp;ssl=1\" loading=\"lazy\" width=\"640\" height=\"427\" src=\"https:\/\/i0.wp.com\/www.peyrac.fr\/actualites\/wp-content\/uploads\/2020\/10\/revival.jpg?resize=640%2C427&#038;ssl=1\" alt=\"\" class=\"wp-image-649\" srcset=\"https:\/\/i0.wp.com\/www.peyrac.fr\/actualites\/wp-content\/uploads\/2020\/10\/revival.jpg?w=705&amp;ssl=1 705w, https:\/\/i0.wp.com\/www.peyrac.fr\/actualites\/wp-content\/uploads\/2020\/10\/revival.jpg?resize=300%2C200&amp;ssl=1 300w, https:\/\/i0.wp.com\/www.peyrac.fr\/actualites\/wp-content\/uploads\/2020\/10\/revival.jpg?resize=405%2C270&amp;ssl=1 405w\" sizes=\"(max-width: 640px) 100vw, 640px\" data-recalc-dims=\"1\" \/><\/a><\/figure><\/div>\n\n\n\n<p>Harley Davidson avait pour nouvel objectif de conqu\u00e9rir une client\u00e8le plus jeune, notamment avec le lancement de sa LiveWire. Cependant, bien que le constructeur semblait avoir mis ce projet entre parenth\u00e8ses, il pourrait n\u00e9anmoins s\u2019inspirer du travail du designer Tanner Van de Veer pour sa futur moto \u00e9lectrique.<\/p>\n\n\n\n<p>L\u2019association moto \u00e9lectrique et Harley-Davidson n\u2019\u00e9tait pas forc\u00e9ment une \u00e9vidence. Maintenant que Harley-Davidson s\u2019est positionn\u00e9e sur ce march\u00e9 rien ne lui semble irr\u00e9alisable.<\/p>\n\n\n\n<p>Pens\u00e9e par le designer Tanner Van de Veer, cette moto \u00e9lectrique baptis\u00e9e Revival surprend par son look avant-gardiste. Un ing\u00e9nieux m\u00e9lange entre retro et modernit\u00e9 que les afficionados de la marque sauront tr\u00e8s certainement appr\u00e9cier. En effet, bien que cette moto soit pour le moment une d\u00e9monstration de style, elle mise sur des fonctionnalit\u00e9s innovantes, notamment avec son syst\u00e8me de location de batteries amovibles. Le concept permettrait m\u00eame de r\u00e9duire son co\u00fbt global d\u2019achat.<\/p>\n\n\n\n<p>Plus basse et plus fusel\u00e9e que l\u2019actuelle LiveWire, la Revival est \u00e9galement \u00e9quip\u00e9e de repose-pieds ajustables pour la rendre plus facile d\u2019acc\u00e8s.<\/p>\n\n\n\n<p>Le concept reste impr\u00e9cis et assez hypoth\u00e9tique \u00e0 l\u2019heure o\u00f9 Harley cherche plut\u00f4t \u00e0 se recentrer sur ses classiques. Elle a malgr\u00e9 tout \u00e9t\u00e9 soumise au Harley Owners Club, la communaut\u00e9 am\u00e9ricaine d\u2019amateurs de la marque. Il ne reste plus qu\u2019\u00e0 patienter pour savoir si Harley-Davidson d\u00e9cidera ou non de lui faire voir le jour officiellement.<\/p>\n\n\n\n<p><a rel=\"noreferrer noopener\" href=\"https:\/\/www.peyrac.fr\/devis-assurance-2roues\" target=\"_blank\">DEVIS ET SOUSCRIPTION EN LIGNE EN 2 MN<\/a><br><a rel=\"noreferrer noopener\" href=\"https:\/\/www.peyrac.fr\/devis-assurance-2roues\" target=\"_blank\">Cliquez sur l&rsquo;image ci-dessous<\/a><\/p>\n\n\n\n<figure class=\"wp-block-image\"><a href=\"https:\/\/www.peyrac.fr\/devis-assurance-2roues\"><img src=\"https:\/\/i0.wp.com\/www.peyrac.fr\/img\/produits\/moto.png?w=640&#038;ssl=1\" alt=\"L\u2019attribut alt de cette image est vide, son nom de fichier est moto.png.\" data-recalc-dims=\"1\"\/><\/a><\/figure>\n","protected":false},"excerpt":{"rendered":"<p>Harley Davidson avait pour nouvel objectif de conqu\u00e9rir une client\u00e8le plus jeune, notamment avec le lancement de sa LiveWire. Cependant, bien que le constructeur semblait avoir mis ce projet entre parenth\u00e8ses, il pourrait n\u00e9anmoins s\u2019inspirer du travail du designer Tanner Van de Veer pour sa futur moto \u00e9lectrique. L\u2019association moto \u00e9lectrique et Harley-Davidson n\u2019\u00e9tait pas forc\u00e9ment une \u00e9vidence. Maintenant que Harley-Davidson s\u2019est positionn\u00e9e sur ce march\u00e9 rien ne lui semble irr\u00e9alisable. Pens\u00e9e par le designer Tanner Van de Veer, cette&#8230;<\/p>\n<p class=\"read-more\"><a class=\"btn btn-default\" href=\"https:\/\/www.peyrac.fr\/actualites\/la-revival-la-nouvelle-moto-electrique-signee-harley-davidson\/\">Lire la suite<span class=\"screen-reader-text\"> Lire la suite<\/span><\/a><\/p>\n","protected":false},"author":4,"featured_media":0,"comment_status":"open","ping_status":"open","sticky":false,"template":"","format":"standard","meta":{"spay_email":"","jetpack_publicize_message":""},"categories":[1],"tags":[],"jetpack_featured_media_url":"","jetpack_publicize_connections":[],"yoast_head":"<!-- This site is optimized with the Yoast SEO plugin v14.2 - https:\/\/yoast.com\/wordpress\/plugins\/seo\/ -->\n<title>La Revival : la nouvelle moto \u00e9lectrique sign\u00e9e Harley Davidson - Actualit\u00e9s<\/title>\n<meta name=\"robots\" content=\"index, follow\" \/>\n<meta name=\"googlebot\" content=\"index, follow, max-snippet:-1, max-image-preview:large, max-video-preview:-1\" \/>\n<meta name=\"bingbot\" content=\"index, follow, max-snippet:-1, max-image-preview:large, max-video-preview:-1\" \/>\n<link rel=\"canonical\" href=\"http:\/\/www.peyrac.fr\/actualites\/la-revival-la-nouvelle-moto-electrique-signee-harley-davidson\/\" \/>\n<meta property=\"og:locale\" content=\"fr_FR\" \/>\n<meta property=\"og:type\" content=\"article\" \/>\n<meta property=\"og:title\" content=\"La Revival : la nouvelle moto \u00e9lectrique sign\u00e9e Harley Davidson - Actualit\u00e9s\" \/>\n<meta property=\"og:description\" content=\"Harley Davidson avait pour nouvel objectif de conqu\u00e9rir une client\u00e8le plus jeune, notamment avec le lancement de sa LiveWire. Cependant, bien que le constructeur semblait avoir mis ce projet entre parenth\u00e8ses, il pourrait n\u00e9anmoins s\u2019inspirer du travail du designer Tanner Van de Veer pour sa futur moto \u00e9lectrique. L\u2019association moto \u00e9lectrique et Harley-Davidson n\u2019\u00e9tait pas forc\u00e9ment une \u00e9vidence. Maintenant que Harley-Davidson s\u2019est positionn\u00e9e sur ce march\u00e9 rien ne lui semble irr\u00e9alisable. Pens\u00e9e par le designer Tanner Van de Veer, cette...Lire la suite Lire la suite\" \/>\n<meta property=\"og:url\" content=\"http:\/\/www.peyrac.fr\/actualites\/la-revival-la-nouvelle-moto-electrique-signee-harley-davidson\/\" \/>\n<meta property=\"og:site_name\" content=\"Actualit\u00e9s\" \/>\n<meta property=\"article:publisher\" content=\"https:\/\/fr-fr.facebook.com\/pages\/category\/Insurance-Broker\/Peyrac-Assurances-785156224901716\/\" \/>\n<meta property=\"article:published_time\" content=\"2020-10-09T12:51:31+00:00\" \/>\n<meta property=\"article:modified_time\" content=\"2020-10-09T12:51:32+00:00\" \/>\n<meta property=\"og:image\" content=\"https:\/\/www.peyrac.fr\/actualites\/wp-content\/uploads\/2020\/10\/revival.jpg\" \/>\n<meta name=\"twitter:card\" content=\"summary\" \/>\n<meta name=\"twitter:creator\" content=\"@PeyracAssurance\" \/>\n<meta name=\"twitter:site\" content=\"@PeyracAssurance\" \/>\n<script type=\"application\/ld+json\" class=\"yoast-schema-graph\">{\"@context\":\"https:\/\/schema.org\",\"@graph\":[{\"@type\":\"WebSite\",\"@id\":\"https:\/\/www.peyrac.fr\/actualites\/#website\",\"url\":\"https:\/\/www.peyrac.fr\/actualites\/\",\"name\":\"Peyrac Assurances\",\"description\":\"\",\"potentialAction\":[{\"@type\":\"SearchAction\",\"target\":\"https:\/\/www.peyrac.fr\/actualites\/?s={search_term_string}\",\"query-input\":\"required name=search_term_string\"}],\"inLanguage\":\"fr-FR\"},{\"@type\":\"ImageObject\",\"@id\":\"http:\/\/www.peyrac.fr\/actualites\/la-revival-la-nouvelle-moto-electrique-signee-harley-davidson\/#primaryimage\",\"inLanguage\":\"fr-FR\",\"url\":\"https:\/\/i0.wp.com\/www.peyrac.fr\/actualites\/wp-content\/uploads\/2020\/10\/revival.jpg?fit=705%2C470&ssl=1\",\"width\":705,\"height\":470},{\"@type\":\"WebPage\",\"@id\":\"http:\/\/www.peyrac.fr\/actualites\/la-revival-la-nouvelle-moto-electrique-signee-harley-davidson\/#webpage\",\"url\":\"http:\/\/www.peyrac.fr\/actualites\/la-revival-la-nouvelle-moto-electrique-signee-harley-davidson\/\",\"name\":\"La Revival : la nouvelle moto \\u00e9lectrique sign\\u00e9e Harley Davidson - Actualit\\u00e9s\",\"isPartOf\":{\"@id\":\"https:\/\/www.peyrac.fr\/actualites\/#website\"},\"primaryImageOfPage\":{\"@id\":\"http:\/\/www.peyrac.fr\/actualites\/la-revival-la-nouvelle-moto-electrique-signee-harley-davidson\/#primaryimage\"},\"datePublished\":\"2020-10-09T12:51:31+00:00\",\"dateModified\":\"2020-10-09T12:51:32+00:00\",\"author\":{\"@id\":\"https:\/\/www.peyrac.fr\/actualites\/#\/schema\/person\/162ff8dc4aeb790d0bf315f75b32f724\"},\"breadcrumb\":{\"@id\":\"http:\/\/www.peyrac.fr\/actualites\/la-revival-la-nouvelle-moto-electrique-signee-harley-davidson\/#breadcrumb\"},\"inLanguage\":\"fr-FR\",\"potentialAction\":[{\"@type\":\"ReadAction\",\"target\":[\"http:\/\/www.peyrac.fr\/actualites\/la-revival-la-nouvelle-moto-electrique-signee-harley-davidson\/\"]}]},{\"@type\":\"BreadcrumbList\",\"@id\":\"http:\/\/www.peyrac.fr\/actualites\/la-revival-la-nouvelle-moto-electrique-signee-harley-davidson\/#breadcrumb\",\"itemListElement\":[{\"@type\":\"ListItem\",\"position\":1,\"item\":{\"@type\":\"WebPage\",\"@id\":\"https:\/\/www.peyrac.fr\/actualites\/\",\"url\":\"https:\/\/www.peyrac.fr\/actualites\/\",\"name\":\"Accueil des actualit\\u00e9s\"}},{\"@type\":\"ListItem\",\"position\":2,\"item\":{\"@type\":\"WebPage\",\"@id\":\"https:\/\/www.peyrac.fr\/actualites\/category\/non-classe\/\",\"url\":\"https:\/\/www.peyrac.fr\/actualites\/category\/non-classe\/\",\"name\":\"Non class\\u00e9\"}},{\"@type\":\"ListItem\",\"position\":3,\"item\":{\"@type\":\"WebPage\",\"@id\":\"http:\/\/www.peyrac.fr\/actualites\/la-revival-la-nouvelle-moto-electrique-signee-harley-davidson\/\",\"url\":\"http:\/\/www.peyrac.fr\/actualites\/la-revival-la-nouvelle-moto-electrique-signee-harley-davidson\/\",\"name\":\"La Revival : la nouvelle moto \\u00e9lectrique sign\\u00e9e Harley Davidson\"}}]},{\"@type\":[\"Person\"],\"@id\":\"https:\/\/www.peyrac.fr\/actualites\/#\/schema\/person\/162ff8dc4aeb790d0bf315f75b32f724\",\"name\":\"M B\",\"image\":{\"@type\":\"ImageObject\",\"@id\":\"https:\/\/www.peyrac.fr\/actualites\/#personlogo\",\"inLanguage\":\"fr-FR\",\"url\":\"https:\/\/secure.gravatar.com\/avatar\/7095438c901b5d50da8fb9a6f5680d8c?s=96&d=mm&r=g\",\"caption\":\"M B\"}}]}<\/script>\n<!-- \/ Yoast SEO plugin. -->","jetpack_sharing_enabled":true,"jetpack_shortlink":"https:\/\/wp.me\/p9FV2m-as","jetpack_likes_enabled":true,"jetpack-related-posts":[],"_links":{"self":[{"href":"https:\/\/www.peyrac.fr\/actualites\/wp-json\/wp\/v2\/posts\/648"}],"collection":[{"href":"https:\/\/www.peyrac.fr\/actualites\/wp-json\/wp\/v2\/posts"}],"about":[{"href":"https:\/\/www.peyrac.fr\/actualites\/wp-json\/wp\/v2\/types\/post"}],"author":[{"embeddable":true,"href":"https:\/\/www.peyrac.fr\/actualites\/wp-json\/wp\/v2\/users\/4"}],"replies":[{"embeddable":true,"href":"https:\/\/www.peyrac.fr\/actualites\/wp-json\/wp\/v2\/comments?post=648"}],"version-history":[{"count":4,"href":"https:\/\/www.peyrac.fr\/actualites\/wp-json\/wp\/v2\/posts\/648\/revisions"}],"predecessor-version":[{"id":653,"href":"https:\/\/www.peyrac.fr\/actualites\/wp-json\/wp\/v2\/posts\/648\/revisions\/653"}],"wp:attachment":[{"href":"https:\/\/www.peyrac.fr\/actualites\/wp-json\/wp\/v2\/media?parent=648"}],"wp:term":[{"taxonomy":"category","embeddable":true,"href":"https:\/\/www.peyrac.fr\/actualites\/wp-json\/wp\/v2\/categories?post=648"},{"taxonomy":"post_tag","embeddable":true,"href":"https:\/\/www.peyrac.fr\/actualites\/wp-json\/wp\/v2\/tags?post=648"}],"curies":[{"name":"wp","href":"https:\/\/api.w.org\/{rel}","templated":true}]}}