{"id":671,"date":"2020-10-23T12:47:55","date_gmt":"2020-10-23T10:47:55","guid":{"rendered":"http:\/\/www.peyrac.fr\/actualites\/?p=671"},"modified":"2020-10-23T12:47:56","modified_gmt":"2020-10-23T10:47:56","slug":"des-espaces-dedies-aux-motards-sur-les-aires-dautoroutes","status":"publish","type":"post","link":"https:\/\/www.peyrac.fr\/actualites\/des-espaces-dedies-aux-motards-sur-les-aires-dautoroutes\/","title":{"rendered":"Des espaces d\u00e9di\u00e9s aux motards sur les aires d&rsquo;autoroutes"},"content":{"rendered":"\n<div class=\"wp-block-image\"><figure class=\"aligncenter size-large\"><a href=\"https:\/\/www.peyrac.fr\/devis-assurance-2roues\"><img data-attachment-id=\"672\" data-permalink=\"https:\/\/www.peyrac.fr\/actualites\/des-espaces-dedies-aux-motards-sur-les-aires-dautoroutes\/120238011_2703681169885454_950651388726726453_o-compressed\/\" data-orig-file=\"https:\/\/i2.wp.com\/www.peyrac.fr\/actualites\/wp-content\/uploads\/2020\/10\/120238011_2703681169885454_950651388726726453_o-compressed.jpg?fit=2048%2C1365&amp;ssl=1\" data-orig-size=\"2048,1365\" data-comments-opened=\"1\" data-image-meta=\"{&quot;aperture&quot;:&quot;0&quot;,&quot;credit&quot;:&quot;&quot;,&quot;camera&quot;:&quot;&quot;,&quot;caption&quot;:&quot;&quot;,&quot;created_timestamp&quot;:&quot;0&quot;,&quot;copyright&quot;:&quot;&quot;,&quot;focal_length&quot;:&quot;0&quot;,&quot;iso&quot;:&quot;0&quot;,&quot;shutter_speed&quot;:&quot;0&quot;,&quot;title&quot;:&quot;&quot;,&quot;orientation&quot;:&quot;0&quot;}\" data-image-title=\"120238011_2703681169885454_950651388726726453_o-compressed\" data-image-description=\"\" data-medium-file=\"https:\/\/i2.wp.com\/www.peyrac.fr\/actualites\/wp-content\/uploads\/2020\/10\/120238011_2703681169885454_950651388726726453_o-compressed.jpg?fit=300%2C200&amp;ssl=1\" data-large-file=\"https:\/\/i2.wp.com\/www.peyrac.fr\/actualites\/wp-content\/uploads\/2020\/10\/120238011_2703681169885454_950651388726726453_o-compressed.jpg?fit=640%2C427&amp;ssl=1\" loading=\"lazy\" width=\"2048\" height=\"1365\" src=\"https:\/\/i2.wp.com\/www.peyrac.fr\/actualites\/wp-content\/uploads\/2020\/10\/120238011_2703681169885454_950651388726726453_o-compressed.jpg?fit=640%2C427&amp;ssl=1\" alt=\"\" class=\"wp-image-672\" srcset=\"https:\/\/i2.wp.com\/www.peyrac.fr\/actualites\/wp-content\/uploads\/2020\/10\/120238011_2703681169885454_950651388726726453_o-compressed.jpg?w=2048&amp;ssl=1 2048w, https:\/\/i2.wp.com\/www.peyrac.fr\/actualites\/wp-content\/uploads\/2020\/10\/120238011_2703681169885454_950651388726726453_o-compressed.jpg?resize=300%2C200&amp;ssl=1 300w, https:\/\/i2.wp.com\/www.peyrac.fr\/actualites\/wp-content\/uploads\/2020\/10\/120238011_2703681169885454_950651388726726453_o-compressed.jpg?resize=1024%2C683&amp;ssl=1 1024w, https:\/\/i2.wp.com\/www.peyrac.fr\/actualites\/wp-content\/uploads\/2020\/10\/120238011_2703681169885454_950651388726726453_o-compressed.jpg?resize=768%2C512&amp;ssl=1 768w, https:\/\/i2.wp.com\/www.peyrac.fr\/actualites\/wp-content\/uploads\/2020\/10\/120238011_2703681169885454_950651388726726453_o-compressed.jpg?resize=1536%2C1024&amp;ssl=1 1536w, https:\/\/i2.wp.com\/www.peyrac.fr\/actualites\/wp-content\/uploads\/2020\/10\/120238011_2703681169885454_950651388726726453_o-compressed.jpg?resize=405%2C270&amp;ssl=1 405w, https:\/\/i2.wp.com\/www.peyrac.fr\/actualites\/wp-content\/uploads\/2020\/10\/120238011_2703681169885454_950651388726726453_o-compressed.jpg?w=1280 1280w, https:\/\/i2.wp.com\/www.peyrac.fr\/actualites\/wp-content\/uploads\/2020\/10\/120238011_2703681169885454_950651388726726453_o-compressed.jpg?w=1920 1920w\" sizes=\"(max-width: 640px) 100vw, 640px\" \/><\/a><\/figure><\/div>\n\n\n\n<p>L&rsquo;APRR (Autoroutes Paris-Rhin-Rh\u00f4ne) et sa filiale AREA, deuxi\u00e8me plus gros concessionnaire du r\u00e9seau autoroutier fran\u00e7ais, ont annonc\u00e9 r\u00e9cemment la mise en place de nombreux services pour am\u00e9liorer l&rsquo;accueil des motards sur les aires autorouti\u00e8res.<\/p>\n\n\n\n<p>Bien que les motards ne soient pas v\u00e9ritablement adeptes de l\u2019autoroute pour leurs d\u00e9placements, ils n&rsquo;en demeurent pas moins une client\u00e8le importante du r\u00e9seau dans la mesure o\u00f9 ils repr\u00e9sentent 6% des usagers selon une \u00e9tude men\u00e9e par le groupe. L&rsquo;APPR a donc d\u00e9cid\u00e9 de d\u00e9velopper avec ses partenaires des espaces sp\u00e9cifiques avec de nouveaux services.<\/p>\n\n\n\n<p>A cette occasion, il s&rsquo;est associ\u00e9 \u00e0 l&rsquo;enseigne Dafy pour installer des \u00ab\u00a0corners moto\u00a0\u00bb o\u00f9 sont propos\u00e9s des \u00e9quipements d&rsquo;appoint et de s\u00e9curit\u00e9 pour les urgences classiques. On y retrouve ainsi des graisses de cha\u00eenes, des nettoyants de visi\u00e8res ou encore des bombes anti-crevaison ou des combinaisons de pluie. Le point positif \u00e0 souligner est que les tarifs restent les m\u00eames que ceux pratiqu\u00e9s dans le r\u00e9seau Dafy. Des consignes de casque gratuites sont \u00e9galement disponibles pour se d\u00e9sencombrer le temps de sa pause.<\/p>\n\n\n\n<p>Certaines aires d\u2019autoroutes vont m\u00eame plus loin en jouant le r\u00f4le de \u00ab\u00a0relais motards\u00a0\u00bb. Elles proposeront un caf\u00e9 gratuit ainsi qu\u2019une zone de s\u00e9chage pour les \u00e9quipements.<\/p>\n\n\n\n<p><a rel=\"noreferrer noopener\" href=\"https:\/\/www.peyrac.fr\/devis-assurance-2roues\" target=\"_blank\">DEVIS ET SOUSCRIPTION EN LIGNE EN 2 MN<\/a><br><a rel=\"noreferrer noopener\" href=\"https:\/\/www.peyrac.fr\/devis-assurance-2roues\" target=\"_blank\">Cliquez sur l&rsquo;image ci-dessous<\/a><\/p>\n\n\n\n<figure class=\"wp-block-image\"><a href=\"https:\/\/www.peyrac.fr\/devis-assurance-2roues\"><img src=\"https:\/\/i0.wp.com\/www.peyrac.fr\/img\/produits\/moto.png?w=640&#038;ssl=1\" alt=\"L\u2019attribut alt de cette image est vide, son nom de fichier est moto.png.\" data-recalc-dims=\"1\"\/><\/a><\/figure>\n","protected":false},"excerpt":{"rendered":"<p>L&rsquo;APRR (Autoroutes Paris-Rhin-Rh\u00f4ne) et sa filiale AREA, deuxi\u00e8me plus gros concessionnaire du r\u00e9seau autoroutier fran\u00e7ais, ont annonc\u00e9 r\u00e9cemment la mise en place de nombreux services pour am\u00e9liorer l&rsquo;accueil des motards sur les aires autorouti\u00e8res. Bien que les motards ne soient pas v\u00e9ritablement adeptes de l\u2019autoroute pour leurs d\u00e9placements, ils n&rsquo;en demeurent pas moins une client\u00e8le importante du r\u00e9seau dans la mesure o\u00f9 ils repr\u00e9sentent 6% des usagers selon une \u00e9tude men\u00e9e par le groupe. L&rsquo;APPR a donc d\u00e9cid\u00e9 de d\u00e9velopper&#8230;<\/p>\n<p class=\"read-more\"><a class=\"btn btn-default\" href=\"https:\/\/www.peyrac.fr\/actualites\/des-espaces-dedies-aux-motards-sur-les-aires-dautoroutes\/\">Lire la suite<span class=\"screen-reader-text\"> Lire la suite<\/span><\/a><\/p>\n","protected":false},"author":4,"featured_media":0,"comment_status":"open","ping_status":"open","sticky":false,"template":"","format":"standard","meta":{"spay_email":"","jetpack_publicize_message":""},"categories":[1],"tags":[],"jetpack_featured_media_url":"","jetpack_publicize_connections":[],"yoast_head":"<!-- This site is optimized with the Yoast SEO plugin v14.2 - https:\/\/yoast.com\/wordpress\/plugins\/seo\/ -->\n<title>Des espaces d\u00e9di\u00e9s aux motards sur les aires d&#039;autoroutes - Actualit\u00e9s<\/title>\n<meta name=\"robots\" content=\"index, follow\" \/>\n<meta name=\"googlebot\" content=\"index, follow, max-snippet:-1, max-image-preview:large, max-video-preview:-1\" \/>\n<meta name=\"bingbot\" content=\"index, follow, max-snippet:-1, max-image-preview:large, max-video-preview:-1\" \/>\n<link rel=\"canonical\" href=\"http:\/\/www.peyrac.fr\/actualites\/des-espaces-dedies-aux-motards-sur-les-aires-dautoroutes\/\" \/>\n<meta property=\"og:locale\" content=\"fr_FR\" \/>\n<meta property=\"og:type\" content=\"article\" \/>\n<meta property=\"og:title\" content=\"Des espaces d\u00e9di\u00e9s aux motards sur les aires d&#039;autoroutes - Actualit\u00e9s\" \/>\n<meta property=\"og:description\" content=\"L&rsquo;APRR (Autoroutes Paris-Rhin-Rh\u00f4ne) et sa filiale AREA, deuxi\u00e8me plus gros concessionnaire du r\u00e9seau autoroutier fran\u00e7ais, ont annonc\u00e9 r\u00e9cemment la mise en place de nombreux services pour am\u00e9liorer l&rsquo;accueil des motards sur les aires autorouti\u00e8res. Bien que les motards ne soient pas v\u00e9ritablement adeptes de l\u2019autoroute pour leurs d\u00e9placements, ils n&rsquo;en demeurent pas moins une client\u00e8le importante du r\u00e9seau dans la mesure o\u00f9 ils repr\u00e9sentent 6% des usagers selon une \u00e9tude men\u00e9e par le groupe. L&rsquo;APPR a donc d\u00e9cid\u00e9 de d\u00e9velopper...Lire la suite Lire la suite\" \/>\n<meta property=\"og:url\" content=\"http:\/\/www.peyrac.fr\/actualites\/des-espaces-dedies-aux-motards-sur-les-aires-dautoroutes\/\" \/>\n<meta property=\"og:site_name\" content=\"Actualit\u00e9s\" \/>\n<meta property=\"article:publisher\" content=\"https:\/\/fr-fr.facebook.com\/pages\/category\/Insurance-Broker\/Peyrac-Assurances-785156224901716\/\" \/>\n<meta property=\"article:published_time\" content=\"2020-10-23T10:47:55+00:00\" \/>\n<meta property=\"article:modified_time\" content=\"2020-10-23T10:47:56+00:00\" \/>\n<meta property=\"og:image\" content=\"https:\/\/i2.wp.com\/www.peyrac.fr\/actualites\/wp-content\/uploads\/2020\/10\/120238011_2703681169885454_950651388726726453_o-compressed.jpg?fit=640%2C427&#038;ssl=1\" \/>\n<meta name=\"twitter:card\" content=\"summary\" \/>\n<meta name=\"twitter:creator\" content=\"@PeyracAssurance\" \/>\n<meta name=\"twitter:site\" content=\"@PeyracAssurance\" \/>\n<script type=\"application\/ld+json\" class=\"yoast-schema-graph\">{\"@context\":\"https:\/\/schema.org\",\"@graph\":[{\"@type\":\"WebSite\",\"@id\":\"https:\/\/www.peyrac.fr\/actualites\/#website\",\"url\":\"https:\/\/www.peyrac.fr\/actualites\/\",\"name\":\"Peyrac Assurances\",\"description\":\"\",\"potentialAction\":[{\"@type\":\"SearchAction\",\"target\":\"https:\/\/www.peyrac.fr\/actualites\/?s={search_term_string}\",\"query-input\":\"required name=search_term_string\"}],\"inLanguage\":\"fr-FR\"},{\"@type\":\"ImageObject\",\"@id\":\"http:\/\/www.peyrac.fr\/actualites\/des-espaces-dedies-aux-motards-sur-les-aires-dautoroutes\/#primaryimage\",\"inLanguage\":\"fr-FR\",\"url\":\"https:\/\/i2.wp.com\/www.peyrac.fr\/actualites\/wp-content\/uploads\/2020\/10\/120238011_2703681169885454_950651388726726453_o-compressed.jpg?fit=640%2C427&amp;ssl=1\"},{\"@type\":\"WebPage\",\"@id\":\"http:\/\/www.peyrac.fr\/actualites\/des-espaces-dedies-aux-motards-sur-les-aires-dautoroutes\/#webpage\",\"url\":\"http:\/\/www.peyrac.fr\/actualites\/des-espaces-dedies-aux-motards-sur-les-aires-dautoroutes\/\",\"name\":\"Des espaces d\\u00e9di\\u00e9s aux motards sur les aires d'autoroutes - Actualit\\u00e9s\",\"isPartOf\":{\"@id\":\"https:\/\/www.peyrac.fr\/actualites\/#website\"},\"primaryImageOfPage\":{\"@id\":\"http:\/\/www.peyrac.fr\/actualites\/des-espaces-dedies-aux-motards-sur-les-aires-dautoroutes\/#primaryimage\"},\"datePublished\":\"2020-10-23T10:47:55+00:00\",\"dateModified\":\"2020-10-23T10:47:56+00:00\",\"author\":{\"@id\":\"https:\/\/www.peyrac.fr\/actualites\/#\/schema\/person\/162ff8dc4aeb790d0bf315f75b32f724\"},\"breadcrumb\":{\"@id\":\"http:\/\/www.peyrac.fr\/actualites\/des-espaces-dedies-aux-motards-sur-les-aires-dautoroutes\/#breadcrumb\"},\"inLanguage\":\"fr-FR\",\"potentialAction\":[{\"@type\":\"ReadAction\",\"target\":[\"http:\/\/www.peyrac.fr\/actualites\/des-espaces-dedies-aux-motards-sur-les-aires-dautoroutes\/\"]}]},{\"@type\":\"BreadcrumbList\",\"@id\":\"http:\/\/www.peyrac.fr\/actualites\/des-espaces-dedies-aux-motards-sur-les-aires-dautoroutes\/#breadcrumb\",\"itemListElement\":[{\"@type\":\"ListItem\",\"position\":1,\"item\":{\"@type\":\"WebPage\",\"@id\":\"https:\/\/www.peyrac.fr\/actualites\/\",\"url\":\"https:\/\/www.peyrac.fr\/actualites\/\",\"name\":\"Accueil des actualit\\u00e9s\"}},{\"@type\":\"ListItem\",\"position\":2,\"item\":{\"@type\":\"WebPage\",\"@id\":\"https:\/\/www.peyrac.fr\/actualites\/category\/non-classe\/\",\"url\":\"https:\/\/www.peyrac.fr\/actualites\/category\/non-classe\/\",\"name\":\"Non class\\u00e9\"}},{\"@type\":\"ListItem\",\"position\":3,\"item\":{\"@type\":\"WebPage\",\"@id\":\"http:\/\/www.peyrac.fr\/actualites\/des-espaces-dedies-aux-motards-sur-les-aires-dautoroutes\/\",\"url\":\"http:\/\/www.peyrac.fr\/actualites\/des-espaces-dedies-aux-motards-sur-les-aires-dautoroutes\/\",\"name\":\"Des espaces d\\u00e9di\\u00e9s aux motards sur les aires d&rsquo;autoroutes\"}}]},{\"@type\":[\"Person\"],\"@id\":\"https:\/\/www.peyrac.fr\/actualites\/#\/schema\/person\/162ff8dc4aeb790d0bf315f75b32f724\",\"name\":\"M B\",\"image\":{\"@type\":\"ImageObject\",\"@id\":\"https:\/\/www.peyrac.fr\/actualites\/#personlogo\",\"inLanguage\":\"fr-FR\",\"url\":\"https:\/\/secure.gravatar.com\/avatar\/7095438c901b5d50da8fb9a6f5680d8c?s=96&d=mm&r=g\",\"caption\":\"M B\"}}]}<\/script>\n<!-- \/ Yoast SEO plugin. -->","jetpack_sharing_enabled":true,"jetpack_shortlink":"https:\/\/wp.me\/p9FV2m-aP","jetpack_likes_enabled":true,"jetpack-related-posts":[],"_links":{"self":[{"href":"https:\/\/www.peyrac.fr\/actualites\/wp-json\/wp\/v2\/posts\/671"}],"collection":[{"href":"https:\/\/www.peyrac.fr\/actualites\/wp-json\/wp\/v2\/posts"}],"about":[{"href":"https:\/\/www.peyrac.fr\/actualites\/wp-json\/wp\/v2\/types\/post"}],"author":[{"embeddable":true,"href":"https:\/\/www.peyrac.fr\/actualites\/wp-json\/wp\/v2\/users\/4"}],"replies":[{"embeddable":true,"href":"https:\/\/www.peyrac.fr\/actualites\/wp-json\/wp\/v2\/comments?post=671"}],"version-history":[{"count":4,"href":"https:\/\/www.peyrac.fr\/actualites\/wp-json\/wp\/v2\/posts\/671\/revisions"}],"predecessor-version":[{"id":676,"href":"https:\/\/www.peyrac.fr\/actualites\/wp-json\/wp\/v2\/posts\/671\/revisions\/676"}],"wp:attachment":[{"href":"https:\/\/www.peyrac.fr\/actualites\/wp-json\/wp\/v2\/media?parent=671"}],"wp:term":[{"taxonomy":"category","embeddable":true,"href":"https:\/\/www.peyrac.fr\/actualites\/wp-json\/wp\/v2\/categories?post=671"},{"taxonomy":"post_tag","embeddable":true,"href":"https:\/\/www.peyrac.fr\/actualites\/wp-json\/wp\/v2\/tags?post=671"}],"curies":[{"name":"wp","href":"https:\/\/api.w.org\/{rel}","templated":true}]}}