{"id":682,"date":"2020-10-30T11:43:58","date_gmt":"2020-10-30T10:43:58","guid":{"rendered":"http:\/\/www.peyrac.fr\/actualites\/?p=682"},"modified":"2020-10-30T14:26:23","modified_gmt":"2020-10-30T13:26:23","slug":"la-yamaha-mt-09-2021","status":"publish","type":"post","link":"https:\/\/www.peyrac.fr\/actualites\/la-yamaha-mt-09-2021\/","title":{"rendered":"La Yamaha MT-09 2021"},"content":{"rendered":"\n<div class=\"wp-block-image\"><figure class=\"aligncenter size-large\"><a href=\"https:\/\/www.peyrac.fr\/devis-assurance-2roues\"><img data-attachment-id=\"687\" data-permalink=\"https:\/\/www.peyrac.fr\/actualites\/la-yamaha-mt-09-2021\/mt\/\" data-orig-file=\"https:\/\/i1.wp.com\/www.peyrac.fr\/actualites\/wp-content\/uploads\/2020\/10\/mt.jpg?fit=688%2C459&amp;ssl=1\" data-orig-size=\"688,459\" data-comments-opened=\"1\" data-image-meta=\"{&quot;aperture&quot;:&quot;0&quot;,&quot;credit&quot;:&quot;&quot;,&quot;camera&quot;:&quot;&quot;,&quot;caption&quot;:&quot;&quot;,&quot;created_timestamp&quot;:&quot;0&quot;,&quot;copyright&quot;:&quot;&quot;,&quot;focal_length&quot;:&quot;0&quot;,&quot;iso&quot;:&quot;0&quot;,&quot;shutter_speed&quot;:&quot;0&quot;,&quot;title&quot;:&quot;&quot;,&quot;orientation&quot;:&quot;0&quot;}\" data-image-title=\"mt\" data-image-description=\"\" data-medium-file=\"https:\/\/i1.wp.com\/www.peyrac.fr\/actualites\/wp-content\/uploads\/2020\/10\/mt.jpg?fit=300%2C200&amp;ssl=1\" data-large-file=\"https:\/\/i1.wp.com\/www.peyrac.fr\/actualites\/wp-content\/uploads\/2020\/10\/mt.jpg?fit=640%2C427&amp;ssl=1\" loading=\"lazy\" width=\"640\" height=\"427\" src=\"https:\/\/i1.wp.com\/www.peyrac.fr\/actualites\/wp-content\/uploads\/2020\/10\/mt.jpg?resize=640%2C427&#038;ssl=1\" alt=\"\" class=\"wp-image-687\" srcset=\"https:\/\/i1.wp.com\/www.peyrac.fr\/actualites\/wp-content\/uploads\/2020\/10\/mt.jpg?w=688&amp;ssl=1 688w, https:\/\/i1.wp.com\/www.peyrac.fr\/actualites\/wp-content\/uploads\/2020\/10\/mt.jpg?resize=300%2C200&amp;ssl=1 300w, https:\/\/i1.wp.com\/www.peyrac.fr\/actualites\/wp-content\/uploads\/2020\/10\/mt.jpg?resize=405%2C270&amp;ssl=1 405w\" sizes=\"(max-width: 640px) 100vw, 640px\" data-recalc-dims=\"1\" \/><\/a><\/figure><\/div>\n\n\n\n<p>Le constructeur Yamaha vient de d\u00e9voiler l\u2019une de ses nouveaut\u00e9s 2021: la nouvelle MT-09. La japonaise profite du passage \u00e0 l&rsquo;Euro 5 pour s\u2019offrir une mise \u00e0 jour compl\u00e8te.<\/p>\n\n\n\n<p>Elle sera plus l\u00e9g\u00e8re, plus puissante et surtout plus technologique. La conception de son moteur a \u00e9t\u00e9 repens\u00e9e pour gagner en l\u00e9g\u00e8ret\u00e9 et g\u00e9n\u00e9rer plus de puissance.<\/p>\n\n\n\n<p>Presque tous les composants principaux seront in\u00e9dits. On trouvera \u00e9galement sur la MT-09 2021 un nouveau syst\u00e8me de changement de vitesse rapide. Le syst\u00e8me de contr\u00f4le \u00e9lectronique de l\u2019ouverture des gaz a aussi \u00e9t\u00e9 optimis\u00e9 gr\u00e2ce \u00e0 l\u2019ajout d\u2019un syst\u00e8me appel\u00e9 \u00ab&nbsp;Ride-by-wire&nbsp;\u00bb qui offrira une r\u00e9ponse instantan\u00e9e \u00e0 l\u2019acc\u00e9l\u00e9ration.<\/p>\n\n\n\n<p>L\u2019une des caract\u00e9ristiques de la nouvelle MT-09 sera son syst\u00e8me d\u2019\u00e9chappement qui sortira des deux c\u00f4t\u00e9s sous la moto. Dot\u00e9 d\u2019une nouvelle ergonomie,&nbsp; il sera plus l\u00e9ger que le pr\u00e9c\u00e9dent. La MT-09 2021 sera \u00e9quip\u00e9e d\u2019un tout nouveau ch\u00e2ssis en aluminium \u00e9galement plus l\u00e9ger offrant ainsi une meilleure agilit\u00e9.<\/p>\n\n\n\n<p>En ce qui concerne son design, la nouvelle MT-09 sera le symbole de l\u2019\u00e9volution de l&rsquo;essence m\u00eame de la MT. Sa ligne sera plus \u00e9pur\u00e9e notamment gr\u00e2ce \u00e0 l\u2019absence totale de panneaux lat\u00e9raux&nbsp;et \u00e0 son arri\u00e8re \u00e9lanc\u00e9. Le nouveau tableau de bord de 3,5 pouces sera muni d\u2019un \u00e9cran couleur qui affichera les donn\u00e9es de fa\u00e7on tr\u00e8s pr\u00e9cise. Le compte-tours changera de couleur lors des changements de r\u00e9gime, tandis que l\u2019\u00e9cran affichera une horloge, un indicateur de rapport ou encore la temp\u00e9rature de l\u2019air.<\/p>\n\n\n\n<p>La nouvelle Yamaha MT-09 sera normalement disponible en concessions au prix de 9 499 euros \u00e0 la fin du premier trimestre 2021 et sera d\u00e9clin\u00e9e en trois coloris&nbsp;: Storm Fluo, Tech Black et Icon Blue. Il faudra donc s\u2019armer de patience pour exp\u00e9rimenter cette nouvelle venue.<\/p>\n\n\n\n<p class=\"has-text-color has-text-align-center has-light-green-cyan-color\"><strong><a rel=\"noreferrer noopener\" href=\"https:\/\/www.peyrac.fr\/devis-assurance-2roues\" target=\"_blank\">DEVIS ET SOUSCRIPTION EN LIGNE EN 2 MN<\/a><br><a rel=\"noreferrer noopener\" href=\"https:\/\/www.peyrac.fr\/devis-assurance-2roues\" target=\"_blank\">Cliquez sur l&rsquo;image ci-dessous<\/a><\/strong><\/p>\n\n\n\n<div class=\"wp-block-image\"><figure class=\"aligncenter\"><a href=\"https:\/\/www.peyrac.fr\/devis-assurance-2roues\"><img src=\"https:\/\/i0.wp.com\/www.peyrac.fr\/img\/produits\/moto.png?w=640&#038;ssl=1\" alt=\"L\u2019attribut alt de cette image est vide, son nom de fichier est moto.png.\" data-recalc-dims=\"1\"\/><\/a><\/figure><\/div>\n","protected":false},"excerpt":{"rendered":"<p>Le constructeur Yamaha vient de d\u00e9voiler l\u2019une de ses nouveaut\u00e9s 2021: la nouvelle MT-09. La japonaise profite du passage \u00e0 l&rsquo;Euro 5 pour s\u2019offrir une mise \u00e0 jour compl\u00e8te. Elle sera plus l\u00e9g\u00e8re, plus puissante et surtout plus technologique. La conception de son moteur a \u00e9t\u00e9 repens\u00e9e pour gagner en l\u00e9g\u00e8ret\u00e9 et g\u00e9n\u00e9rer plus de puissance. Presque tous les composants principaux seront in\u00e9dits. On trouvera \u00e9galement sur la MT-09 2021 un nouveau syst\u00e8me de changement de vitesse rapide. Le syst\u00e8me&#8230;<\/p>\n<p class=\"read-more\"><a class=\"btn btn-default\" href=\"https:\/\/www.peyrac.fr\/actualites\/la-yamaha-mt-09-2021\/\">Lire la suite<span class=\"screen-reader-text\"> Lire la suite<\/span><\/a><\/p>\n","protected":false},"author":4,"featured_media":0,"comment_status":"open","ping_status":"open","sticky":false,"template":"","format":"standard","meta":{"spay_email":"","jetpack_publicize_message":""},"categories":[1],"tags":[],"jetpack_featured_media_url":"","jetpack_publicize_connections":[],"yoast_head":"<!-- This site is optimized with the Yoast SEO plugin v14.2 - https:\/\/yoast.com\/wordpress\/plugins\/seo\/ -->\n<title>La Yamaha MT-09 2021 - Actualit\u00e9s<\/title>\n<meta name=\"robots\" content=\"index, follow\" \/>\n<meta name=\"googlebot\" content=\"index, follow, max-snippet:-1, max-image-preview:large, max-video-preview:-1\" \/>\n<meta name=\"bingbot\" content=\"index, follow, max-snippet:-1, max-image-preview:large, max-video-preview:-1\" \/>\n<link rel=\"canonical\" href=\"http:\/\/www.peyrac.fr\/actualites\/la-yamaha-mt-09-2021\/\" \/>\n<meta property=\"og:locale\" content=\"fr_FR\" \/>\n<meta property=\"og:type\" content=\"article\" \/>\n<meta property=\"og:title\" content=\"La Yamaha MT-09 2021 - Actualit\u00e9s\" \/>\n<meta property=\"og:description\" content=\"Le constructeur Yamaha vient de d\u00e9voiler l\u2019une de ses nouveaut\u00e9s 2021: la nouvelle MT-09. La japonaise profite du passage \u00e0 l&rsquo;Euro 5 pour s\u2019offrir une mise \u00e0 jour compl\u00e8te. Elle sera plus l\u00e9g\u00e8re, plus puissante et surtout plus technologique. La conception de son moteur a \u00e9t\u00e9 repens\u00e9e pour gagner en l\u00e9g\u00e8ret\u00e9 et g\u00e9n\u00e9rer plus de puissance. Presque tous les composants principaux seront in\u00e9dits. On trouvera \u00e9galement sur la MT-09 2021 un nouveau syst\u00e8me de changement de vitesse rapide. Le syst\u00e8me...Lire la suite Lire la suite\" \/>\n<meta property=\"og:url\" content=\"http:\/\/www.peyrac.fr\/actualites\/la-yamaha-mt-09-2021\/\" \/>\n<meta property=\"og:site_name\" content=\"Actualit\u00e9s\" \/>\n<meta property=\"article:publisher\" content=\"https:\/\/fr-fr.facebook.com\/pages\/category\/Insurance-Broker\/Peyrac-Assurances-785156224901716\/\" \/>\n<meta property=\"article:published_time\" content=\"2020-10-30T10:43:58+00:00\" \/>\n<meta property=\"article:modified_time\" content=\"2020-10-30T13:26:23+00:00\" \/>\n<meta property=\"og:image\" content=\"https:\/\/www.peyrac.fr\/actualites\/wp-content\/uploads\/2020\/10\/mt.jpg\" \/>\n<meta name=\"twitter:card\" content=\"summary\" \/>\n<meta name=\"twitter:creator\" content=\"@PeyracAssurance\" \/>\n<meta name=\"twitter:site\" content=\"@PeyracAssurance\" \/>\n<script type=\"application\/ld+json\" class=\"yoast-schema-graph\">{\"@context\":\"https:\/\/schema.org\",\"@graph\":[{\"@type\":\"WebSite\",\"@id\":\"https:\/\/www.peyrac.fr\/actualites\/#website\",\"url\":\"https:\/\/www.peyrac.fr\/actualites\/\",\"name\":\"Peyrac Assurances\",\"description\":\"\",\"potentialAction\":[{\"@type\":\"SearchAction\",\"target\":\"https:\/\/www.peyrac.fr\/actualites\/?s={search_term_string}\",\"query-input\":\"required name=search_term_string\"}],\"inLanguage\":\"fr-FR\"},{\"@type\":\"ImageObject\",\"@id\":\"http:\/\/www.peyrac.fr\/actualites\/la-yamaha-mt-09-2021\/#primaryimage\",\"inLanguage\":\"fr-FR\",\"url\":\"https:\/\/i1.wp.com\/www.peyrac.fr\/actualites\/wp-content\/uploads\/2020\/10\/mt.jpg?fit=688%2C459&ssl=1\",\"width\":688,\"height\":459},{\"@type\":\"WebPage\",\"@id\":\"http:\/\/www.peyrac.fr\/actualites\/la-yamaha-mt-09-2021\/#webpage\",\"url\":\"http:\/\/www.peyrac.fr\/actualites\/la-yamaha-mt-09-2021\/\",\"name\":\"La Yamaha MT-09 2021 - Actualit\\u00e9s\",\"isPartOf\":{\"@id\":\"https:\/\/www.peyrac.fr\/actualites\/#website\"},\"primaryImageOfPage\":{\"@id\":\"http:\/\/www.peyrac.fr\/actualites\/la-yamaha-mt-09-2021\/#primaryimage\"},\"datePublished\":\"2020-10-30T10:43:58+00:00\",\"dateModified\":\"2020-10-30T13:26:23+00:00\",\"author\":{\"@id\":\"https:\/\/www.peyrac.fr\/actualites\/#\/schema\/person\/162ff8dc4aeb790d0bf315f75b32f724\"},\"breadcrumb\":{\"@id\":\"http:\/\/www.peyrac.fr\/actualites\/la-yamaha-mt-09-2021\/#breadcrumb\"},\"inLanguage\":\"fr-FR\",\"potentialAction\":[{\"@type\":\"ReadAction\",\"target\":[\"http:\/\/www.peyrac.fr\/actualites\/la-yamaha-mt-09-2021\/\"]}]},{\"@type\":\"BreadcrumbList\",\"@id\":\"http:\/\/www.peyrac.fr\/actualites\/la-yamaha-mt-09-2021\/#breadcrumb\",\"itemListElement\":[{\"@type\":\"ListItem\",\"position\":1,\"item\":{\"@type\":\"WebPage\",\"@id\":\"https:\/\/www.peyrac.fr\/actualites\/\",\"url\":\"https:\/\/www.peyrac.fr\/actualites\/\",\"name\":\"Accueil des actualit\\u00e9s\"}},{\"@type\":\"ListItem\",\"position\":2,\"item\":{\"@type\":\"WebPage\",\"@id\":\"https:\/\/www.peyrac.fr\/actualites\/category\/non-classe\/\",\"url\":\"https:\/\/www.peyrac.fr\/actualites\/category\/non-classe\/\",\"name\":\"Non class\\u00e9\"}},{\"@type\":\"ListItem\",\"position\":3,\"item\":{\"@type\":\"WebPage\",\"@id\":\"http:\/\/www.peyrac.fr\/actualites\/la-yamaha-mt-09-2021\/\",\"url\":\"http:\/\/www.peyrac.fr\/actualites\/la-yamaha-mt-09-2021\/\",\"name\":\"La Yamaha MT-09 2021\"}}]},{\"@type\":[\"Person\"],\"@id\":\"https:\/\/www.peyrac.fr\/actualites\/#\/schema\/person\/162ff8dc4aeb790d0bf315f75b32f724\",\"name\":\"M B\",\"image\":{\"@type\":\"ImageObject\",\"@id\":\"https:\/\/www.peyrac.fr\/actualites\/#personlogo\",\"inLanguage\":\"fr-FR\",\"url\":\"https:\/\/secure.gravatar.com\/avatar\/7095438c901b5d50da8fb9a6f5680d8c?s=96&d=mm&r=g\",\"caption\":\"M B\"}}]}<\/script>\n<!-- \/ Yoast SEO plugin. -->","jetpack_sharing_enabled":true,"jetpack_shortlink":"https:\/\/wp.me\/p9FV2m-b0","jetpack_likes_enabled":true,"jetpack-related-posts":[],"_links":{"self":[{"href":"https:\/\/www.peyrac.fr\/actualites\/wp-json\/wp\/v2\/posts\/682"}],"collection":[{"href":"https:\/\/www.peyrac.fr\/actualites\/wp-json\/wp\/v2\/posts"}],"about":[{"href":"https:\/\/www.peyrac.fr\/actualites\/wp-json\/wp\/v2\/types\/post"}],"author":[{"embeddable":true,"href":"https:\/\/www.peyrac.fr\/actualites\/wp-json\/wp\/v2\/users\/4"}],"replies":[{"embeddable":true,"href":"https:\/\/www.peyrac.fr\/actualites\/wp-json\/wp\/v2\/comments?post=682"}],"version-history":[{"count":14,"href":"https:\/\/www.peyrac.fr\/actualites\/wp-json\/wp\/v2\/posts\/682\/revisions"}],"predecessor-version":[{"id":699,"href":"https:\/\/www.peyrac.fr\/actualites\/wp-json\/wp\/v2\/posts\/682\/revisions\/699"}],"wp:attachment":[{"href":"https:\/\/www.peyrac.fr\/actualites\/wp-json\/wp\/v2\/media?parent=682"}],"wp:term":[{"taxonomy":"category","embeddable":true,"href":"https:\/\/www.peyrac.fr\/actualites\/wp-json\/wp\/v2\/categories?post=682"},{"taxonomy":"post_tag","embeddable":true,"href":"https:\/\/www.peyrac.fr\/actualites\/wp-json\/wp\/v2\/tags?post=682"}],"curies":[{"name":"wp","href":"https:\/\/api.w.org\/{rel}","templated":true}]}}