{"id":800,"date":"2021-01-18T17:21:15","date_gmt":"2021-01-18T16:21:15","guid":{"rendered":"http:\/\/www.peyrac.fr\/actualites\/?p=800"},"modified":"2021-01-18T17:21:16","modified_gmt":"2021-01-18T16:21:16","slug":"les-zones-a-faibles-emissions-bientot-soumises-a-la-video-verbalisation","status":"publish","type":"post","link":"https:\/\/www.peyrac.fr\/actualites\/les-zones-a-faibles-emissions-bientot-soumises-a-la-video-verbalisation\/","title":{"rendered":"Les zones \u00e0 faibles \u00e9missions bient\u00f4t soumises \u00e0 la vid\u00e9o-verbalisation"},"content":{"rendered":"\n<figure class=\"wp-block-gallery aligncenter columns-1 is-cropped\"><ul data-carousel-extra='{\"blog_id\":1,\"permalink\":\"https:\\\/\\\/www.peyrac.fr\\\/actualites\\\/les-zones-a-faibles-emissions-bientot-soumises-a-la-video-verbalisation\\\/\"}' class=\"blocks-gallery-grid\"><li class=\"blocks-gallery-item\"><figure><img data-attachment-id=\"803\" data-permalink=\"https:\/\/www.peyrac.fr\/actualites\/les-zones-a-faibles-emissions-bientot-soumises-a-la-video-verbalisation\/zfe\/\" data-orig-file=\"https:\/\/i2.wp.com\/www.peyrac.fr\/actualites\/wp-content\/uploads\/2021\/01\/zfe.png?fit=603%2C337&amp;ssl=1\" data-orig-size=\"603,337\" data-comments-opened=\"1\" data-image-meta=\"{&quot;aperture&quot;:&quot;0&quot;,&quot;credit&quot;:&quot;&quot;,&quot;camera&quot;:&quot;&quot;,&quot;caption&quot;:&quot;&quot;,&quot;created_timestamp&quot;:&quot;0&quot;,&quot;copyright&quot;:&quot;&quot;,&quot;focal_length&quot;:&quot;0&quot;,&quot;iso&quot;:&quot;0&quot;,&quot;shutter_speed&quot;:&quot;0&quot;,&quot;title&quot;:&quot;&quot;,&quot;orientation&quot;:&quot;0&quot;}\" data-image-title=\"zfe\" data-image-description=\"\" data-medium-file=\"https:\/\/i2.wp.com\/www.peyrac.fr\/actualites\/wp-content\/uploads\/2021\/01\/zfe.png?fit=300%2C168&amp;ssl=1\" data-large-file=\"https:\/\/i2.wp.com\/www.peyrac.fr\/actualites\/wp-content\/uploads\/2021\/01\/zfe.png?fit=603%2C337&amp;ssl=1\" loading=\"lazy\" width=\"603\" height=\"337\" src=\"https:\/\/i2.wp.com\/www.peyrac.fr\/actualites\/wp-content\/uploads\/2021\/01\/zfe.png?resize=603%2C337&#038;ssl=1\" alt=\"\" data-id=\"803\" data-full-url=\"https:\/\/i2.wp.com\/www.peyrac.fr\/actualites\/wp-content\/uploads\/2021\/01\/zfe.png?fit=603%2C337&amp;ssl=1\" data-link=\"https:\/\/www.peyrac.fr\/actualites\/?attachment_id=803\" class=\"wp-image-803\" srcset=\"https:\/\/i2.wp.com\/www.peyrac.fr\/actualites\/wp-content\/uploads\/2021\/01\/zfe.png?w=603&amp;ssl=1 603w, https:\/\/i2.wp.com\/www.peyrac.fr\/actualites\/wp-content\/uploads\/2021\/01\/zfe.png?resize=300%2C168&amp;ssl=1 300w, https:\/\/i2.wp.com\/www.peyrac.fr\/actualites\/wp-content\/uploads\/2021\/01\/zfe.png?resize=483%2C270&amp;ssl=1 483w\" sizes=\"(max-width: 603px) 100vw, 603px\" data-recalc-dims=\"1\" \/><\/figure><\/li><\/ul><\/figure>\n\n\n\n<p>En plus des infractions classiques au Code de la route, l\u2019Etat pr\u00e9voit de mettre prochainement en place un syst\u00e8me de vid\u00e9o-verbalisation afin de lutter contre le non-respect des interdictions de circulation dans les Zones \u00e0 faibles \u00e9missions. Dans ces ZFE, qui sont d\u2019ailleurs de plus en plus nombreuses, certains v\u00e9hicules sont interdits de circulation, selon la classification Crit\u2019Air en vigueur. En effet, la plupart des grandes m\u00e9tropoles fran\u00e7aises sont d\u00e9sormais classifi\u00e9es comme ZFE ou sont en train de le devenir.<\/p>\n\n\n\n<p>En r\u00e8gle g\u00e9n\u00e9rale, les contr\u00f4les sont le plus souvent effectu\u00e9s lors des pics de pollution. Cela ne sera plus le cas d\u00e8s la fin de l\u2019ann\u00e9e 2021 avec le d\u00e9ploiement de la vid\u00e9o-verbalisation, un proc\u00e9d\u00e9 qui est d\u00e9j\u00e0 en cours de r\u00e9alisation.<\/p>\n\n\n\n<p>Tout comme la vid\u00e9o-verbalisation classique, un agent pourra enregistrer l\u2019infraction et r\u00e9diger une contravention qui sera adress\u00e9e directement au propri\u00e9taire du v\u00e9hicule concern\u00e9.<\/p>\n\n\n\n<p class=\"has-text-align-center\"><a rel=\"noreferrer noopener\" href=\"https:\/\/www.peyrac.fr\/devis-assurance-2roues\" target=\"_blank\">DEVIS ET SOUSCRIPTION EN LIGNE EN 2 MN<\/a><br><a rel=\"noreferrer noopener\" href=\"https:\/\/www.peyrac.fr\/devis-assurance-2roues\" target=\"_blank\">Cliquez sur l&rsquo;image ci-dessous<\/a><\/p>\n\n\n\n<div data-carousel-extra='{\"blog_id\":1,\"permalink\":\"https:\\\/\\\/www.peyrac.fr\\\/actualites\\\/les-zones-a-faibles-emissions-bientot-soumises-a-la-video-verbalisation\\\/\"}' class=\"wp-block-image\"><figure class=\"aligncenter\"><a href=\"https:\/\/www.peyrac.fr\/devis-assurance-2roues\"><img src=\"https:\/\/i0.wp.com\/www.peyrac.fr\/img\/produits\/moto.png?w=640&#038;ssl=1\" alt=\"L\u2019attribut alt de cette image est vide, son nom de fichier est moto.png.\" data-recalc-dims=\"1\"\/><\/a><\/figure><\/div>\n","protected":false},"excerpt":{"rendered":"<p>En plus des infractions classiques au Code de la route, l\u2019Etat pr\u00e9voit de mettre prochainement en place un syst\u00e8me de vid\u00e9o-verbalisation afin de lutter contre le non-respect des interdictions de circulation dans les Zones \u00e0 faibles \u00e9missions. Dans ces ZFE, qui sont d\u2019ailleurs de plus en plus nombreuses, certains v\u00e9hicules sont interdits de circulation, selon la classification Crit\u2019Air en vigueur. En effet, la plupart des grandes m\u00e9tropoles fran\u00e7aises sont d\u00e9sormais classifi\u00e9es comme ZFE ou sont en train de le devenir&#8230;.<\/p>\n<p class=\"read-more\"><a class=\"btn btn-default\" href=\"https:\/\/www.peyrac.fr\/actualites\/les-zones-a-faibles-emissions-bientot-soumises-a-la-video-verbalisation\/\">Lire la suite<span class=\"screen-reader-text\"> Lire la suite<\/span><\/a><\/p>\n","protected":false},"author":4,"featured_media":0,"comment_status":"open","ping_status":"open","sticky":false,"template":"","format":"standard","meta":{"spay_email":"","jetpack_publicize_message":""},"categories":[1],"tags":[],"jetpack_featured_media_url":"","jetpack_publicize_connections":[],"yoast_head":"<!-- This site is optimized with the Yoast SEO plugin v14.2 - https:\/\/yoast.com\/wordpress\/plugins\/seo\/ -->\n<title>Les zones \u00e0 faibles \u00e9missions bient\u00f4t soumises \u00e0 la vid\u00e9o-verbalisation - Actualit\u00e9s<\/title>\n<meta name=\"robots\" content=\"index, follow\" \/>\n<meta name=\"googlebot\" content=\"index, follow, max-snippet:-1, max-image-preview:large, max-video-preview:-1\" \/>\n<meta name=\"bingbot\" content=\"index, follow, max-snippet:-1, max-image-preview:large, max-video-preview:-1\" \/>\n<link rel=\"canonical\" href=\"http:\/\/www.peyrac.fr\/actualites\/les-zones-a-faibles-emissions-bientot-soumises-a-la-video-verbalisation\/\" \/>\n<meta property=\"og:locale\" content=\"fr_FR\" \/>\n<meta property=\"og:type\" content=\"article\" \/>\n<meta property=\"og:title\" content=\"Les zones \u00e0 faibles \u00e9missions bient\u00f4t soumises \u00e0 la vid\u00e9o-verbalisation - Actualit\u00e9s\" \/>\n<meta property=\"og:description\" content=\"En plus des infractions classiques au Code de la route, l\u2019Etat pr\u00e9voit de mettre prochainement en place un syst\u00e8me de vid\u00e9o-verbalisation afin de lutter contre le non-respect des interdictions de circulation dans les Zones \u00e0 faibles \u00e9missions. Dans ces ZFE, qui sont d\u2019ailleurs de plus en plus nombreuses, certains v\u00e9hicules sont interdits de circulation, selon la classification Crit\u2019Air en vigueur. En effet, la plupart des grandes m\u00e9tropoles fran\u00e7aises sont d\u00e9sormais classifi\u00e9es comme ZFE ou sont en train de le devenir....Lire la suite Lire la suite\" \/>\n<meta property=\"og:url\" content=\"http:\/\/www.peyrac.fr\/actualites\/les-zones-a-faibles-emissions-bientot-soumises-a-la-video-verbalisation\/\" \/>\n<meta property=\"og:site_name\" content=\"Actualit\u00e9s\" \/>\n<meta property=\"article:publisher\" content=\"https:\/\/fr-fr.facebook.com\/pages\/category\/Insurance-Broker\/Peyrac-Assurances-785156224901716\/\" \/>\n<meta property=\"article:published_time\" content=\"2021-01-18T16:21:15+00:00\" \/>\n<meta property=\"article:modified_time\" content=\"2021-01-18T16:21:16+00:00\" \/>\n<meta property=\"og:image\" content=\"https:\/\/www.peyrac.fr\/actualites\/wp-content\/uploads\/2021\/01\/zfe.png\" \/>\n<meta name=\"twitter:card\" content=\"summary\" \/>\n<meta name=\"twitter:creator\" content=\"@PeyracAssurance\" \/>\n<meta name=\"twitter:site\" content=\"@PeyracAssurance\" \/>\n<script type=\"application\/ld+json\" class=\"yoast-schema-graph\">{\"@context\":\"https:\/\/schema.org\",\"@graph\":[{\"@type\":\"WebSite\",\"@id\":\"https:\/\/www.peyrac.fr\/actualites\/#website\",\"url\":\"https:\/\/www.peyrac.fr\/actualites\/\",\"name\":\"Peyrac Assurances\",\"description\":\"\",\"potentialAction\":[{\"@type\":\"SearchAction\",\"target\":\"https:\/\/www.peyrac.fr\/actualites\/?s={search_term_string}\",\"query-input\":\"required name=search_term_string\"}],\"inLanguage\":\"fr-FR\"},{\"@type\":\"ImageObject\",\"@id\":\"http:\/\/www.peyrac.fr\/actualites\/les-zones-a-faibles-emissions-bientot-soumises-a-la-video-verbalisation\/#primaryimage\",\"inLanguage\":\"fr-FR\",\"url\":\"https:\/\/i2.wp.com\/www.peyrac.fr\/actualites\/wp-content\/uploads\/2021\/01\/zfe.png?fit=603%2C337&ssl=1\",\"width\":603,\"height\":337},{\"@type\":\"WebPage\",\"@id\":\"http:\/\/www.peyrac.fr\/actualites\/les-zones-a-faibles-emissions-bientot-soumises-a-la-video-verbalisation\/#webpage\",\"url\":\"http:\/\/www.peyrac.fr\/actualites\/les-zones-a-faibles-emissions-bientot-soumises-a-la-video-verbalisation\/\",\"name\":\"Les zones \\u00e0 faibles \\u00e9missions bient\\u00f4t soumises \\u00e0 la vid\\u00e9o-verbalisation - Actualit\\u00e9s\",\"isPartOf\":{\"@id\":\"https:\/\/www.peyrac.fr\/actualites\/#website\"},\"primaryImageOfPage\":{\"@id\":\"http:\/\/www.peyrac.fr\/actualites\/les-zones-a-faibles-emissions-bientot-soumises-a-la-video-verbalisation\/#primaryimage\"},\"datePublished\":\"2021-01-18T16:21:15+00:00\",\"dateModified\":\"2021-01-18T16:21:16+00:00\",\"author\":{\"@id\":\"https:\/\/www.peyrac.fr\/actualites\/#\/schema\/person\/162ff8dc4aeb790d0bf315f75b32f724\"},\"breadcrumb\":{\"@id\":\"http:\/\/www.peyrac.fr\/actualites\/les-zones-a-faibles-emissions-bientot-soumises-a-la-video-verbalisation\/#breadcrumb\"},\"inLanguage\":\"fr-FR\",\"potentialAction\":[{\"@type\":\"ReadAction\",\"target\":[\"http:\/\/www.peyrac.fr\/actualites\/les-zones-a-faibles-emissions-bientot-soumises-a-la-video-verbalisation\/\"]}]},{\"@type\":\"BreadcrumbList\",\"@id\":\"http:\/\/www.peyrac.fr\/actualites\/les-zones-a-faibles-emissions-bientot-soumises-a-la-video-verbalisation\/#breadcrumb\",\"itemListElement\":[{\"@type\":\"ListItem\",\"position\":1,\"item\":{\"@type\":\"WebPage\",\"@id\":\"https:\/\/www.peyrac.fr\/actualites\/\",\"url\":\"https:\/\/www.peyrac.fr\/actualites\/\",\"name\":\"Accueil des actualit\\u00e9s\"}},{\"@type\":\"ListItem\",\"position\":2,\"item\":{\"@type\":\"WebPage\",\"@id\":\"https:\/\/www.peyrac.fr\/actualites\/category\/non-classe\/\",\"url\":\"https:\/\/www.peyrac.fr\/actualites\/category\/non-classe\/\",\"name\":\"Non class\\u00e9\"}},{\"@type\":\"ListItem\",\"position\":3,\"item\":{\"@type\":\"WebPage\",\"@id\":\"http:\/\/www.peyrac.fr\/actualites\/les-zones-a-faibles-emissions-bientot-soumises-a-la-video-verbalisation\/\",\"url\":\"http:\/\/www.peyrac.fr\/actualites\/les-zones-a-faibles-emissions-bientot-soumises-a-la-video-verbalisation\/\",\"name\":\"Les zones \\u00e0 faibles \\u00e9missions bient\\u00f4t soumises \\u00e0 la vid\\u00e9o-verbalisation\"}}]},{\"@type\":[\"Person\"],\"@id\":\"https:\/\/www.peyrac.fr\/actualites\/#\/schema\/person\/162ff8dc4aeb790d0bf315f75b32f724\",\"name\":\"M B\",\"image\":{\"@type\":\"ImageObject\",\"@id\":\"https:\/\/www.peyrac.fr\/actualites\/#personlogo\",\"inLanguage\":\"fr-FR\",\"url\":\"https:\/\/secure.gravatar.com\/avatar\/7095438c901b5d50da8fb9a6f5680d8c?s=96&d=mm&r=g\",\"caption\":\"M B\"}}]}<\/script>\n<!-- \/ Yoast SEO plugin. -->","jetpack_sharing_enabled":true,"jetpack_shortlink":"https:\/\/wp.me\/p9FV2m-cU","jetpack_likes_enabled":true,"jetpack-related-posts":[],"_links":{"self":[{"href":"https:\/\/www.peyrac.fr\/actualites\/wp-json\/wp\/v2\/posts\/800"}],"collection":[{"href":"https:\/\/www.peyrac.fr\/actualites\/wp-json\/wp\/v2\/posts"}],"about":[{"href":"https:\/\/www.peyrac.fr\/actualites\/wp-json\/wp\/v2\/types\/post"}],"author":[{"embeddable":true,"href":"https:\/\/www.peyrac.fr\/actualites\/wp-json\/wp\/v2\/users\/4"}],"replies":[{"embeddable":true,"href":"https:\/\/www.peyrac.fr\/actualites\/wp-json\/wp\/v2\/comments?post=800"}],"version-history":[{"count":6,"href":"https:\/\/www.peyrac.fr\/actualites\/wp-json\/wp\/v2\/posts\/800\/revisions"}],"predecessor-version":[{"id":808,"href":"https:\/\/www.peyrac.fr\/actualites\/wp-json\/wp\/v2\/posts\/800\/revisions\/808"}],"wp:attachment":[{"href":"https:\/\/www.peyrac.fr\/actualites\/wp-json\/wp\/v2\/media?parent=800"}],"wp:term":[{"taxonomy":"category","embeddable":true,"href":"https:\/\/www.peyrac.fr\/actualites\/wp-json\/wp\/v2\/categories?post=800"},{"taxonomy":"post_tag","embeddable":true,"href":"https:\/\/www.peyrac.fr\/actualites\/wp-json\/wp\/v2\/tags?post=800"}],"curies":[{"name":"wp","href":"https:\/\/api.w.org\/{rel}","templated":true}]}}