{"id":81,"date":"2018-10-16T13:19:21","date_gmt":"2018-10-16T11:19:21","guid":{"rendered":"http:\/\/www.peyrac.fr\/actualites\/?p=81"},"modified":"2018-10-16T13:20:49","modified_gmt":"2018-10-16T11:20:49","slug":"ana-carrasco-premiere-femme-championne-du-monde","status":"publish","type":"post","link":"https:\/\/www.peyrac.fr\/actualites\/ana-carrasco-premiere-femme-championne-du-monde\/","title":{"rendered":"Ana Carrasco, premi\u00e8re femme championne du monde."},"content":{"rendered":"<p><img loading=\"lazy\" class=\"aligncenter\" src=\"https:\/\/i0.wp.com\/www.moto-journal.fr\/wp-content\/uploads\/2018\/09\/750670.jpg?resize=335%2C223\" width=\"335\" height=\"223\" data-recalc-dims=\"1\" \/><\/p>\n<p>L\u2019espagnole Ana Carrasco,\u00a0 \u00e2g\u00e9e seulement de 21 ans, a marqu\u00e9 l\u2019histoire dimanche 30 Septembre 2018 en devenant la premi\u00e8re femme \u00e0 remporter un titre mondial en moto.<\/p>\n<p>La jeune femme a d\u00e9croch\u00e9 la premi\u00e8re place au championnat du monde de Supersport 300 au guidon de sa Kawasaki Ninja 400cm3.<\/p>\n<p>N\u2019ayant termin\u00e9 que 13<sup>e<\/sup> lors de sa derni\u00e8re course, Ana Carrasco a men\u00e9 une lutte acharn\u00e9e contre ses adversaires majoritairement masculins car seul une autre femme, Maria Herrera, courrait \u00e0 ses cot\u00e9.<\/p>\n<p>Dans une fin de course spectaculaire elle parvient \u00e0 devancer son compatriote Mika Perez.<\/p>\n<p>La performance d\u2019Ana Carrasco a \u00e9t\u00e9 largement pl\u00e9biscit\u00e9e par les pilotes de Moto GP dans une discipline encore consid\u00e9r\u00e9e jusque-l\u00e0 comme r\u00e9serv\u00e9e aux hommes.<\/p>\n<p>V\u00e9ritable pionni\u00e8re, elle fait ses d\u00e9buts en mini moto \u00e0 l\u2019\u00e2ge de 3 ans, encourag\u00e9e par son p\u00e8re, m\u00e9canicien pour un ancien c\u00e9l\u00e8bre pilote.<\/p>\n<p>Elle gravie les \u00e9chelons a une vitesse folle signant \u00e0 chaque fois des premi\u00e8res places.<\/p>\n<p>En 2012, elle fut la toute premi\u00e8re femme \u00e0 se faire remarquer lors du championnat du monde de Moto3 auquel elle participera \u00e9galement jusqu\u2019en 2015.<\/p>\n<p>2014 et 2015 furent des ann\u00e9es compliqu\u00e9es pour Ana qui d\u00e9cide de changer de cat\u00e9gorie. Pari r\u00e9ussi car en 2017 elle devient encore une fois la premi\u00e8re femme a remport\u00e9 une course moto \u00e0 Portimao au Portugal.<\/p>\n<p>Ce 12 mai dernier, elle se place en pole position \u00e0 Imalo en Italie pour finalement gagner la course le lendemain.<\/p>\n<p>A force de pers\u00e9v\u00e9rance et d\u2019acharnement nous pouvons dire qu\u2019Ana Carrasco a m\u00e9rit\u00e9 son titre de championne mondiale et esp\u00e9rons que ses exploits donnerons envie \u00e0 d\u2019autres jeunes filles de suivre ses traces.<\/p>\n<p>Cependant, le chemin restera certainement long dans cette discipline qui a seulement vu sept femmes participer \u00e0 des Grands Prix en championnat du monde.<\/p>\n<p>Amis lecteurs, pensez-vous que cette discipline est r\u00e9serv\u00e9 uniquement aux hommes\u00a0?<\/p>\n<p>Amies lectrices, n\u2019h\u00e9sitez pas \u00e0 nous donner votre avis.<\/p>\n<h2 class=\"mb\" style=\"text-align: left;\"><a style=\"font-size: 16px;\" href=\"https:\/\/www.peyrac.fr\/devis-assurance-2roues\" target=\"_blank\" rel=\"noopener\">DEVIS ET SOUSCRIPTION EN LIGNE EN 2 MN<\/a><br \/>\n<a style=\"font-size: 16px;\" href=\"https:\/\/www.peyrac.fr\/devis-assurance-2roues\" target=\"_blank\" rel=\"noopener\">Cliquez sur l&rsquo;image ci-dessous<\/a><\/h2>\n<p><a href=\"https:\/\/www.peyrac.fr\/devis-assurance-2roues\"><img loading=\"lazy\" class=\"alignnone\" src=\"https:\/\/i0.wp.com\/www.peyrac.fr\/img\/produits\/moto.png?resize=333%2C252&#038;ssl=1\" alt=\"\" width=\"333\" height=\"252\" data-recalc-dims=\"1\" \/><\/a><\/p>\n","protected":false},"excerpt":{"rendered":"<p>L\u2019espagnole Ana Carrasco,\u00a0 \u00e2g\u00e9e seulement de 21 ans, a marqu\u00e9 l\u2019histoire dimanche 30 Septembre 2018 en devenant la premi\u00e8re femme \u00e0 remporter un titre mondial en moto. La jeune femme a d\u00e9croch\u00e9 la premi\u00e8re place au championnat du monde de Supersport 300 au guidon de sa Kawasaki Ninja 400cm3. N\u2019ayant termin\u00e9 que 13e lors de sa derni\u00e8re course, Ana Carrasco a men\u00e9 une lutte acharn\u00e9e contre ses adversaires majoritairement masculins car seul une autre femme, Maria Herrera, courrait \u00e0 ses&#8230;<\/p>\n<p class=\"read-more\"><a class=\"btn btn-default\" href=\"https:\/\/www.peyrac.fr\/actualites\/ana-carrasco-premiere-femme-championne-du-monde\/\">Lire la suite<span class=\"screen-reader-text\"> Lire la suite<\/span><\/a><\/p>\n","protected":false},"author":4,"featured_media":0,"comment_status":"open","ping_status":"open","sticky":false,"template":"","format":"standard","meta":{"spay_email":"","jetpack_publicize_message":""},"categories":[1],"tags":[],"jetpack_featured_media_url":"","jetpack_publicize_connections":[],"yoast_head":"<!-- This site is optimized with the Yoast SEO plugin v14.2 - https:\/\/yoast.com\/wordpress\/plugins\/seo\/ -->\n<title>Ana Carrasco, premi\u00e8re femme championne du monde. - Actualit\u00e9s<\/title>\n<meta name=\"robots\" content=\"index, follow\" \/>\n<meta name=\"googlebot\" content=\"index, follow, max-snippet:-1, max-image-preview:large, max-video-preview:-1\" \/>\n<meta name=\"bingbot\" content=\"index, follow, max-snippet:-1, max-image-preview:large, max-video-preview:-1\" \/>\n<link rel=\"canonical\" href=\"https:\/\/www.peyrac.fr\/actualites\/ana-carrasco-premiere-femme-championne-du-monde\/\" \/>\n<meta property=\"og:locale\" content=\"fr_FR\" \/>\n<meta property=\"og:type\" content=\"article\" \/>\n<meta property=\"og:title\" content=\"Ana Carrasco, premi\u00e8re femme championne du monde. - Actualit\u00e9s\" \/>\n<meta property=\"og:description\" content=\"L\u2019espagnole Ana Carrasco,\u00a0 \u00e2g\u00e9e seulement de 21 ans, a marqu\u00e9 l\u2019histoire dimanche 30 Septembre 2018 en devenant la premi\u00e8re femme \u00e0 remporter un titre mondial en moto. La jeune femme a d\u00e9croch\u00e9 la premi\u00e8re place au championnat du monde de Supersport 300 au guidon de sa Kawasaki Ninja 400cm3. N\u2019ayant termin\u00e9 que 13e lors de sa derni\u00e8re course, Ana Carrasco a men\u00e9 une lutte acharn\u00e9e contre ses adversaires majoritairement masculins car seul une autre femme, Maria Herrera, courrait \u00e0 ses...Lire la suite Lire la suite\" \/>\n<meta property=\"og:url\" content=\"https:\/\/www.peyrac.fr\/actualites\/ana-carrasco-premiere-femme-championne-du-monde\/\" \/>\n<meta property=\"og:site_name\" content=\"Actualit\u00e9s\" \/>\n<meta property=\"article:publisher\" content=\"https:\/\/fr-fr.facebook.com\/pages\/category\/Insurance-Broker\/Peyrac-Assurances-785156224901716\/\" \/>\n<meta property=\"article:published_time\" content=\"2018-10-16T11:19:21+00:00\" \/>\n<meta property=\"article:modified_time\" content=\"2018-10-16T11:20:49+00:00\" \/>\n<meta property=\"og:image\" content=\"http:\/\/www.moto-journal.fr\/wp-content\/uploads\/2018\/09\/750670.jpg\" \/>\n<meta name=\"twitter:card\" content=\"summary\" \/>\n<meta name=\"twitter:creator\" content=\"@PeyracAssurance\" \/>\n<meta name=\"twitter:site\" content=\"@PeyracAssurance\" \/>\n<script type=\"application\/ld+json\" class=\"yoast-schema-graph\">{\"@context\":\"https:\/\/schema.org\",\"@graph\":[{\"@type\":\"WebSite\",\"@id\":\"https:\/\/www.peyrac.fr\/actualites\/#website\",\"url\":\"https:\/\/www.peyrac.fr\/actualites\/\",\"name\":\"Peyrac Assurances\",\"description\":\"\",\"potentialAction\":[{\"@type\":\"SearchAction\",\"target\":\"https:\/\/www.peyrac.fr\/actualites\/?s={search_term_string}\",\"query-input\":\"required name=search_term_string\"}],\"inLanguage\":\"fr-FR\"},{\"@type\":\"ImageObject\",\"@id\":\"https:\/\/www.peyrac.fr\/actualites\/ana-carrasco-premiere-femme-championne-du-monde\/#primaryimage\",\"inLanguage\":\"fr-FR\",\"url\":\"http:\/\/www.moto-journal.fr\/wp-content\/uploads\/2018\/09\/750670.jpg\"},{\"@type\":\"WebPage\",\"@id\":\"https:\/\/www.peyrac.fr\/actualites\/ana-carrasco-premiere-femme-championne-du-monde\/#webpage\",\"url\":\"https:\/\/www.peyrac.fr\/actualites\/ana-carrasco-premiere-femme-championne-du-monde\/\",\"name\":\"Ana Carrasco, premi\\u00e8re femme championne du monde. - Actualit\\u00e9s\",\"isPartOf\":{\"@id\":\"https:\/\/www.peyrac.fr\/actualites\/#website\"},\"primaryImageOfPage\":{\"@id\":\"https:\/\/www.peyrac.fr\/actualites\/ana-carrasco-premiere-femme-championne-du-monde\/#primaryimage\"},\"datePublished\":\"2018-10-16T11:19:21+00:00\",\"dateModified\":\"2018-10-16T11:20:49+00:00\",\"author\":{\"@id\":\"https:\/\/www.peyrac.fr\/actualites\/#\/schema\/person\/162ff8dc4aeb790d0bf315f75b32f724\"},\"breadcrumb\":{\"@id\":\"https:\/\/www.peyrac.fr\/actualites\/ana-carrasco-premiere-femme-championne-du-monde\/#breadcrumb\"},\"inLanguage\":\"fr-FR\",\"potentialAction\":[{\"@type\":\"ReadAction\",\"target\":[\"https:\/\/www.peyrac.fr\/actualites\/ana-carrasco-premiere-femme-championne-du-monde\/\"]}]},{\"@type\":\"BreadcrumbList\",\"@id\":\"https:\/\/www.peyrac.fr\/actualites\/ana-carrasco-premiere-femme-championne-du-monde\/#breadcrumb\",\"itemListElement\":[{\"@type\":\"ListItem\",\"position\":1,\"item\":{\"@type\":\"WebPage\",\"@id\":\"https:\/\/www.peyrac.fr\/actualites\/\",\"url\":\"https:\/\/www.peyrac.fr\/actualites\/\",\"name\":\"Accueil des actualit\\u00e9s\"}},{\"@type\":\"ListItem\",\"position\":2,\"item\":{\"@type\":\"WebPage\",\"@id\":\"https:\/\/www.peyrac.fr\/actualites\/category\/non-classe\/\",\"url\":\"https:\/\/www.peyrac.fr\/actualites\/category\/non-classe\/\",\"name\":\"Non class\\u00e9\"}},{\"@type\":\"ListItem\",\"position\":3,\"item\":{\"@type\":\"WebPage\",\"@id\":\"https:\/\/www.peyrac.fr\/actualites\/ana-carrasco-premiere-femme-championne-du-monde\/\",\"url\":\"https:\/\/www.peyrac.fr\/actualites\/ana-carrasco-premiere-femme-championne-du-monde\/\",\"name\":\"Ana Carrasco, premi\\u00e8re femme championne du monde.\"}}]},{\"@type\":[\"Person\"],\"@id\":\"https:\/\/www.peyrac.fr\/actualites\/#\/schema\/person\/162ff8dc4aeb790d0bf315f75b32f724\",\"name\":\"M B\",\"image\":{\"@type\":\"ImageObject\",\"@id\":\"https:\/\/www.peyrac.fr\/actualites\/#personlogo\",\"inLanguage\":\"fr-FR\",\"url\":\"https:\/\/secure.gravatar.com\/avatar\/7095438c901b5d50da8fb9a6f5680d8c?s=96&d=mm&r=g\",\"caption\":\"M B\"}}]}<\/script>\n<!-- \/ Yoast SEO plugin. -->","jetpack_sharing_enabled":true,"jetpack_shortlink":"https:\/\/wp.me\/p9FV2m-1j","jetpack_likes_enabled":true,"jetpack-related-posts":[],"_links":{"self":[{"href":"https:\/\/www.peyrac.fr\/actualites\/wp-json\/wp\/v2\/posts\/81"}],"collection":[{"href":"https:\/\/www.peyrac.fr\/actualites\/wp-json\/wp\/v2\/posts"}],"about":[{"href":"https:\/\/www.peyrac.fr\/actualites\/wp-json\/wp\/v2\/types\/post"}],"author":[{"embeddable":true,"href":"https:\/\/www.peyrac.fr\/actualites\/wp-json\/wp\/v2\/users\/4"}],"replies":[{"embeddable":true,"href":"https:\/\/www.peyrac.fr\/actualites\/wp-json\/wp\/v2\/comments?post=81"}],"version-history":[{"count":4,"href":"https:\/\/www.peyrac.fr\/actualites\/wp-json\/wp\/v2\/posts\/81\/revisions"}],"predecessor-version":[{"id":85,"href":"https:\/\/www.peyrac.fr\/actualites\/wp-json\/wp\/v2\/posts\/81\/revisions\/85"}],"wp:attachment":[{"href":"https:\/\/www.peyrac.fr\/actualites\/wp-json\/wp\/v2\/media?parent=81"}],"wp:term":[{"taxonomy":"category","embeddable":true,"href":"https:\/\/www.peyrac.fr\/actualites\/wp-json\/wp\/v2\/categories?post=81"},{"taxonomy":"post_tag","embeddable":true,"href":"https:\/\/www.peyrac.fr\/actualites\/wp-json\/wp\/v2\/tags?post=81"}],"curies":[{"name":"wp","href":"https:\/\/api.w.org\/{rel}","templated":true}]}}