{"id":819,"date":"2021-02-05T12:32:58","date_gmt":"2021-02-05T11:32:58","guid":{"rendered":"http:\/\/www.peyrac.fr\/actualites\/?p=819"},"modified":"2021-02-05T12:32:59","modified_gmt":"2021-02-05T11:32:59","slug":"bientot-le-stationnement-payant-pour-les-deux-roues-a-paris","status":"publish","type":"post","link":"https:\/\/www.peyrac.fr\/actualites\/bientot-le-stationnement-payant-pour-les-deux-roues-a-paris\/","title":{"rendered":"Bient\u00f4t le stationnement payant pour les deux-roues \u00e0 Paris ?"},"content":{"rendered":"\n<figure class=\"wp-block-gallery aligncenter columns-1 is-cropped\"><ul data-carousel-extra='{\"blog_id\":1,\"permalink\":\"https:\\\/\\\/www.peyrac.fr\\\/actualites\\\/bientot-le-stationnement-payant-pour-les-deux-roues-a-paris\\\/\"}' class=\"blocks-gallery-grid\"><li class=\"blocks-gallery-item\"><figure><img data-attachment-id=\"820\" data-permalink=\"https:\/\/www.peyrac.fr\/actualites\/bientot-le-stationnement-payant-pour-les-deux-roues-a-paris\/stationnement\/\" data-orig-file=\"https:\/\/i1.wp.com\/www.peyrac.fr\/actualites\/wp-content\/uploads\/2021\/02\/stationnement.png?fit=640%2C480&amp;ssl=1\" data-orig-size=\"640,480\" data-comments-opened=\"1\" data-image-meta=\"{&quot;aperture&quot;:&quot;0&quot;,&quot;credit&quot;:&quot;&quot;,&quot;camera&quot;:&quot;&quot;,&quot;caption&quot;:&quot;&quot;,&quot;created_timestamp&quot;:&quot;0&quot;,&quot;copyright&quot;:&quot;&quot;,&quot;focal_length&quot;:&quot;0&quot;,&quot;iso&quot;:&quot;0&quot;,&quot;shutter_speed&quot;:&quot;0&quot;,&quot;title&quot;:&quot;&quot;,&quot;orientation&quot;:&quot;0&quot;}\" data-image-title=\"stationnement\" data-image-description=\"\" data-medium-file=\"https:\/\/i1.wp.com\/www.peyrac.fr\/actualites\/wp-content\/uploads\/2021\/02\/stationnement.png?fit=300%2C225&amp;ssl=1\" data-large-file=\"https:\/\/i1.wp.com\/www.peyrac.fr\/actualites\/wp-content\/uploads\/2021\/02\/stationnement.png?fit=640%2C480&amp;ssl=1\" loading=\"lazy\" width=\"640\" height=\"480\" src=\"https:\/\/i1.wp.com\/www.peyrac.fr\/actualites\/wp-content\/uploads\/2021\/02\/stationnement.png?resize=640%2C480&#038;ssl=1\" alt=\"\" data-id=\"820\" data-full-url=\"https:\/\/i1.wp.com\/www.peyrac.fr\/actualites\/wp-content\/uploads\/2021\/02\/stationnement.png?fit=640%2C480&amp;ssl=1\" data-link=\"https:\/\/www.peyrac.fr\/actualites\/?attachment_id=820\" class=\"wp-image-820\" srcset=\"https:\/\/i1.wp.com\/www.peyrac.fr\/actualites\/wp-content\/uploads\/2021\/02\/stationnement.png?w=640&amp;ssl=1 640w, https:\/\/i1.wp.com\/www.peyrac.fr\/actualites\/wp-content\/uploads\/2021\/02\/stationnement.png?resize=300%2C225&amp;ssl=1 300w, https:\/\/i1.wp.com\/www.peyrac.fr\/actualites\/wp-content\/uploads\/2021\/02\/stationnement.png?resize=360%2C270&amp;ssl=1 360w\" sizes=\"(max-width: 640px) 100vw, 640px\" data-recalc-dims=\"1\" \/><\/figure><\/li><\/ul><\/figure>\n\n\n\n<p>Depuis que Vincennes et Charenton-le-Pont ont mis en place le stationnement payant pour les deux-roues dans leur commune, il n&rsquo;a cess\u00e9 d&rsquo;\u00eatre envisager \u00e0 Paris ses derni\u00e8res ann\u00e9es.<\/p>\n\n\n\n<p>Bien que la maire de\u00a0Paris ait tenu ses engagements de campagne en maintenant la gratuit\u00e9 du stationnement lors de son premier mandat, la situation semble avoir bien \u00e9volu\u00e9e depuis 2019. Depuis la r\u00e9\u00e9lection d\u2019Anne Hidalgo, son discours semble avoir chang\u00e9 car d\u00e9sormais on s&rsquo;oriente d&rsquo;avantage vers un stationnement payant.<\/p>\n\n\n\n<p>En effet, l\u2019objectif s\u2019est concr\u00e9tis\u00e9 en automne dernier mais ne pourra \u00eatre valid\u00e9 d\u00e9finitivement qu&rsquo;apr\u00e8s les Etats G\u00e9n\u00e9raux du stationnement qui devaient en principe se tenir en fin d&rsquo;ann\u00e9e.<\/p>\n\n\n\n<p class=\"has-text-align-left\">Le mois de f\u00e9vrier est d\u00e9j\u00e0 commenc\u00e9 et aucune d\u00e9cision n\u2019a \u00e9t\u00e9 prise pour le moment. Dans cette attente, une exp\u00e9rimentation du stationnement payant sera propos\u00e9e \u00e0 l\u2019\u00e9tude par la maire du 9<sup>\u00e8me<\/sup> arrondissement \u00e0 l\u2019occasion du prochain Conseil de Paris.<\/p>\n\n\n\n<p>Une manifestation est d\u00e9j\u00e0 pr\u00e9vue ce samedi par les membres de l\u2019association des motards en col\u00e8re contre la mise en place du stationnement payant. Elle contera certainement beaucoup de manifestants car la p\u00e9tition que l&rsquo;association avait fait circuler l\u2019ann\u00e9e pass\u00e9e sur le sujet avait d\u00e9j\u00e0 r\u00e9colt\u00e9 plus de 20 000 signatures.<\/p>\n\n\n\n<p class=\"has-text-align-center\"><a rel=\"noreferrer noopener\" href=\"https:\/\/www.peyrac.fr\/devis-assurance-2roues\" target=\"_blank\">DEVIS ET SOUSCRIPTION EN LIGNE EN 2 MN<\/a><br><a rel=\"noreferrer noopener\" href=\"https:\/\/www.peyrac.fr\/devis-assurance-2roues\" target=\"_blank\">Cliquez sur l&rsquo;image ci-dessous<\/a><\/p>\n\n\n\n<div data-carousel-extra='{\"blog_id\":1,\"permalink\":\"https:\\\/\\\/www.peyrac.fr\\\/actualites\\\/bientot-le-stationnement-payant-pour-les-deux-roues-a-paris\\\/\"}' class=\"wp-block-image\"><figure class=\"aligncenter\"><a href=\"https:\/\/www.peyrac.fr\/devis-assurance-2roues\"><img src=\"https:\/\/i0.wp.com\/www.peyrac.fr\/img\/produits\/moto.png?w=640&#038;ssl=1\" alt=\"L\u2019attribut alt de cette image est vide, son nom de fichier est moto.png.\" data-recalc-dims=\"1\"\/><\/a><\/figure><\/div>\n","protected":false},"excerpt":{"rendered":"<p>Depuis que Vincennes et Charenton-le-Pont ont mis en place le stationnement payant pour les deux-roues dans leur commune, il n&rsquo;a cess\u00e9 d&rsquo;\u00eatre envisager \u00e0 Paris ses derni\u00e8res ann\u00e9es. Bien que la maire de\u00a0Paris ait tenu ses engagements de campagne en maintenant la gratuit\u00e9 du stationnement lors de son premier mandat, la situation semble avoir bien \u00e9volu\u00e9e depuis 2019. Depuis la r\u00e9\u00e9lection d\u2019Anne Hidalgo, son discours semble avoir chang\u00e9 car d\u00e9sormais on s&rsquo;oriente d&rsquo;avantage vers un stationnement payant. En effet, l\u2019objectif&#8230;<\/p>\n<p class=\"read-more\"><a class=\"btn btn-default\" href=\"https:\/\/www.peyrac.fr\/actualites\/bientot-le-stationnement-payant-pour-les-deux-roues-a-paris\/\">Lire la suite<span class=\"screen-reader-text\"> Lire la suite<\/span><\/a><\/p>\n","protected":false},"author":4,"featured_media":0,"comment_status":"open","ping_status":"open","sticky":false,"template":"","format":"standard","meta":{"spay_email":"","jetpack_publicize_message":""},"categories":[1],"tags":[],"jetpack_featured_media_url":"","jetpack_publicize_connections":[],"yoast_head":"<!-- This site is optimized with the Yoast SEO plugin v14.2 - https:\/\/yoast.com\/wordpress\/plugins\/seo\/ -->\n<title>Bient\u00f4t le stationnement payant pour les deux-roues \u00e0 Paris ? - Actualit\u00e9s<\/title>\n<meta name=\"robots\" content=\"index, follow\" \/>\n<meta name=\"googlebot\" content=\"index, follow, max-snippet:-1, max-image-preview:large, max-video-preview:-1\" \/>\n<meta name=\"bingbot\" content=\"index, follow, max-snippet:-1, max-image-preview:large, max-video-preview:-1\" \/>\n<link rel=\"canonical\" href=\"http:\/\/www.peyrac.fr\/actualites\/bientot-le-stationnement-payant-pour-les-deux-roues-a-paris\/\" \/>\n<meta property=\"og:locale\" content=\"fr_FR\" \/>\n<meta property=\"og:type\" content=\"article\" \/>\n<meta property=\"og:title\" content=\"Bient\u00f4t le stationnement payant pour les deux-roues \u00e0 Paris ? - Actualit\u00e9s\" \/>\n<meta property=\"og:description\" content=\"Depuis que Vincennes et Charenton-le-Pont ont mis en place le stationnement payant pour les deux-roues dans leur commune, il n&rsquo;a cess\u00e9 d&rsquo;\u00eatre envisager \u00e0 Paris ses derni\u00e8res ann\u00e9es. Bien que la maire de\u00a0Paris ait tenu ses engagements de campagne en maintenant la gratuit\u00e9 du stationnement lors de son premier mandat, la situation semble avoir bien \u00e9volu\u00e9e depuis 2019. Depuis la r\u00e9\u00e9lection d\u2019Anne Hidalgo, son discours semble avoir chang\u00e9 car d\u00e9sormais on s&rsquo;oriente d&rsquo;avantage vers un stationnement payant. En effet, l\u2019objectif...Lire la suite Lire la suite\" \/>\n<meta property=\"og:url\" content=\"http:\/\/www.peyrac.fr\/actualites\/bientot-le-stationnement-payant-pour-les-deux-roues-a-paris\/\" \/>\n<meta property=\"og:site_name\" content=\"Actualit\u00e9s\" \/>\n<meta property=\"article:publisher\" content=\"https:\/\/fr-fr.facebook.com\/pages\/category\/Insurance-Broker\/Peyrac-Assurances-785156224901716\/\" \/>\n<meta property=\"article:published_time\" content=\"2021-02-05T11:32:58+00:00\" \/>\n<meta property=\"article:modified_time\" content=\"2021-02-05T11:32:59+00:00\" \/>\n<meta property=\"og:image\" content=\"https:\/\/www.peyrac.fr\/actualites\/wp-content\/uploads\/2021\/02\/stationnement.png\" \/>\n<meta name=\"twitter:card\" content=\"summary\" \/>\n<meta name=\"twitter:creator\" content=\"@PeyracAssurance\" \/>\n<meta name=\"twitter:site\" content=\"@PeyracAssurance\" \/>\n<script type=\"application\/ld+json\" class=\"yoast-schema-graph\">{\"@context\":\"https:\/\/schema.org\",\"@graph\":[{\"@type\":\"WebSite\",\"@id\":\"https:\/\/www.peyrac.fr\/actualites\/#website\",\"url\":\"https:\/\/www.peyrac.fr\/actualites\/\",\"name\":\"Peyrac Assurances\",\"description\":\"\",\"potentialAction\":[{\"@type\":\"SearchAction\",\"target\":\"https:\/\/www.peyrac.fr\/actualites\/?s={search_term_string}\",\"query-input\":\"required name=search_term_string\"}],\"inLanguage\":\"fr-FR\"},{\"@type\":\"ImageObject\",\"@id\":\"http:\/\/www.peyrac.fr\/actualites\/bientot-le-stationnement-payant-pour-les-deux-roues-a-paris\/#primaryimage\",\"inLanguage\":\"fr-FR\",\"url\":\"https:\/\/i1.wp.com\/www.peyrac.fr\/actualites\/wp-content\/uploads\/2021\/02\/stationnement.png?fit=640%2C480&ssl=1\",\"width\":640,\"height\":480},{\"@type\":\"WebPage\",\"@id\":\"http:\/\/www.peyrac.fr\/actualites\/bientot-le-stationnement-payant-pour-les-deux-roues-a-paris\/#webpage\",\"url\":\"http:\/\/www.peyrac.fr\/actualites\/bientot-le-stationnement-payant-pour-les-deux-roues-a-paris\/\",\"name\":\"Bient\\u00f4t le stationnement payant pour les deux-roues \\u00e0 Paris ? - Actualit\\u00e9s\",\"isPartOf\":{\"@id\":\"https:\/\/www.peyrac.fr\/actualites\/#website\"},\"primaryImageOfPage\":{\"@id\":\"http:\/\/www.peyrac.fr\/actualites\/bientot-le-stationnement-payant-pour-les-deux-roues-a-paris\/#primaryimage\"},\"datePublished\":\"2021-02-05T11:32:58+00:00\",\"dateModified\":\"2021-02-05T11:32:59+00:00\",\"author\":{\"@id\":\"https:\/\/www.peyrac.fr\/actualites\/#\/schema\/person\/162ff8dc4aeb790d0bf315f75b32f724\"},\"breadcrumb\":{\"@id\":\"http:\/\/www.peyrac.fr\/actualites\/bientot-le-stationnement-payant-pour-les-deux-roues-a-paris\/#breadcrumb\"},\"inLanguage\":\"fr-FR\",\"potentialAction\":[{\"@type\":\"ReadAction\",\"target\":[\"http:\/\/www.peyrac.fr\/actualites\/bientot-le-stationnement-payant-pour-les-deux-roues-a-paris\/\"]}]},{\"@type\":\"BreadcrumbList\",\"@id\":\"http:\/\/www.peyrac.fr\/actualites\/bientot-le-stationnement-payant-pour-les-deux-roues-a-paris\/#breadcrumb\",\"itemListElement\":[{\"@type\":\"ListItem\",\"position\":1,\"item\":{\"@type\":\"WebPage\",\"@id\":\"https:\/\/www.peyrac.fr\/actualites\/\",\"url\":\"https:\/\/www.peyrac.fr\/actualites\/\",\"name\":\"Accueil des actualit\\u00e9s\"}},{\"@type\":\"ListItem\",\"position\":2,\"item\":{\"@type\":\"WebPage\",\"@id\":\"https:\/\/www.peyrac.fr\/actualites\/category\/non-classe\/\",\"url\":\"https:\/\/www.peyrac.fr\/actualites\/category\/non-classe\/\",\"name\":\"Non class\\u00e9\"}},{\"@type\":\"ListItem\",\"position\":3,\"item\":{\"@type\":\"WebPage\",\"@id\":\"http:\/\/www.peyrac.fr\/actualites\/bientot-le-stationnement-payant-pour-les-deux-roues-a-paris\/\",\"url\":\"http:\/\/www.peyrac.fr\/actualites\/bientot-le-stationnement-payant-pour-les-deux-roues-a-paris\/\",\"name\":\"Bient\\u00f4t le stationnement payant pour les deux-roues \\u00e0 Paris ?\"}}]},{\"@type\":[\"Person\"],\"@id\":\"https:\/\/www.peyrac.fr\/actualites\/#\/schema\/person\/162ff8dc4aeb790d0bf315f75b32f724\",\"name\":\"M B\",\"image\":{\"@type\":\"ImageObject\",\"@id\":\"https:\/\/www.peyrac.fr\/actualites\/#personlogo\",\"inLanguage\":\"fr-FR\",\"url\":\"https:\/\/secure.gravatar.com\/avatar\/7095438c901b5d50da8fb9a6f5680d8c?s=96&d=mm&r=g\",\"caption\":\"M B\"}}]}<\/script>\n<!-- \/ Yoast SEO plugin. -->","jetpack_sharing_enabled":true,"jetpack_shortlink":"https:\/\/wp.me\/p9FV2m-dd","jetpack_likes_enabled":true,"jetpack-related-posts":[],"_links":{"self":[{"href":"https:\/\/www.peyrac.fr\/actualites\/wp-json\/wp\/v2\/posts\/819"}],"collection":[{"href":"https:\/\/www.peyrac.fr\/actualites\/wp-json\/wp\/v2\/posts"}],"about":[{"href":"https:\/\/www.peyrac.fr\/actualites\/wp-json\/wp\/v2\/types\/post"}],"author":[{"embeddable":true,"href":"https:\/\/www.peyrac.fr\/actualites\/wp-json\/wp\/v2\/users\/4"}],"replies":[{"embeddable":true,"href":"https:\/\/www.peyrac.fr\/actualites\/wp-json\/wp\/v2\/comments?post=819"}],"version-history":[{"count":5,"href":"https:\/\/www.peyrac.fr\/actualites\/wp-json\/wp\/v2\/posts\/819\/revisions"}],"predecessor-version":[{"id":825,"href":"https:\/\/www.peyrac.fr\/actualites\/wp-json\/wp\/v2\/posts\/819\/revisions\/825"}],"wp:attachment":[{"href":"https:\/\/www.peyrac.fr\/actualites\/wp-json\/wp\/v2\/media?parent=819"}],"wp:term":[{"taxonomy":"category","embeddable":true,"href":"https:\/\/www.peyrac.fr\/actualites\/wp-json\/wp\/v2\/categories?post=819"},{"taxonomy":"post_tag","embeddable":true,"href":"https:\/\/www.peyrac.fr\/actualites\/wp-json\/wp\/v2\/tags?post=819"}],"curies":[{"name":"wp","href":"https:\/\/api.w.org\/{rel}","templated":true}]}}