{"id":839,"date":"2021-02-19T16:48:32","date_gmt":"2021-02-19T15:48:32","guid":{"rendered":"http:\/\/www.peyrac.fr\/actualites\/?p=839"},"modified":"2021-02-19T16:48:33","modified_gmt":"2021-02-19T15:48:33","slug":"un-projet-test-de-route-connectee-en-italie","status":"publish","type":"post","link":"https:\/\/www.peyrac.fr\/actualites\/un-projet-test-de-route-connectee-en-italie\/","title":{"rendered":"Un projet test de route connect\u00e9e en Italie"},"content":{"rendered":"\n<figure class=\"wp-block-gallery aligncenter columns-1 is-cropped\"><ul data-carousel-extra='{\"blog_id\":1,\"permalink\":\"https:\\\/\\\/www.peyrac.fr\\\/actualites\\\/un-projet-test-de-route-connectee-en-italie\\\/\"}' class=\"blocks-gallery-grid\"><li class=\"blocks-gallery-item\"><figure><img data-attachment-id=\"841\" data-permalink=\"https:\/\/www.peyrac.fr\/actualites\/un-projet-test-de-route-connectee-en-italie\/s1-une-route-connectee-et-intelligente-testee-en-italie-662216\/\" data-orig-file=\"https:\/\/i0.wp.com\/www.peyrac.fr\/actualites\/wp-content\/uploads\/2021\/02\/S1-une-route-connectee-et-intelligente-testee-en-italie-662216.jpg?fit=705%2C470&amp;ssl=1\" data-orig-size=\"705,470\" data-comments-opened=\"1\" data-image-meta=\"{&quot;aperture&quot;:&quot;0&quot;,&quot;credit&quot;:&quot;&quot;,&quot;camera&quot;:&quot;&quot;,&quot;caption&quot;:&quot;&quot;,&quot;created_timestamp&quot;:&quot;0&quot;,&quot;copyright&quot;:&quot;&quot;,&quot;focal_length&quot;:&quot;0&quot;,&quot;iso&quot;:&quot;0&quot;,&quot;shutter_speed&quot;:&quot;0&quot;,&quot;title&quot;:&quot;&quot;,&quot;orientation&quot;:&quot;0&quot;}\" data-image-title=\"S1-une-route-connectee-et-intelligente-testee-en-italie-662216\" data-image-description=\"\" data-medium-file=\"https:\/\/i0.wp.com\/www.peyrac.fr\/actualites\/wp-content\/uploads\/2021\/02\/S1-une-route-connectee-et-intelligente-testee-en-italie-662216.jpg?fit=300%2C200&amp;ssl=1\" data-large-file=\"https:\/\/i0.wp.com\/www.peyrac.fr\/actualites\/wp-content\/uploads\/2021\/02\/S1-une-route-connectee-et-intelligente-testee-en-italie-662216.jpg?fit=640%2C427&amp;ssl=1\" loading=\"lazy\" width=\"640\" height=\"427\" src=\"https:\/\/i0.wp.com\/www.peyrac.fr\/actualites\/wp-content\/uploads\/2021\/02\/S1-une-route-connectee-et-intelligente-testee-en-italie-662216.jpg?resize=640%2C427&#038;ssl=1\" alt=\"\" data-id=\"841\" data-full-url=\"https:\/\/i0.wp.com\/www.peyrac.fr\/actualites\/wp-content\/uploads\/2021\/02\/S1-une-route-connectee-et-intelligente-testee-en-italie-662216.jpg?fit=705%2C470&amp;ssl=1\" data-link=\"https:\/\/www.peyrac.fr\/actualites\/?attachment_id=841\" class=\"wp-image-841\" srcset=\"https:\/\/i0.wp.com\/www.peyrac.fr\/actualites\/wp-content\/uploads\/2021\/02\/S1-une-route-connectee-et-intelligente-testee-en-italie-662216.jpg?w=705&amp;ssl=1 705w, https:\/\/i0.wp.com\/www.peyrac.fr\/actualites\/wp-content\/uploads\/2021\/02\/S1-une-route-connectee-et-intelligente-testee-en-italie-662216.jpg?resize=300%2C200&amp;ssl=1 300w, https:\/\/i0.wp.com\/www.peyrac.fr\/actualites\/wp-content\/uploads\/2021\/02\/S1-une-route-connectee-et-intelligente-testee-en-italie-662216.jpg?resize=405%2C270&amp;ssl=1 405w\" sizes=\"(max-width: 640px) 100vw, 640px\" data-recalc-dims=\"1\" \/><\/figure><\/li><\/ul><\/figure>\n\n\n\n<p>Alors que les v\u00e9hicules sont de plus en plus connect\u00e9s,\u00a0il est possible que ce soit bient\u00f4t le cas de nos routes.\u00a0En effet, l\u2019Italie marque le d\u00e9but de la route\u00a0\u00ab\u00a0intelligente\u00a0\u00bb avec le d\u00e9veloppement d\u2019un nouveau projet pilote. Une portion de route connect\u00e9e de 80 km est actuellement en phase test \u00e0 l&rsquo;est du pays. Le terme \u00abintelligent\u00bb signifie ici capable de transmettre des donn\u00e9es en temps r\u00e9el et de communiquer avec les v\u00e9hicules \u00e0 proximit\u00e9.<\/p>\n\n\n\n<p>La route intelligente a \u00e9t\u00e9 d\u00e9velopp\u00e9e par la soci\u00e9t\u00e9 Anas et Tecnositaf et permet donc aux v\u00e9hicules d\u2019interagir entre eux et avec la route elle-m\u00eame. Des poteaux munis de cam\u00e9ras, d&rsquo;antennes ainsi que de capteurs m\u00e9t\u00e9orologiques ont \u00e9t\u00e9 install\u00e9s le long du tron\u00e7on de route pour \u00e9tablir la connectivit\u00e9 permettant la communication.<\/p>\n\n\n\n<p>Les informations recueillies sont \u00e9galement transmises en temps r\u00e9el au centre de contr\u00f4le via un syst\u00e8me appel\u00e9 RMT (Road Management Tool), d\u00e9di\u00e9 \u00e0 la gestion du trafic sur l\u2019infrastructure nationale italienne. Il est ainsi possible de surveiller la circulation et de prendre des mesures rapides en cas de forte influence ou si un incident est signal\u00e9.<\/p>\n\n\n\n<p>De nouvelles phases de test sont d\u00e9j\u00e0 programm\u00e9es sur d\u2019autres tron\u00e7ons afin de d\u00e9velopper ce qui pourrait certainement \u00eatre la route du futur.<\/p>\n\n\n\n<p class=\"has-text-align-center\"><a rel=\"noreferrer noopener\" href=\"https:\/\/www.peyrac.fr\/devis-assurance-2roues\" target=\"_blank\">DEVIS ET SOUSCRIPTION EN LIGNE EN 2 MN<\/a><br><a rel=\"noreferrer noopener\" href=\"https:\/\/www.peyrac.fr\/devis-assurance-2roues\" target=\"_blank\">Cliquez sur l&rsquo;image ci-dessous<\/a><\/p>\n\n\n\n<div data-carousel-extra='{\"blog_id\":1,\"permalink\":\"https:\\\/\\\/www.peyrac.fr\\\/actualites\\\/un-projet-test-de-route-connectee-en-italie\\\/\"}' class=\"wp-block-image\"><figure class=\"aligncenter\"><a href=\"https:\/\/www.peyrac.fr\/devis-assurance-2roues\"><img src=\"https:\/\/i0.wp.com\/www.peyrac.fr\/img\/produits\/moto.png?w=640&#038;ssl=1\" alt=\"L\u2019attribut alt de cette image est vide, son nom de fichier est moto.png.\" data-recalc-dims=\"1\"\/><\/a><\/figure><\/div>\n\n\n\n<p><\/p>\n","protected":false},"excerpt":{"rendered":"<p>Alors que les v\u00e9hicules sont de plus en plus connect\u00e9s,\u00a0il est possible que ce soit bient\u00f4t le cas de nos routes.\u00a0En effet, l\u2019Italie marque le d\u00e9but de la route\u00a0\u00ab\u00a0intelligente\u00a0\u00bb avec le d\u00e9veloppement d\u2019un nouveau projet pilote. Une portion de route connect\u00e9e de 80 km est actuellement en phase test \u00e0 l&rsquo;est du pays. Le terme \u00abintelligent\u00bb signifie ici capable de transmettre des donn\u00e9es en temps r\u00e9el et de communiquer avec les v\u00e9hicules \u00e0 proximit\u00e9. La route intelligente a \u00e9t\u00e9 d\u00e9velopp\u00e9e&#8230;<\/p>\n<p class=\"read-more\"><a class=\"btn btn-default\" href=\"https:\/\/www.peyrac.fr\/actualites\/un-projet-test-de-route-connectee-en-italie\/\">Lire la suite<span class=\"screen-reader-text\"> Lire la suite<\/span><\/a><\/p>\n","protected":false},"author":4,"featured_media":0,"comment_status":"open","ping_status":"open","sticky":false,"template":"","format":"standard","meta":{"spay_email":"","jetpack_publicize_message":""},"categories":[1],"tags":[],"jetpack_featured_media_url":"","jetpack_publicize_connections":[],"yoast_head":"<!-- This site is optimized with the Yoast SEO plugin v14.2 - https:\/\/yoast.com\/wordpress\/plugins\/seo\/ -->\n<title>Un projet test de route connect\u00e9e en Italie - Actualit\u00e9s<\/title>\n<meta name=\"robots\" content=\"index, follow\" \/>\n<meta name=\"googlebot\" content=\"index, follow, max-snippet:-1, max-image-preview:large, max-video-preview:-1\" \/>\n<meta name=\"bingbot\" content=\"index, follow, max-snippet:-1, max-image-preview:large, max-video-preview:-1\" \/>\n<link rel=\"canonical\" href=\"http:\/\/www.peyrac.fr\/actualites\/un-projet-test-de-route-connectee-en-italie\/\" \/>\n<meta property=\"og:locale\" content=\"fr_FR\" \/>\n<meta property=\"og:type\" content=\"article\" \/>\n<meta property=\"og:title\" content=\"Un projet test de route connect\u00e9e en Italie - Actualit\u00e9s\" \/>\n<meta property=\"og:description\" content=\"Alors que les v\u00e9hicules sont de plus en plus connect\u00e9s,\u00a0il est possible que ce soit bient\u00f4t le cas de nos routes.\u00a0En effet, l\u2019Italie marque le d\u00e9but de la route\u00a0\u00ab\u00a0intelligente\u00a0\u00bb avec le d\u00e9veloppement d\u2019un nouveau projet pilote. Une portion de route connect\u00e9e de 80 km est actuellement en phase test \u00e0 l&rsquo;est du pays. Le terme \u00abintelligent\u00bb signifie ici capable de transmettre des donn\u00e9es en temps r\u00e9el et de communiquer avec les v\u00e9hicules \u00e0 proximit\u00e9. La route intelligente a \u00e9t\u00e9 d\u00e9velopp\u00e9e...Lire la suite Lire la suite\" \/>\n<meta property=\"og:url\" content=\"http:\/\/www.peyrac.fr\/actualites\/un-projet-test-de-route-connectee-en-italie\/\" \/>\n<meta property=\"og:site_name\" content=\"Actualit\u00e9s\" \/>\n<meta property=\"article:publisher\" content=\"https:\/\/fr-fr.facebook.com\/pages\/category\/Insurance-Broker\/Peyrac-Assurances-785156224901716\/\" \/>\n<meta property=\"article:published_time\" content=\"2021-02-19T15:48:32+00:00\" \/>\n<meta property=\"article:modified_time\" content=\"2021-02-19T15:48:33+00:00\" \/>\n<meta property=\"og:image\" content=\"https:\/\/www.peyrac.fr\/actualites\/wp-content\/uploads\/2021\/02\/S1-une-route-connectee-et-intelligente-testee-en-italie-662216.jpg\" \/>\n<meta name=\"twitter:card\" content=\"summary\" \/>\n<meta name=\"twitter:creator\" content=\"@PeyracAssurance\" \/>\n<meta name=\"twitter:site\" content=\"@PeyracAssurance\" \/>\n<script type=\"application\/ld+json\" class=\"yoast-schema-graph\">{\"@context\":\"https:\/\/schema.org\",\"@graph\":[{\"@type\":\"WebSite\",\"@id\":\"https:\/\/www.peyrac.fr\/actualites\/#website\",\"url\":\"https:\/\/www.peyrac.fr\/actualites\/\",\"name\":\"Peyrac Assurances\",\"description\":\"\",\"potentialAction\":[{\"@type\":\"SearchAction\",\"target\":\"https:\/\/www.peyrac.fr\/actualites\/?s={search_term_string}\",\"query-input\":\"required name=search_term_string\"}],\"inLanguage\":\"fr-FR\"},{\"@type\":\"ImageObject\",\"@id\":\"http:\/\/www.peyrac.fr\/actualites\/un-projet-test-de-route-connectee-en-italie\/#primaryimage\",\"inLanguage\":\"fr-FR\",\"url\":\"https:\/\/i0.wp.com\/www.peyrac.fr\/actualites\/wp-content\/uploads\/2021\/02\/S1-une-route-connectee-et-intelligente-testee-en-italie-662216.jpg?fit=705%2C470&ssl=1\",\"width\":705,\"height\":470},{\"@type\":\"WebPage\",\"@id\":\"http:\/\/www.peyrac.fr\/actualites\/un-projet-test-de-route-connectee-en-italie\/#webpage\",\"url\":\"http:\/\/www.peyrac.fr\/actualites\/un-projet-test-de-route-connectee-en-italie\/\",\"name\":\"Un projet test de route connect\\u00e9e en Italie - Actualit\\u00e9s\",\"isPartOf\":{\"@id\":\"https:\/\/www.peyrac.fr\/actualites\/#website\"},\"primaryImageOfPage\":{\"@id\":\"http:\/\/www.peyrac.fr\/actualites\/un-projet-test-de-route-connectee-en-italie\/#primaryimage\"},\"datePublished\":\"2021-02-19T15:48:32+00:00\",\"dateModified\":\"2021-02-19T15:48:33+00:00\",\"author\":{\"@id\":\"https:\/\/www.peyrac.fr\/actualites\/#\/schema\/person\/162ff8dc4aeb790d0bf315f75b32f724\"},\"breadcrumb\":{\"@id\":\"http:\/\/www.peyrac.fr\/actualites\/un-projet-test-de-route-connectee-en-italie\/#breadcrumb\"},\"inLanguage\":\"fr-FR\",\"potentialAction\":[{\"@type\":\"ReadAction\",\"target\":[\"http:\/\/www.peyrac.fr\/actualites\/un-projet-test-de-route-connectee-en-italie\/\"]}]},{\"@type\":\"BreadcrumbList\",\"@id\":\"http:\/\/www.peyrac.fr\/actualites\/un-projet-test-de-route-connectee-en-italie\/#breadcrumb\",\"itemListElement\":[{\"@type\":\"ListItem\",\"position\":1,\"item\":{\"@type\":\"WebPage\",\"@id\":\"https:\/\/www.peyrac.fr\/actualites\/\",\"url\":\"https:\/\/www.peyrac.fr\/actualites\/\",\"name\":\"Accueil des actualit\\u00e9s\"}},{\"@type\":\"ListItem\",\"position\":2,\"item\":{\"@type\":\"WebPage\",\"@id\":\"https:\/\/www.peyrac.fr\/actualites\/category\/non-classe\/\",\"url\":\"https:\/\/www.peyrac.fr\/actualites\/category\/non-classe\/\",\"name\":\"Non class\\u00e9\"}},{\"@type\":\"ListItem\",\"position\":3,\"item\":{\"@type\":\"WebPage\",\"@id\":\"http:\/\/www.peyrac.fr\/actualites\/un-projet-test-de-route-connectee-en-italie\/\",\"url\":\"http:\/\/www.peyrac.fr\/actualites\/un-projet-test-de-route-connectee-en-italie\/\",\"name\":\"Un projet test de route connect\\u00e9e en Italie\"}}]},{\"@type\":[\"Person\"],\"@id\":\"https:\/\/www.peyrac.fr\/actualites\/#\/schema\/person\/162ff8dc4aeb790d0bf315f75b32f724\",\"name\":\"M B\",\"image\":{\"@type\":\"ImageObject\",\"@id\":\"https:\/\/www.peyrac.fr\/actualites\/#personlogo\",\"inLanguage\":\"fr-FR\",\"url\":\"https:\/\/secure.gravatar.com\/avatar\/7095438c901b5d50da8fb9a6f5680d8c?s=96&d=mm&r=g\",\"caption\":\"M B\"}}]}<\/script>\n<!-- \/ Yoast SEO plugin. -->","jetpack_sharing_enabled":true,"jetpack_shortlink":"https:\/\/wp.me\/p9FV2m-dx","jetpack_likes_enabled":true,"jetpack-related-posts":[],"_links":{"self":[{"href":"https:\/\/www.peyrac.fr\/actualites\/wp-json\/wp\/v2\/posts\/839"}],"collection":[{"href":"https:\/\/www.peyrac.fr\/actualites\/wp-json\/wp\/v2\/posts"}],"about":[{"href":"https:\/\/www.peyrac.fr\/actualites\/wp-json\/wp\/v2\/types\/post"}],"author":[{"embeddable":true,"href":"https:\/\/www.peyrac.fr\/actualites\/wp-json\/wp\/v2\/users\/4"}],"replies":[{"embeddable":true,"href":"https:\/\/www.peyrac.fr\/actualites\/wp-json\/wp\/v2\/comments?post=839"}],"version-history":[{"count":6,"href":"https:\/\/www.peyrac.fr\/actualites\/wp-json\/wp\/v2\/posts\/839\/revisions"}],"predecessor-version":[{"id":846,"href":"https:\/\/www.peyrac.fr\/actualites\/wp-json\/wp\/v2\/posts\/839\/revisions\/846"}],"wp:attachment":[{"href":"https:\/\/www.peyrac.fr\/actualites\/wp-json\/wp\/v2\/media?parent=839"}],"wp:term":[{"taxonomy":"category","embeddable":true,"href":"https:\/\/www.peyrac.fr\/actualites\/wp-json\/wp\/v2\/categories?post=839"},{"taxonomy":"post_tag","embeddable":true,"href":"https:\/\/www.peyrac.fr\/actualites\/wp-json\/wp\/v2\/tags?post=839"}],"curies":[{"name":"wp","href":"https:\/\/api.w.org\/{rel}","templated":true}]}}