{"id":847,"date":"2021-02-26T16:10:03","date_gmt":"2021-02-26T15:10:03","guid":{"rendered":"http:\/\/www.peyrac.fr\/actualites\/?p=847"},"modified":"2021-02-26T16:10:04","modified_gmt":"2021-02-26T15:10:04","slug":"la-pan-america-1250-le-premier-maxi-trail-signe-harley-davidson","status":"publish","type":"post","link":"https:\/\/www.peyrac.fr\/actualites\/la-pan-america-1250-le-premier-maxi-trail-signe-harley-davidson\/","title":{"rendered":"La Pan America 1250 : le premier maxi-trail sign\u00e9 Harley Davidson"},"content":{"rendered":"\n<div class=\"wp-block-image\"><figure class=\"aligncenter size-large is-resized\"><img data-attachment-id=\"848\" data-permalink=\"https:\/\/www.peyrac.fr\/actualites\/la-pan-america-1250-le-premier-maxi-trail-signe-harley-davidson\/pan-america\/\" data-orig-file=\"https:\/\/i2.wp.com\/www.peyrac.fr\/actualites\/wp-content\/uploads\/2021\/02\/pan-america.jpg?fit=800%2C450&amp;ssl=1\" data-orig-size=\"800,450\" data-comments-opened=\"1\" data-image-meta=\"{&quot;aperture&quot;:&quot;0&quot;,&quot;credit&quot;:&quot;&quot;,&quot;camera&quot;:&quot;&quot;,&quot;caption&quot;:&quot;&quot;,&quot;created_timestamp&quot;:&quot;0&quot;,&quot;copyright&quot;:&quot;&quot;,&quot;focal_length&quot;:&quot;0&quot;,&quot;iso&quot;:&quot;0&quot;,&quot;shutter_speed&quot;:&quot;0&quot;,&quot;title&quot;:&quot;&quot;,&quot;orientation&quot;:&quot;0&quot;}\" data-image-title=\"pan-america\" data-image-description=\"\" data-medium-file=\"https:\/\/i2.wp.com\/www.peyrac.fr\/actualites\/wp-content\/uploads\/2021\/02\/pan-america.jpg?fit=300%2C169&amp;ssl=1\" data-large-file=\"https:\/\/i2.wp.com\/www.peyrac.fr\/actualites\/wp-content\/uploads\/2021\/02\/pan-america.jpg?fit=640%2C360&amp;ssl=1\" loading=\"lazy\" src=\"https:\/\/i2.wp.com\/www.peyrac.fr\/actualites\/wp-content\/uploads\/2021\/02\/pan-america.jpg?resize=628%2C353&#038;ssl=1\" alt=\"\" class=\"wp-image-848\" width=\"628\" height=\"353\" srcset=\"https:\/\/i2.wp.com\/www.peyrac.fr\/actualites\/wp-content\/uploads\/2021\/02\/pan-america.jpg?w=800&amp;ssl=1 800w, https:\/\/i2.wp.com\/www.peyrac.fr\/actualites\/wp-content\/uploads\/2021\/02\/pan-america.jpg?resize=300%2C169&amp;ssl=1 300w, https:\/\/i2.wp.com\/www.peyrac.fr\/actualites\/wp-content\/uploads\/2021\/02\/pan-america.jpg?resize=768%2C432&amp;ssl=1 768w, https:\/\/i2.wp.com\/www.peyrac.fr\/actualites\/wp-content\/uploads\/2021\/02\/pan-america.jpg?resize=480%2C270&amp;ssl=1 480w\" sizes=\"(max-width: 628px) 100vw, 628px\" data-recalc-dims=\"1\" \/><\/figure><\/div>\n\n\n\n<p>Cela fait d\u00e9j\u00e0 longtemps que le constructeur Harley-Davidson \u00e9voque l\u2019id\u00e9e d\u2019un mod\u00e8le Pan America, et au vu de&nbsp;son obstination sur ce projet,&nbsp; il est certain que les attentes sont grandes \u00e0 l\u2019\u00e9gard de ce tout premier maxi-trail.<\/p>\n\n\n\n<p>Bien que les aficionados&nbsp;connaissent certainement d\u00e9j\u00e0 la silhouette singuli\u00e8re de la Pan America, la marque vient de r\u00e9v\u00e9ler toutes ses particularit\u00e9s. Ce maxi-trail de 250 kg sera muni d\u2019un moteur&nbsp;V2 \u00e0 refroidissement liquide de 1&nbsp;252 cm3 rebaptis\u00e9 Revolution Max. Il disposera de 150 chevaux \u00e0 8&nbsp;750 tr\/min et d\u2019une distribution variable.<\/p>\n\n\n\n<p>La Pan American sera mont\u00e9e sur une roue avant de 19 pouces et une roue arri\u00e8re de 17 pouces, toutes deux \u00e9quip\u00e9es de pneus Michelin Scorcher Adventure, assurant stabilit\u00e9 et confort. Sa fourche invers\u00e9e enti\u00e8rement r\u00e9glable et son syst\u00e8me de freinage Brembo, lui apporteront\u00a0une excellente tenue de route.<\/p>\n\n\n\n<p>V\u00e9ritable bijou de technologies, la Pan America 1250 proposera un contr\u00f4le de traction ainsi que cinq modes de conduite diff\u00e9rents. La plupart des fonctions disponibles, comme le contr\u00f4le de la puissance ou\u00a0du niveau de freinage, seront param\u00e9trables depuis un \u00e9cran connect\u00e9 de 6,8 pouces.<\/p>\n\n\n\n<p>Autre information fondamentale qui vient d\u2019\u00eatre d\u00e9voil\u00e9e par Harley Davidson c\u2019est son prix. Elle sera accessible \u00e0 partir de 15\u00a0990\u00a0\u20ac et il faudra compter 18 290\u20ac pour la version sp\u00e9ciale sur\u00e9quip\u00e9e. Des tarifs relativement attractifs comparer \u00e0 certains mod\u00e8les du genre comme la BWR R 1200 GS ou la KTM 1290 Super Adventure S. <\/p>\n\n\n\n<p>La concurrence risque d&rsquo;\u00eatre rude&#8230;<\/p>\n\n\n\n<p class=\"has-text-align-center\"><a rel=\"noreferrer noopener\" href=\"https:\/\/www.peyrac.fr\/devis-assurance-2roues\" target=\"_blank\">DEVIS ET SOUSCRIPTION EN LIGNE EN 2 MN<\/a><br><a rel=\"noreferrer noopener\" href=\"https:\/\/www.peyrac.fr\/devis-assurance-2roues\" target=\"_blank\">Cliquez sur l&rsquo;image ci-dessous<\/a><\/p>\n\n\n\n<div class=\"wp-block-image\"><figure class=\"aligncenter\"><a href=\"https:\/\/www.peyrac.fr\/devis-assurance-2roues\"><img src=\"https:\/\/i0.wp.com\/www.peyrac.fr\/img\/produits\/moto.png?w=640&#038;ssl=1\" alt=\"L\u2019attribut alt de cette image est vide, son nom de fichier est moto.png.\" data-recalc-dims=\"1\"\/><\/a><\/figure><\/div>\n\n\n\n<p><\/p>\n","protected":false},"excerpt":{"rendered":"<p>Cela fait d\u00e9j\u00e0 longtemps que le constructeur Harley-Davidson \u00e9voque l\u2019id\u00e9e d\u2019un mod\u00e8le Pan America, et au vu de&nbsp;son obstination sur ce projet,&nbsp; il est certain que les attentes sont grandes \u00e0 l\u2019\u00e9gard de ce tout premier maxi-trail. Bien que les aficionados&nbsp;connaissent certainement d\u00e9j\u00e0 la silhouette singuli\u00e8re de la Pan America, la marque vient de r\u00e9v\u00e9ler toutes ses particularit\u00e9s. Ce maxi-trail de 250 kg sera muni d\u2019un moteur&nbsp;V2 \u00e0 refroidissement liquide de 1&nbsp;252 cm3 rebaptis\u00e9 Revolution Max. Il disposera de 150&#8230;<\/p>\n<p class=\"read-more\"><a class=\"btn btn-default\" href=\"https:\/\/www.peyrac.fr\/actualites\/la-pan-america-1250-le-premier-maxi-trail-signe-harley-davidson\/\">Lire la suite<span class=\"screen-reader-text\"> Lire la suite<\/span><\/a><\/p>\n","protected":false},"author":4,"featured_media":0,"comment_status":"open","ping_status":"open","sticky":false,"template":"","format":"standard","meta":{"spay_email":"","jetpack_publicize_message":""},"categories":[1],"tags":[],"jetpack_featured_media_url":"","jetpack_publicize_connections":[],"yoast_head":"<!-- This site is optimized with the Yoast SEO plugin v14.2 - https:\/\/yoast.com\/wordpress\/plugins\/seo\/ -->\n<title>La Pan America 1250 : le premier maxi-trail sign\u00e9 Harley Davidson - Actualit\u00e9s<\/title>\n<meta name=\"robots\" content=\"index, follow\" \/>\n<meta name=\"googlebot\" content=\"index, follow, max-snippet:-1, max-image-preview:large, max-video-preview:-1\" \/>\n<meta name=\"bingbot\" content=\"index, follow, max-snippet:-1, max-image-preview:large, max-video-preview:-1\" \/>\n<link rel=\"canonical\" href=\"http:\/\/www.peyrac.fr\/actualites\/la-pan-america-1250-le-premier-maxi-trail-signe-harley-davidson\/\" \/>\n<meta property=\"og:locale\" content=\"fr_FR\" \/>\n<meta property=\"og:type\" content=\"article\" \/>\n<meta property=\"og:title\" content=\"La Pan America 1250 : le premier maxi-trail sign\u00e9 Harley Davidson - Actualit\u00e9s\" \/>\n<meta property=\"og:description\" content=\"Cela fait d\u00e9j\u00e0 longtemps que le constructeur Harley-Davidson \u00e9voque l\u2019id\u00e9e d\u2019un mod\u00e8le Pan America, et au vu de&nbsp;son obstination sur ce projet,&nbsp; il est certain que les attentes sont grandes \u00e0 l\u2019\u00e9gard de ce tout premier maxi-trail. Bien que les aficionados&nbsp;connaissent certainement d\u00e9j\u00e0 la silhouette singuli\u00e8re de la Pan America, la marque vient de r\u00e9v\u00e9ler toutes ses particularit\u00e9s. Ce maxi-trail de 250 kg sera muni d\u2019un moteur&nbsp;V2 \u00e0 refroidissement liquide de 1&nbsp;252 cm3 rebaptis\u00e9 Revolution Max. Il disposera de 150...Lire la suite Lire la suite\" \/>\n<meta property=\"og:url\" content=\"http:\/\/www.peyrac.fr\/actualites\/la-pan-america-1250-le-premier-maxi-trail-signe-harley-davidson\/\" \/>\n<meta property=\"og:site_name\" content=\"Actualit\u00e9s\" \/>\n<meta property=\"article:publisher\" content=\"https:\/\/fr-fr.facebook.com\/pages\/category\/Insurance-Broker\/Peyrac-Assurances-785156224901716\/\" \/>\n<meta property=\"article:published_time\" content=\"2021-02-26T15:10:03+00:00\" \/>\n<meta property=\"article:modified_time\" content=\"2021-02-26T15:10:04+00:00\" \/>\n<meta property=\"og:image\" content=\"https:\/\/www.peyrac.fr\/actualites\/wp-content\/uploads\/2021\/02\/pan-america.jpg\" \/>\n<meta name=\"twitter:card\" content=\"summary\" \/>\n<meta name=\"twitter:creator\" content=\"@PeyracAssurance\" \/>\n<meta name=\"twitter:site\" content=\"@PeyracAssurance\" \/>\n<script type=\"application\/ld+json\" class=\"yoast-schema-graph\">{\"@context\":\"https:\/\/schema.org\",\"@graph\":[{\"@type\":\"WebSite\",\"@id\":\"https:\/\/www.peyrac.fr\/actualites\/#website\",\"url\":\"https:\/\/www.peyrac.fr\/actualites\/\",\"name\":\"Peyrac Assurances\",\"description\":\"\",\"potentialAction\":[{\"@type\":\"SearchAction\",\"target\":\"https:\/\/www.peyrac.fr\/actualites\/?s={search_term_string}\",\"query-input\":\"required name=search_term_string\"}],\"inLanguage\":\"fr-FR\"},{\"@type\":\"ImageObject\",\"@id\":\"http:\/\/www.peyrac.fr\/actualites\/la-pan-america-1250-le-premier-maxi-trail-signe-harley-davidson\/#primaryimage\",\"inLanguage\":\"fr-FR\",\"url\":\"https:\/\/i2.wp.com\/www.peyrac.fr\/actualites\/wp-content\/uploads\/2021\/02\/pan-america.jpg?fit=800%2C450&ssl=1\",\"width\":800,\"height\":450},{\"@type\":\"WebPage\",\"@id\":\"http:\/\/www.peyrac.fr\/actualites\/la-pan-america-1250-le-premier-maxi-trail-signe-harley-davidson\/#webpage\",\"url\":\"http:\/\/www.peyrac.fr\/actualites\/la-pan-america-1250-le-premier-maxi-trail-signe-harley-davidson\/\",\"name\":\"La Pan America 1250 : le premier maxi-trail sign\\u00e9 Harley Davidson - Actualit\\u00e9s\",\"isPartOf\":{\"@id\":\"https:\/\/www.peyrac.fr\/actualites\/#website\"},\"primaryImageOfPage\":{\"@id\":\"http:\/\/www.peyrac.fr\/actualites\/la-pan-america-1250-le-premier-maxi-trail-signe-harley-davidson\/#primaryimage\"},\"datePublished\":\"2021-02-26T15:10:03+00:00\",\"dateModified\":\"2021-02-26T15:10:04+00:00\",\"author\":{\"@id\":\"https:\/\/www.peyrac.fr\/actualites\/#\/schema\/person\/162ff8dc4aeb790d0bf315f75b32f724\"},\"breadcrumb\":{\"@id\":\"http:\/\/www.peyrac.fr\/actualites\/la-pan-america-1250-le-premier-maxi-trail-signe-harley-davidson\/#breadcrumb\"},\"inLanguage\":\"fr-FR\",\"potentialAction\":[{\"@type\":\"ReadAction\",\"target\":[\"http:\/\/www.peyrac.fr\/actualites\/la-pan-america-1250-le-premier-maxi-trail-signe-harley-davidson\/\"]}]},{\"@type\":\"BreadcrumbList\",\"@id\":\"http:\/\/www.peyrac.fr\/actualites\/la-pan-america-1250-le-premier-maxi-trail-signe-harley-davidson\/#breadcrumb\",\"itemListElement\":[{\"@type\":\"ListItem\",\"position\":1,\"item\":{\"@type\":\"WebPage\",\"@id\":\"https:\/\/www.peyrac.fr\/actualites\/\",\"url\":\"https:\/\/www.peyrac.fr\/actualites\/\",\"name\":\"Accueil des actualit\\u00e9s\"}},{\"@type\":\"ListItem\",\"position\":2,\"item\":{\"@type\":\"WebPage\",\"@id\":\"https:\/\/www.peyrac.fr\/actualites\/category\/non-classe\/\",\"url\":\"https:\/\/www.peyrac.fr\/actualites\/category\/non-classe\/\",\"name\":\"Non class\\u00e9\"}},{\"@type\":\"ListItem\",\"position\":3,\"item\":{\"@type\":\"WebPage\",\"@id\":\"http:\/\/www.peyrac.fr\/actualites\/la-pan-america-1250-le-premier-maxi-trail-signe-harley-davidson\/\",\"url\":\"http:\/\/www.peyrac.fr\/actualites\/la-pan-america-1250-le-premier-maxi-trail-signe-harley-davidson\/\",\"name\":\"La Pan America 1250 : le premier maxi-trail sign\\u00e9 Harley Davidson\"}}]},{\"@type\":[\"Person\"],\"@id\":\"https:\/\/www.peyrac.fr\/actualites\/#\/schema\/person\/162ff8dc4aeb790d0bf315f75b32f724\",\"name\":\"M B\",\"image\":{\"@type\":\"ImageObject\",\"@id\":\"https:\/\/www.peyrac.fr\/actualites\/#personlogo\",\"inLanguage\":\"fr-FR\",\"url\":\"https:\/\/secure.gravatar.com\/avatar\/7095438c901b5d50da8fb9a6f5680d8c?s=96&d=mm&r=g\",\"caption\":\"M B\"}}]}<\/script>\n<!-- \/ Yoast SEO plugin. -->","jetpack_sharing_enabled":true,"jetpack_shortlink":"https:\/\/wp.me\/p9FV2m-dF","jetpack_likes_enabled":true,"jetpack-related-posts":[],"_links":{"self":[{"href":"https:\/\/www.peyrac.fr\/actualites\/wp-json\/wp\/v2\/posts\/847"}],"collection":[{"href":"https:\/\/www.peyrac.fr\/actualites\/wp-json\/wp\/v2\/posts"}],"about":[{"href":"https:\/\/www.peyrac.fr\/actualites\/wp-json\/wp\/v2\/types\/post"}],"author":[{"embeddable":true,"href":"https:\/\/www.peyrac.fr\/actualites\/wp-json\/wp\/v2\/users\/4"}],"replies":[{"embeddable":true,"href":"https:\/\/www.peyrac.fr\/actualites\/wp-json\/wp\/v2\/comments?post=847"}],"version-history":[{"count":5,"href":"https:\/\/www.peyrac.fr\/actualites\/wp-json\/wp\/v2\/posts\/847\/revisions"}],"predecessor-version":[{"id":853,"href":"https:\/\/www.peyrac.fr\/actualites\/wp-json\/wp\/v2\/posts\/847\/revisions\/853"}],"wp:attachment":[{"href":"https:\/\/www.peyrac.fr\/actualites\/wp-json\/wp\/v2\/media?parent=847"}],"wp:term":[{"taxonomy":"category","embeddable":true,"href":"https:\/\/www.peyrac.fr\/actualites\/wp-json\/wp\/v2\/categories?post=847"},{"taxonomy":"post_tag","embeddable":true,"href":"https:\/\/www.peyrac.fr\/actualites\/wp-json\/wp\/v2\/tags?post=847"}],"curies":[{"name":"wp","href":"https:\/\/api.w.org\/{rel}","templated":true}]}}