{"id":855,"date":"2021-03-05T14:42:41","date_gmt":"2021-03-05T13:42:41","guid":{"rendered":"http:\/\/www.peyrac.fr\/actualites\/?p=855"},"modified":"2021-03-05T14:42:42","modified_gmt":"2021-03-05T13:42:42","slug":"le-retour-de-la-circulation-interfiles-prevu-pour-cet-ete","status":"publish","type":"post","link":"https:\/\/www.peyrac.fr\/actualites\/le-retour-de-la-circulation-interfiles-prevu-pour-cet-ete\/","title":{"rendered":"Le retour de la circulation interfiles pr\u00e9vu pour cet \u00e9t\u00e9"},"content":{"rendered":"\n<div class=\"wp-block-image\"><figure class=\"aligncenter\"><img src=\"https:\/\/media.istockphoto.com\/photos\/traffic-jam-in-the-outskirt-of-paris-picture-id458954197?b=1&amp;k=6&amp;m=458954197&amp;s=170667a&amp;w=0&amp;h=z52-31TxQAO5u-2HBkH7VlOpj6QT3DOP7FCifsCzz2U=\" alt=\"\"\/><\/figure><\/div>\n\n\n\n<p>Comme nous l\u2019avions d\u00e9j\u00e0 \u00e9voqu\u00e9 dans un pr\u00e9c\u00e9dent article, la circulation interfiles a \u00e9t\u00e9 abandonn\u00e9e apr\u00e8s 5 ans d\u2019exp\u00e9rimentation. R\u00e9alis\u00e9e dans onze d\u00e9partements, cette exp\u00e9rimentation laissait penser qu\u2019un cadre l\u00e9gal\u00a0pourrait \u00eatre \u00e9tabli pour cette pratique devenue courante, et jusqu\u2019\u00e0 pr\u00e9sent tol\u00e9r\u00e9e.<\/p>\n\n\n\n<p>Cette d\u00e9cision pourrait n\u00e9anmoins \u00eatre rapidement r\u00e9\u00e9valu\u00e9e car La S\u00e9curit\u00e9 Routi\u00e8re a annonc\u00e9 qu&rsquo;une nouvelle exp\u00e9rimentation allait commencer cet \u00e9t\u00e9. Elle devrait avoir lieu dans de nouveaux d\u00e9partements mais \u00e9galement dans ceux d\u00e9j\u00e0 concern\u00e9s par la premi\u00e8re exp\u00e9rimentation.<\/p>\n\n\n\n<p>Il y aura n\u00e9anmoins quelques variantes \u00e0 pr\u00e9voir dans la mesure o\u00f9 La S\u00e9curit\u00e9 Routi\u00e8re souhaite instaurer une meilleure communication autour de la circulation interfiles. Des panneaux seront install\u00e9s pour pr\u00e9venir les usagers de cette pratique.<\/p>\n\n\n\n<p>Le Conseil d\u2019Etat devrait prochainement recevoir le projet de d\u00e9cret notifiant les modalit\u00e9s de la nouvelle exp\u00e9rimentation et sa mise en place est pr\u00e9vue pour le mois de juin.<\/p>\n\n\n\n<p class=\"has-text-align-center\"><a rel=\"noreferrer noopener\" href=\"https:\/\/www.peyrac.fr\/devis-assurance-2roues\" target=\"_blank\">DEVIS ET SOUSCRIPTION EN LIGNE EN 2 MN<\/a><br><a rel=\"noreferrer noopener\" href=\"https:\/\/www.peyrac.fr\/devis-assurance-2roues\" target=\"_blank\">Cliquez sur l&rsquo;image ci-dessous<\/a><\/p>\n\n\n\n<div class=\"wp-block-image\"><figure class=\"aligncenter\"><a href=\"https:\/\/www.peyrac.fr\/devis-assurance-2roues\"><img src=\"https:\/\/i0.wp.com\/www.peyrac.fr\/img\/produits\/moto.png?w=640&#038;ssl=1\" alt=\"L\u2019attribut alt de cette image est vide, son nom de fichier est moto.png.\" data-recalc-dims=\"1\"\/><\/a><\/figure><\/div>\n\n\n\n<p><\/p>\n","protected":false},"excerpt":{"rendered":"<p>Comme nous l\u2019avions d\u00e9j\u00e0 \u00e9voqu\u00e9 dans un pr\u00e9c\u00e9dent article, la circulation interfiles a \u00e9t\u00e9 abandonn\u00e9e apr\u00e8s 5 ans d\u2019exp\u00e9rimentation. R\u00e9alis\u00e9e dans onze d\u00e9partements, cette exp\u00e9rimentation laissait penser qu\u2019un cadre l\u00e9gal\u00a0pourrait \u00eatre \u00e9tabli pour cette pratique devenue courante, et jusqu\u2019\u00e0 pr\u00e9sent tol\u00e9r\u00e9e. Cette d\u00e9cision pourrait n\u00e9anmoins \u00eatre rapidement r\u00e9\u00e9valu\u00e9e car La S\u00e9curit\u00e9 Routi\u00e8re a annonc\u00e9 qu&rsquo;une nouvelle exp\u00e9rimentation allait commencer cet \u00e9t\u00e9. Elle devrait avoir lieu dans de nouveaux d\u00e9partements mais \u00e9galement dans ceux d\u00e9j\u00e0 concern\u00e9s par la premi\u00e8re exp\u00e9rimentation. Il&#8230;<\/p>\n<p class=\"read-more\"><a class=\"btn btn-default\" href=\"https:\/\/www.peyrac.fr\/actualites\/le-retour-de-la-circulation-interfiles-prevu-pour-cet-ete\/\">Lire la suite<span class=\"screen-reader-text\"> Lire la suite<\/span><\/a><\/p>\n","protected":false},"author":4,"featured_media":0,"comment_status":"open","ping_status":"open","sticky":false,"template":"","format":"standard","meta":{"spay_email":"","jetpack_publicize_message":""},"categories":[1],"tags":[],"jetpack_featured_media_url":"","jetpack_publicize_connections":[],"yoast_head":"<!-- This site is optimized with the Yoast SEO plugin v14.2 - https:\/\/yoast.com\/wordpress\/plugins\/seo\/ -->\n<title>Le retour de la circulation interfiles pr\u00e9vu pour cet \u00e9t\u00e9 - Actualit\u00e9s<\/title>\n<meta name=\"robots\" content=\"index, follow\" \/>\n<meta name=\"googlebot\" content=\"index, follow, max-snippet:-1, max-image-preview:large, max-video-preview:-1\" \/>\n<meta name=\"bingbot\" content=\"index, follow, max-snippet:-1, max-image-preview:large, max-video-preview:-1\" \/>\n<link rel=\"canonical\" href=\"http:\/\/www.peyrac.fr\/actualites\/le-retour-de-la-circulation-interfiles-prevu-pour-cet-ete\/\" \/>\n<meta property=\"og:locale\" content=\"fr_FR\" \/>\n<meta property=\"og:type\" content=\"article\" \/>\n<meta property=\"og:title\" content=\"Le retour de la circulation interfiles pr\u00e9vu pour cet \u00e9t\u00e9 - Actualit\u00e9s\" \/>\n<meta property=\"og:description\" content=\"Comme nous l\u2019avions d\u00e9j\u00e0 \u00e9voqu\u00e9 dans un pr\u00e9c\u00e9dent article, la circulation interfiles a \u00e9t\u00e9 abandonn\u00e9e apr\u00e8s 5 ans d\u2019exp\u00e9rimentation. R\u00e9alis\u00e9e dans onze d\u00e9partements, cette exp\u00e9rimentation laissait penser qu\u2019un cadre l\u00e9gal\u00a0pourrait \u00eatre \u00e9tabli pour cette pratique devenue courante, et jusqu\u2019\u00e0 pr\u00e9sent tol\u00e9r\u00e9e. Cette d\u00e9cision pourrait n\u00e9anmoins \u00eatre rapidement r\u00e9\u00e9valu\u00e9e car La S\u00e9curit\u00e9 Routi\u00e8re a annonc\u00e9 qu&rsquo;une nouvelle exp\u00e9rimentation allait commencer cet \u00e9t\u00e9. Elle devrait avoir lieu dans de nouveaux d\u00e9partements mais \u00e9galement dans ceux d\u00e9j\u00e0 concern\u00e9s par la premi\u00e8re exp\u00e9rimentation. Il...Lire la suite Lire la suite\" \/>\n<meta property=\"og:url\" content=\"http:\/\/www.peyrac.fr\/actualites\/le-retour-de-la-circulation-interfiles-prevu-pour-cet-ete\/\" \/>\n<meta property=\"og:site_name\" content=\"Actualit\u00e9s\" \/>\n<meta property=\"article:publisher\" content=\"https:\/\/fr-fr.facebook.com\/pages\/category\/Insurance-Broker\/Peyrac-Assurances-785156224901716\/\" \/>\n<meta property=\"article:published_time\" content=\"2021-03-05T13:42:41+00:00\" \/>\n<meta property=\"article:modified_time\" content=\"2021-03-05T13:42:42+00:00\" \/>\n<meta property=\"og:image\" content=\"https:\/\/media.istockphoto.com\/photos\/traffic-jam-in-the-outskirt-of-paris-picture-id458954197?b=1&#038;k=6&#038;m=458954197&#038;s=170667a&#038;w=0&#038;h=z52-31TxQAO5u-2HBkH7VlOpj6QT3DOP7FCifsCzz2U=\" \/>\n<meta name=\"twitter:card\" content=\"summary\" \/>\n<meta name=\"twitter:creator\" content=\"@PeyracAssurance\" \/>\n<meta name=\"twitter:site\" content=\"@PeyracAssurance\" \/>\n<script type=\"application\/ld+json\" class=\"yoast-schema-graph\">{\"@context\":\"https:\/\/schema.org\",\"@graph\":[{\"@type\":\"WebSite\",\"@id\":\"https:\/\/www.peyrac.fr\/actualites\/#website\",\"url\":\"https:\/\/www.peyrac.fr\/actualites\/\",\"name\":\"Peyrac Assurances\",\"description\":\"\",\"potentialAction\":[{\"@type\":\"SearchAction\",\"target\":\"https:\/\/www.peyrac.fr\/actualites\/?s={search_term_string}\",\"query-input\":\"required name=search_term_string\"}],\"inLanguage\":\"fr-FR\"},{\"@type\":\"ImageObject\",\"@id\":\"http:\/\/www.peyrac.fr\/actualites\/le-retour-de-la-circulation-interfiles-prevu-pour-cet-ete\/#primaryimage\",\"inLanguage\":\"fr-FR\",\"url\":\"https:\/\/media.istockphoto.com\/photos\/traffic-jam-in-the-outskirt-of-paris-picture-id458954197?b=1&amp;k=6&amp;m=458954197&amp;s=170667a&amp;w=0&amp;h=z52-31TxQAO5u-2HBkH7VlOpj6QT3DOP7FCifsCzz2U=\"},{\"@type\":\"WebPage\",\"@id\":\"http:\/\/www.peyrac.fr\/actualites\/le-retour-de-la-circulation-interfiles-prevu-pour-cet-ete\/#webpage\",\"url\":\"http:\/\/www.peyrac.fr\/actualites\/le-retour-de-la-circulation-interfiles-prevu-pour-cet-ete\/\",\"name\":\"Le retour de la circulation interfiles pr\\u00e9vu pour cet \\u00e9t\\u00e9 - Actualit\\u00e9s\",\"isPartOf\":{\"@id\":\"https:\/\/www.peyrac.fr\/actualites\/#website\"},\"primaryImageOfPage\":{\"@id\":\"http:\/\/www.peyrac.fr\/actualites\/le-retour-de-la-circulation-interfiles-prevu-pour-cet-ete\/#primaryimage\"},\"datePublished\":\"2021-03-05T13:42:41+00:00\",\"dateModified\":\"2021-03-05T13:42:42+00:00\",\"author\":{\"@id\":\"https:\/\/www.peyrac.fr\/actualites\/#\/schema\/person\/162ff8dc4aeb790d0bf315f75b32f724\"},\"breadcrumb\":{\"@id\":\"http:\/\/www.peyrac.fr\/actualites\/le-retour-de-la-circulation-interfiles-prevu-pour-cet-ete\/#breadcrumb\"},\"inLanguage\":\"fr-FR\",\"potentialAction\":[{\"@type\":\"ReadAction\",\"target\":[\"http:\/\/www.peyrac.fr\/actualites\/le-retour-de-la-circulation-interfiles-prevu-pour-cet-ete\/\"]}]},{\"@type\":\"BreadcrumbList\",\"@id\":\"http:\/\/www.peyrac.fr\/actualites\/le-retour-de-la-circulation-interfiles-prevu-pour-cet-ete\/#breadcrumb\",\"itemListElement\":[{\"@type\":\"ListItem\",\"position\":1,\"item\":{\"@type\":\"WebPage\",\"@id\":\"https:\/\/www.peyrac.fr\/actualites\/\",\"url\":\"https:\/\/www.peyrac.fr\/actualites\/\",\"name\":\"Accueil des actualit\\u00e9s\"}},{\"@type\":\"ListItem\",\"position\":2,\"item\":{\"@type\":\"WebPage\",\"@id\":\"https:\/\/www.peyrac.fr\/actualites\/category\/non-classe\/\",\"url\":\"https:\/\/www.peyrac.fr\/actualites\/category\/non-classe\/\",\"name\":\"Non class\\u00e9\"}},{\"@type\":\"ListItem\",\"position\":3,\"item\":{\"@type\":\"WebPage\",\"@id\":\"http:\/\/www.peyrac.fr\/actualites\/le-retour-de-la-circulation-interfiles-prevu-pour-cet-ete\/\",\"url\":\"http:\/\/www.peyrac.fr\/actualites\/le-retour-de-la-circulation-interfiles-prevu-pour-cet-ete\/\",\"name\":\"Le retour de la circulation interfiles pr\\u00e9vu pour cet \\u00e9t\\u00e9\"}}]},{\"@type\":[\"Person\"],\"@id\":\"https:\/\/www.peyrac.fr\/actualites\/#\/schema\/person\/162ff8dc4aeb790d0bf315f75b32f724\",\"name\":\"M B\",\"image\":{\"@type\":\"ImageObject\",\"@id\":\"https:\/\/www.peyrac.fr\/actualites\/#personlogo\",\"inLanguage\":\"fr-FR\",\"url\":\"https:\/\/secure.gravatar.com\/avatar\/7095438c901b5d50da8fb9a6f5680d8c?s=96&d=mm&r=g\",\"caption\":\"M B\"}}]}<\/script>\n<!-- \/ Yoast SEO plugin. -->","jetpack_sharing_enabled":true,"jetpack_shortlink":"https:\/\/wp.me\/p9FV2m-dN","jetpack_likes_enabled":true,"jetpack-related-posts":[],"_links":{"self":[{"href":"https:\/\/www.peyrac.fr\/actualites\/wp-json\/wp\/v2\/posts\/855"}],"collection":[{"href":"https:\/\/www.peyrac.fr\/actualites\/wp-json\/wp\/v2\/posts"}],"about":[{"href":"https:\/\/www.peyrac.fr\/actualites\/wp-json\/wp\/v2\/types\/post"}],"author":[{"embeddable":true,"href":"https:\/\/www.peyrac.fr\/actualites\/wp-json\/wp\/v2\/users\/4"}],"replies":[{"embeddable":true,"href":"https:\/\/www.peyrac.fr\/actualites\/wp-json\/wp\/v2\/comments?post=855"}],"version-history":[{"count":5,"href":"https:\/\/www.peyrac.fr\/actualites\/wp-json\/wp\/v2\/posts\/855\/revisions"}],"predecessor-version":[{"id":862,"href":"https:\/\/www.peyrac.fr\/actualites\/wp-json\/wp\/v2\/posts\/855\/revisions\/862"}],"wp:attachment":[{"href":"https:\/\/www.peyrac.fr\/actualites\/wp-json\/wp\/v2\/media?parent=855"}],"wp:term":[{"taxonomy":"category","embeddable":true,"href":"https:\/\/www.peyrac.fr\/actualites\/wp-json\/wp\/v2\/categories?post=855"},{"taxonomy":"post_tag","embeddable":true,"href":"https:\/\/www.peyrac.fr\/actualites\/wp-json\/wp\/v2\/tags?post=855"}],"curies":[{"name":"wp","href":"https:\/\/api.w.org\/{rel}","templated":true}]}}