{"id":896,"date":"2021-04-16T12:57:11","date_gmt":"2021-04-16T10:57:11","guid":{"rendered":"http:\/\/www.peyrac.fr\/actualites\/?p=896"},"modified":"2021-04-16T12:57:11","modified_gmt":"2021-04-16T10:57:11","slug":"le-controle-technique-moto-bientot-obligatoire-en-tout-cas-pas-pour-2022","status":"publish","type":"post","link":"https:\/\/www.peyrac.fr\/actualites\/le-controle-technique-moto-bientot-obligatoire-en-tout-cas-pas-pour-2022\/","title":{"rendered":"Le contr\u00f4le technique moto bient\u00f4t obligatoire ? En tout cas pas pour 2022"},"content":{"rendered":"\n<figure class=\"wp-block-gallery aligncenter columns-1 is-cropped\"><ul data-carousel-extra='{\"blog_id\":1,\"permalink\":\"https:\\\/\\\/www.peyrac.fr\\\/actualites\\\/le-controle-technique-moto-bientot-obligatoire-en-tout-cas-pas-pour-2022\\\/\"}' class=\"blocks-gallery-grid\"><li class=\"blocks-gallery-item\"><figure><img data-attachment-id=\"898\" data-permalink=\"https:\/\/www.peyrac.fr\/actualites\/le-controle-technique-moto-bientot-obligatoire-en-tout-cas-pas-pour-2022\/affiche-manifestation-controle-technique-ffmc-deefb\/\" data-orig-file=\"https:\/\/i1.wp.com\/www.peyrac.fr\/actualites\/wp-content\/uploads\/2021\/04\/affiche-manifestation-controle-technique-ffmc-deefb.jpg?fit=900%2C450&amp;ssl=1\" data-orig-size=\"900,450\" data-comments-opened=\"1\" data-image-meta=\"{&quot;aperture&quot;:&quot;0&quot;,&quot;credit&quot;:&quot;&quot;,&quot;camera&quot;:&quot;&quot;,&quot;caption&quot;:&quot;&quot;,&quot;created_timestamp&quot;:&quot;0&quot;,&quot;copyright&quot;:&quot;&quot;,&quot;focal_length&quot;:&quot;0&quot;,&quot;iso&quot;:&quot;0&quot;,&quot;shutter_speed&quot;:&quot;0&quot;,&quot;title&quot;:&quot;&quot;,&quot;orientation&quot;:&quot;1&quot;}\" data-image-title=\"affiche-manifestation-controle-technique-ffmc-deefb\" data-image-description=\"\" data-medium-file=\"https:\/\/i1.wp.com\/www.peyrac.fr\/actualites\/wp-content\/uploads\/2021\/04\/affiche-manifestation-controle-technique-ffmc-deefb.jpg?fit=300%2C150&amp;ssl=1\" data-large-file=\"https:\/\/i1.wp.com\/www.peyrac.fr\/actualites\/wp-content\/uploads\/2021\/04\/affiche-manifestation-controle-technique-ffmc-deefb.jpg?fit=640%2C320&amp;ssl=1\" loading=\"lazy\" width=\"640\" height=\"320\" src=\"https:\/\/i1.wp.com\/www.peyrac.fr\/actualites\/wp-content\/uploads\/2021\/04\/affiche-manifestation-controle-technique-ffmc-deefb.jpg?resize=640%2C320&#038;ssl=1\" alt=\"\" data-id=\"898\" data-full-url=\"https:\/\/i1.wp.com\/www.peyrac.fr\/actualites\/wp-content\/uploads\/2021\/04\/affiche-manifestation-controle-technique-ffmc-deefb.jpg?fit=900%2C450&amp;ssl=1\" data-link=\"https:\/\/www.peyrac.fr\/actualites\/?attachment_id=898\" class=\"wp-image-898\" srcset=\"https:\/\/i1.wp.com\/www.peyrac.fr\/actualites\/wp-content\/uploads\/2021\/04\/affiche-manifestation-controle-technique-ffmc-deefb.jpg?w=900&amp;ssl=1 900w, https:\/\/i1.wp.com\/www.peyrac.fr\/actualites\/wp-content\/uploads\/2021\/04\/affiche-manifestation-controle-technique-ffmc-deefb.jpg?resize=300%2C150&amp;ssl=1 300w, https:\/\/i1.wp.com\/www.peyrac.fr\/actualites\/wp-content\/uploads\/2021\/04\/affiche-manifestation-controle-technique-ffmc-deefb.jpg?resize=768%2C384&amp;ssl=1 768w, https:\/\/i1.wp.com\/www.peyrac.fr\/actualites\/wp-content\/uploads\/2021\/04\/affiche-manifestation-controle-technique-ffmc-deefb.jpg?resize=540%2C270&amp;ssl=1 540w\" sizes=\"(max-width: 640px) 100vw, 640px\" data-recalc-dims=\"1\" \/><\/figure><\/li><\/ul><\/figure>\n\n\n\n<p>En r\u00e9ponse aux vives contestations du week-end dernier, La F\u00e9d\u00e9ration Fran\u00e7aise des Motards en Col\u00e8re vient d\u2019annoncer \u00e0 l\u2019occasion d\u2019un communiqu\u00e9 de presse que le Minist\u00e8re des Transports a revu sa position concernant l\u2019application d\u2019un contr\u00f4le technique moto en 2022. Le sujet n\u2019a cependant pas \u00e9t\u00e9 totalement abandonn\u00e9 car le Minist\u00e8re souhaite d\u00e9sormais le remplac\u00e9 par un contr\u00f4le visuel de s\u00e9curit\u00e9, de bruit et de pollution. L&rsquo;id\u00e9e \u00e9tant d\u2019instaurer certaines v\u00e9rifications tout en d\u00e9rogeant au caract\u00e8re obligatoire impos\u00e9 par l\u2019Europe.<\/p>\n\n\n\n<p>La FFMC devra pour cela fournir aux instances Fran\u00e7aises un rapport d\u00e9taill\u00e9 des dispositions qu\u2019elle compte prendre en faveur de la s\u00e9curit\u00e9 routi\u00e8re et de la baisse de la sinistralit\u00e9. Ce rapport sera ensuite transmis au Conseil Europ\u00e9en pour justifier et appuyer leur requ\u00eate.<\/p>\n\n\n\n<p>L\u2019efficacit\u00e9 de ce nouveau dispositif reste incertaine pour le moment. On ignore encore si cette \u00e9volution du contr\u00f4le technique aura un r\u00e9el int\u00e9r\u00eat pour les motards qui pour l&rsquo;instant restent sur leurs positions : le contr\u00f4le technique obligatoire tous les 2 ans n&rsquo;est pas justifi\u00e9 et n&rsquo;aura surtout aucun impact sur l&rsquo;accidentalit\u00e9.<\/p>\n\n\n\n<p class=\"has-text-align-center\"><a rel=\"noreferrer noopener\" href=\"https:\/\/www.peyrac.fr\/devis-assurance-2roues\" target=\"_blank\">DEVIS ET SOUSCRIPTION EN LIGNE EN 2 MN<\/a><br><a rel=\"noreferrer noopener\" href=\"https:\/\/www.peyrac.fr\/devis-assurance-2roues\" target=\"_blank\">Cliquez sur l&rsquo;image ci-dessous<\/a><\/p>\n\n\n\n<div data-carousel-extra='{\"blog_id\":1,\"permalink\":\"https:\\\/\\\/www.peyrac.fr\\\/actualites\\\/le-controle-technique-moto-bientot-obligatoire-en-tout-cas-pas-pour-2022\\\/\"}' class=\"wp-block-image\"><figure class=\"aligncenter\"><a href=\"https:\/\/www.peyrac.fr\/devis-assurance-2roues\"><img src=\"https:\/\/i0.wp.com\/www.peyrac.fr\/img\/produits\/moto.png?w=640&#038;ssl=1\" alt=\"L\u2019attribut alt de cette image est vide, son nom de fichier est moto.png.\" data-recalc-dims=\"1\"\/><\/a><\/figure><\/div>\n\n\n\n<p><\/p>\n","protected":false},"excerpt":{"rendered":"<p>En r\u00e9ponse aux vives contestations du week-end dernier, La F\u00e9d\u00e9ration Fran\u00e7aise des Motards en Col\u00e8re vient d\u2019annoncer \u00e0 l\u2019occasion d\u2019un communiqu\u00e9 de presse que le Minist\u00e8re des Transports a revu sa position concernant l\u2019application d\u2019un contr\u00f4le technique moto en 2022. Le sujet n\u2019a cependant pas \u00e9t\u00e9 totalement abandonn\u00e9 car le Minist\u00e8re souhaite d\u00e9sormais le remplac\u00e9 par un contr\u00f4le visuel de s\u00e9curit\u00e9, de bruit et de pollution. L&rsquo;id\u00e9e \u00e9tant d\u2019instaurer certaines v\u00e9rifications tout en d\u00e9rogeant au caract\u00e8re obligatoire impos\u00e9 par l\u2019Europe&#8230;.<\/p>\n<p class=\"read-more\"><a class=\"btn btn-default\" href=\"https:\/\/www.peyrac.fr\/actualites\/le-controle-technique-moto-bientot-obligatoire-en-tout-cas-pas-pour-2022\/\">Lire la suite<span class=\"screen-reader-text\"> Lire la suite<\/span><\/a><\/p>\n","protected":false},"author":4,"featured_media":0,"comment_status":"open","ping_status":"open","sticky":false,"template":"","format":"standard","meta":{"spay_email":"","jetpack_publicize_message":""},"categories":[1],"tags":[],"jetpack_featured_media_url":"","jetpack_publicize_connections":[],"yoast_head":"<!-- This site is optimized with the Yoast SEO plugin v14.2 - https:\/\/yoast.com\/wordpress\/plugins\/seo\/ -->\n<title>Le contr\u00f4le technique moto bient\u00f4t obligatoire ? En tout cas pas pour 2022 - Actualit\u00e9s<\/title>\n<meta name=\"robots\" content=\"index, follow\" \/>\n<meta name=\"googlebot\" content=\"index, follow, max-snippet:-1, max-image-preview:large, max-video-preview:-1\" \/>\n<meta name=\"bingbot\" content=\"index, follow, max-snippet:-1, max-image-preview:large, max-video-preview:-1\" \/>\n<link rel=\"canonical\" href=\"http:\/\/www.peyrac.fr\/actualites\/le-controle-technique-moto-bientot-obligatoire-en-tout-cas-pas-pour-2022\/\" \/>\n<meta property=\"og:locale\" content=\"fr_FR\" \/>\n<meta property=\"og:type\" content=\"article\" \/>\n<meta property=\"og:title\" content=\"Le contr\u00f4le technique moto bient\u00f4t obligatoire ? En tout cas pas pour 2022 - Actualit\u00e9s\" \/>\n<meta property=\"og:description\" content=\"En r\u00e9ponse aux vives contestations du week-end dernier, La F\u00e9d\u00e9ration Fran\u00e7aise des Motards en Col\u00e8re vient d\u2019annoncer \u00e0 l\u2019occasion d\u2019un communiqu\u00e9 de presse que le Minist\u00e8re des Transports a revu sa position concernant l\u2019application d\u2019un contr\u00f4le technique moto en 2022. Le sujet n\u2019a cependant pas \u00e9t\u00e9 totalement abandonn\u00e9 car le Minist\u00e8re souhaite d\u00e9sormais le remplac\u00e9 par un contr\u00f4le visuel de s\u00e9curit\u00e9, de bruit et de pollution. L&rsquo;id\u00e9e \u00e9tant d\u2019instaurer certaines v\u00e9rifications tout en d\u00e9rogeant au caract\u00e8re obligatoire impos\u00e9 par l\u2019Europe....Lire la suite Lire la suite\" \/>\n<meta property=\"og:url\" content=\"http:\/\/www.peyrac.fr\/actualites\/le-controle-technique-moto-bientot-obligatoire-en-tout-cas-pas-pour-2022\/\" \/>\n<meta property=\"og:site_name\" content=\"Actualit\u00e9s\" \/>\n<meta property=\"article:publisher\" content=\"https:\/\/fr-fr.facebook.com\/pages\/category\/Insurance-Broker\/Peyrac-Assurances-785156224901716\/\" \/>\n<meta property=\"article:published_time\" content=\"2021-04-16T10:57:11+00:00\" \/>\n<meta property=\"og:image\" content=\"https:\/\/www.peyrac.fr\/actualites\/wp-content\/uploads\/2021\/04\/affiche-manifestation-controle-technique-ffmc-deefb.jpg\" \/>\n<meta name=\"twitter:card\" content=\"summary\" \/>\n<meta name=\"twitter:creator\" content=\"@PeyracAssurance\" \/>\n<meta name=\"twitter:site\" content=\"@PeyracAssurance\" \/>\n<script type=\"application\/ld+json\" class=\"yoast-schema-graph\">{\"@context\":\"https:\/\/schema.org\",\"@graph\":[{\"@type\":\"WebSite\",\"@id\":\"https:\/\/www.peyrac.fr\/actualites\/#website\",\"url\":\"https:\/\/www.peyrac.fr\/actualites\/\",\"name\":\"Peyrac Assurances\",\"description\":\"\",\"potentialAction\":[{\"@type\":\"SearchAction\",\"target\":\"https:\/\/www.peyrac.fr\/actualites\/?s={search_term_string}\",\"query-input\":\"required name=search_term_string\"}],\"inLanguage\":\"fr-FR\"},{\"@type\":\"ImageObject\",\"@id\":\"http:\/\/www.peyrac.fr\/actualites\/le-controle-technique-moto-bientot-obligatoire-en-tout-cas-pas-pour-2022\/#primaryimage\",\"inLanguage\":\"fr-FR\",\"url\":\"https:\/\/i1.wp.com\/www.peyrac.fr\/actualites\/wp-content\/uploads\/2021\/04\/affiche-manifestation-controle-technique-ffmc-deefb.jpg?fit=900%2C450&ssl=1\",\"width\":900,\"height\":450},{\"@type\":\"WebPage\",\"@id\":\"http:\/\/www.peyrac.fr\/actualites\/le-controle-technique-moto-bientot-obligatoire-en-tout-cas-pas-pour-2022\/#webpage\",\"url\":\"http:\/\/www.peyrac.fr\/actualites\/le-controle-technique-moto-bientot-obligatoire-en-tout-cas-pas-pour-2022\/\",\"name\":\"Le contr\\u00f4le technique moto bient\\u00f4t obligatoire ? En tout cas pas pour 2022 - Actualit\\u00e9s\",\"isPartOf\":{\"@id\":\"https:\/\/www.peyrac.fr\/actualites\/#website\"},\"primaryImageOfPage\":{\"@id\":\"http:\/\/www.peyrac.fr\/actualites\/le-controle-technique-moto-bientot-obligatoire-en-tout-cas-pas-pour-2022\/#primaryimage\"},\"datePublished\":\"2021-04-16T10:57:11+00:00\",\"dateModified\":\"2021-04-16T10:57:11+00:00\",\"author\":{\"@id\":\"https:\/\/www.peyrac.fr\/actualites\/#\/schema\/person\/162ff8dc4aeb790d0bf315f75b32f724\"},\"breadcrumb\":{\"@id\":\"http:\/\/www.peyrac.fr\/actualites\/le-controle-technique-moto-bientot-obligatoire-en-tout-cas-pas-pour-2022\/#breadcrumb\"},\"inLanguage\":\"fr-FR\",\"potentialAction\":[{\"@type\":\"ReadAction\",\"target\":[\"http:\/\/www.peyrac.fr\/actualites\/le-controle-technique-moto-bientot-obligatoire-en-tout-cas-pas-pour-2022\/\"]}]},{\"@type\":\"BreadcrumbList\",\"@id\":\"http:\/\/www.peyrac.fr\/actualites\/le-controle-technique-moto-bientot-obligatoire-en-tout-cas-pas-pour-2022\/#breadcrumb\",\"itemListElement\":[{\"@type\":\"ListItem\",\"position\":1,\"item\":{\"@type\":\"WebPage\",\"@id\":\"https:\/\/www.peyrac.fr\/actualites\/\",\"url\":\"https:\/\/www.peyrac.fr\/actualites\/\",\"name\":\"Accueil des actualit\\u00e9s\"}},{\"@type\":\"ListItem\",\"position\":2,\"item\":{\"@type\":\"WebPage\",\"@id\":\"https:\/\/www.peyrac.fr\/actualites\/category\/non-classe\/\",\"url\":\"https:\/\/www.peyrac.fr\/actualites\/category\/non-classe\/\",\"name\":\"Non class\\u00e9\"}},{\"@type\":\"ListItem\",\"position\":3,\"item\":{\"@type\":\"WebPage\",\"@id\":\"http:\/\/www.peyrac.fr\/actualites\/le-controle-technique-moto-bientot-obligatoire-en-tout-cas-pas-pour-2022\/\",\"url\":\"http:\/\/www.peyrac.fr\/actualites\/le-controle-technique-moto-bientot-obligatoire-en-tout-cas-pas-pour-2022\/\",\"name\":\"Le contr\\u00f4le technique moto bient\\u00f4t obligatoire ? En tout cas pas pour 2022\"}}]},{\"@type\":[\"Person\"],\"@id\":\"https:\/\/www.peyrac.fr\/actualites\/#\/schema\/person\/162ff8dc4aeb790d0bf315f75b32f724\",\"name\":\"M B\",\"image\":{\"@type\":\"ImageObject\",\"@id\":\"https:\/\/www.peyrac.fr\/actualites\/#personlogo\",\"inLanguage\":\"fr-FR\",\"url\":\"https:\/\/secure.gravatar.com\/avatar\/7095438c901b5d50da8fb9a6f5680d8c?s=96&d=mm&r=g\",\"caption\":\"M B\"}}]}<\/script>\n<!-- \/ Yoast SEO plugin. -->","jetpack_sharing_enabled":true,"jetpack_shortlink":"https:\/\/wp.me\/p9FV2m-es","jetpack_likes_enabled":true,"jetpack-related-posts":[],"_links":{"self":[{"href":"https:\/\/www.peyrac.fr\/actualites\/wp-json\/wp\/v2\/posts\/896"}],"collection":[{"href":"https:\/\/www.peyrac.fr\/actualites\/wp-json\/wp\/v2\/posts"}],"about":[{"href":"https:\/\/www.peyrac.fr\/actualites\/wp-json\/wp\/v2\/types\/post"}],"author":[{"embeddable":true,"href":"https:\/\/www.peyrac.fr\/actualites\/wp-json\/wp\/v2\/users\/4"}],"replies":[{"embeddable":true,"href":"https:\/\/www.peyrac.fr\/actualites\/wp-json\/wp\/v2\/comments?post=896"}],"version-history":[{"count":8,"href":"https:\/\/www.peyrac.fr\/actualites\/wp-json\/wp\/v2\/posts\/896\/revisions"}],"predecessor-version":[{"id":905,"href":"https:\/\/www.peyrac.fr\/actualites\/wp-json\/wp\/v2\/posts\/896\/revisions\/905"}],"wp:attachment":[{"href":"https:\/\/www.peyrac.fr\/actualites\/wp-json\/wp\/v2\/media?parent=896"}],"wp:term":[{"taxonomy":"category","embeddable":true,"href":"https:\/\/www.peyrac.fr\/actualites\/wp-json\/wp\/v2\/categories?post=896"},{"taxonomy":"post_tag","embeddable":true,"href":"https:\/\/www.peyrac.fr\/actualites\/wp-json\/wp\/v2\/tags?post=896"}],"curies":[{"name":"wp","href":"https:\/\/api.w.org\/{rel}","templated":true}]}}