{"id":906,"date":"2021-04-23T16:35:52","date_gmt":"2021-04-23T14:35:52","guid":{"rendered":"http:\/\/www.peyrac.fr\/actualites\/?p=906"},"modified":"2021-04-23T16:35:53","modified_gmt":"2021-04-23T14:35:53","slug":"le-seat-mo-escooter-bientot-en-concession","status":"publish","type":"post","link":"https:\/\/www.peyrac.fr\/actualites\/le-seat-mo-escooter-bientot-en-concession\/","title":{"rendered":"Le Seat M\u00f3 eScooter bient\u00f4t en concession"},"content":{"rendered":"\n<figure class=\"wp-block-gallery columns-1 is-cropped\"><ul data-carousel-extra='{\"blog_id\":1,\"permalink\":\"https:\\\/\\\/www.peyrac.fr\\\/actualites\\\/le-seat-mo-escooter-bientot-en-concession\\\/\"}' class=\"blocks-gallery-grid\"><li class=\"blocks-gallery-item\"><figure><img data-attachment-id=\"909\" data-permalink=\"https:\/\/www.peyrac.fr\/actualites\/le-seat-mo-escooter-bientot-en-concession\/seat-mo-scooter-electrique-essai-20\/\" data-orig-file=\"https:\/\/i0.wp.com\/www.peyrac.fr\/actualites\/wp-content\/uploads\/2021\/04\/seat-mo-scooter-electrique-essai-20.jpg?fit=1280%2C716&amp;ssl=1\" data-orig-size=\"1280,716\" data-comments-opened=\"1\" data-image-meta=\"{&quot;aperture&quot;:&quot;5&quot;,&quot;credit&quot;:&quot;&quot;,&quot;camera&quot;:&quot;NIKON D850&quot;,&quot;caption&quot;:&quot;&quot;,&quot;created_timestamp&quot;:&quot;1603023962&quot;,&quot;copyright&quot;:&quot;&quot;,&quot;focal_length&quot;:&quot;50&quot;,&quot;iso&quot;:&quot;200&quot;,&quot;shutter_speed&quot;:&quot;0.005&quot;,&quot;title&quot;:&quot;&quot;,&quot;orientation&quot;:&quot;1&quot;}\" data-image-title=\"seat-mo-scooter-electrique-essai-20\" data-image-description=\"\" data-medium-file=\"https:\/\/i0.wp.com\/www.peyrac.fr\/actualites\/wp-content\/uploads\/2021\/04\/seat-mo-scooter-electrique-essai-20.jpg?fit=300%2C168&amp;ssl=1\" data-large-file=\"https:\/\/i0.wp.com\/www.peyrac.fr\/actualites\/wp-content\/uploads\/2021\/04\/seat-mo-scooter-electrique-essai-20.jpg?fit=640%2C358&amp;ssl=1\" loading=\"lazy\" width=\"1280\" height=\"716\" src=\"https:\/\/i0.wp.com\/www.peyrac.fr\/actualites\/wp-content\/uploads\/2021\/04\/seat-mo-scooter-electrique-essai-20.jpg?fit=640%2C358&amp;ssl=1\" alt=\"\" data-id=\"909\" data-full-url=\"https:\/\/i0.wp.com\/www.peyrac.fr\/actualites\/wp-content\/uploads\/2021\/04\/seat-mo-scooter-electrique-essai-20.jpg?fit=1280%2C716&amp;ssl=1\" data-link=\"https:\/\/www.peyrac.fr\/actualites\/?attachment_id=909\" class=\"wp-image-909\" srcset=\"https:\/\/i0.wp.com\/www.peyrac.fr\/actualites\/wp-content\/uploads\/2021\/04\/seat-mo-scooter-electrique-essai-20.jpg?w=1280&amp;ssl=1 1280w, https:\/\/i0.wp.com\/www.peyrac.fr\/actualites\/wp-content\/uploads\/2021\/04\/seat-mo-scooter-electrique-essai-20.jpg?resize=300%2C168&amp;ssl=1 300w, https:\/\/i0.wp.com\/www.peyrac.fr\/actualites\/wp-content\/uploads\/2021\/04\/seat-mo-scooter-electrique-essai-20.jpg?resize=1024%2C573&amp;ssl=1 1024w, https:\/\/i0.wp.com\/www.peyrac.fr\/actualites\/wp-content\/uploads\/2021\/04\/seat-mo-scooter-electrique-essai-20.jpg?resize=768%2C430&amp;ssl=1 768w, https:\/\/i0.wp.com\/www.peyrac.fr\/actualites\/wp-content\/uploads\/2021\/04\/seat-mo-scooter-electrique-essai-20.jpg?resize=483%2C270&amp;ssl=1 483w\" sizes=\"(max-width: 640px) 100vw, 640px\" \/><\/figure><\/li><\/ul><\/figure>\n\n\n\n<p>Disponible sur le march\u00e9 espagnol depuis fin 2020, le M\u00f3 eScooter 125 fera son arriv\u00e9e en France en juin prochain. Le premier scooter \u00e9lectrique sign\u00e9 Seat est \u00e9quip\u00e9 d\u2019un moteur \u00e9lectrique de 7&nbsp;kW lui permettant d\u2019atteindre une puissance maximale de 95km\/h. Sa batterie lithium-ion amovible de 5,6&nbsp;kWh se recharge facilement sur prise standard et poss\u00e8de une autonomie d\u2019environ 135&nbsp;km. Le M\u00f3 dispose de trois modes de conduite (city, sport et \u00e9co) ainsi que d\u2019une marche arri\u00e8re pour simplifier les man\u0153uvres en ville. Gr\u00e2ce \u00e0 une application d\u00e9di\u00e9e, le conducteur peut localiser son v\u00e9hicule ou encore contr\u00f4ler \u00e0 distance son niveau batterie. Contrairement \u00e0 de nombreux scooters 125, il peut contenir deux casques sous la selle et dispose \u00e9galement de deux ports USB.<\/p>\n\n\n\n<p>Performant, pratique et compact, le M\u00f3 eScooter 125 est une parfaite alternative \u00e0 l\u2019automobile et il est surtout id\u00e9al pour des trajets p\u00e9ri-urbains. La seule ombre au tableau pourrait \u00eatre son prix. Affich\u00e9 \u00e0 6&nbsp;700&nbsp;\u20ac, il sera \u00e9galement accessible en location longue dur\u00e9e \u00e0 partir de 125&nbsp;\u20ac sous conditions. Le Seat M\u00f3 est peut \u00eatre plus cher que certains de ces concurrents mais en tant que v\u00e9hicule \u00e9lectrique, il est \u00e9ligible \u00e0 un bonus \u00e9cologique de 900\u20ac. Un argument de vente non n\u00e9gligeable qui en d\u00e9cidera sans doute quelques-uns \u00e0 sauter le pas.<\/p>\n\n\n\n<p class=\"has-text-align-center\"><a rel=\"noreferrer noopener\" href=\"https:\/\/www.peyrac.fr\/devis-assurance-2roues\" target=\"_blank\">DEVIS ET SOUSCRIPTION EN LIGNE EN 2 MN<\/a><br><a rel=\"noreferrer noopener\" href=\"https:\/\/www.peyrac.fr\/devis-assurance-2roues\" target=\"_blank\">Cliquez sur l&rsquo;image ci-dessous<\/a><\/p>\n\n\n\n<div data-carousel-extra='{\"blog_id\":1,\"permalink\":\"https:\\\/\\\/www.peyrac.fr\\\/actualites\\\/le-seat-mo-escooter-bientot-en-concession\\\/\"}' class=\"wp-block-image\"><figure class=\"aligncenter\"><a href=\"https:\/\/www.peyrac.fr\/devis-assurance-2roues\"><img src=\"https:\/\/i0.wp.com\/www.peyrac.fr\/img\/produits\/moto.png?w=640&#038;ssl=1\" alt=\"L\u2019attribut alt de cette image est vide, son nom de fichier est moto.png.\" data-recalc-dims=\"1\"\/><\/a><\/figure><\/div>\n","protected":false},"excerpt":{"rendered":"<p>Disponible sur le march\u00e9 espagnol depuis fin 2020, le M\u00f3 eScooter 125 fera son arriv\u00e9e en France en juin prochain. Le premier scooter \u00e9lectrique sign\u00e9 Seat est \u00e9quip\u00e9 d\u2019un moteur \u00e9lectrique de 7&nbsp;kW lui permettant d\u2019atteindre une puissance maximale de 95km\/h. Sa batterie lithium-ion amovible de 5,6&nbsp;kWh se recharge facilement sur prise standard et poss\u00e8de une autonomie d\u2019environ 135&nbsp;km. Le M\u00f3 dispose de trois modes de conduite (city, sport et \u00e9co) ainsi que d\u2019une marche arri\u00e8re pour simplifier les man\u0153uvres&#8230;<\/p>\n<p class=\"read-more\"><a class=\"btn btn-default\" href=\"https:\/\/www.peyrac.fr\/actualites\/le-seat-mo-escooter-bientot-en-concession\/\">Lire la suite<span class=\"screen-reader-text\"> Lire la suite<\/span><\/a><\/p>\n","protected":false},"author":4,"featured_media":0,"comment_status":"open","ping_status":"open","sticky":false,"template":"","format":"standard","meta":{"spay_email":"","jetpack_publicize_message":""},"categories":[1],"tags":[],"jetpack_featured_media_url":"","jetpack_publicize_connections":[],"yoast_head":"<!-- This site is optimized with the Yoast SEO plugin v14.2 - https:\/\/yoast.com\/wordpress\/plugins\/seo\/ -->\n<title>Le Seat M\u00f3 eScooter bient\u00f4t en concession - Actualit\u00e9s<\/title>\n<meta name=\"robots\" content=\"index, follow\" \/>\n<meta name=\"googlebot\" content=\"index, follow, max-snippet:-1, max-image-preview:large, max-video-preview:-1\" \/>\n<meta name=\"bingbot\" content=\"index, follow, max-snippet:-1, max-image-preview:large, max-video-preview:-1\" \/>\n<link rel=\"canonical\" href=\"http:\/\/www.peyrac.fr\/actualites\/le-seat-mo-escooter-bientot-en-concession\/\" \/>\n<meta property=\"og:locale\" content=\"fr_FR\" \/>\n<meta property=\"og:type\" content=\"article\" \/>\n<meta property=\"og:title\" content=\"Le Seat M\u00f3 eScooter bient\u00f4t en concession - Actualit\u00e9s\" \/>\n<meta property=\"og:description\" content=\"Disponible sur le march\u00e9 espagnol depuis fin 2020, le M\u00f3 eScooter 125 fera son arriv\u00e9e en France en juin prochain. Le premier scooter \u00e9lectrique sign\u00e9 Seat est \u00e9quip\u00e9 d\u2019un moteur \u00e9lectrique de 7&nbsp;kW lui permettant d\u2019atteindre une puissance maximale de 95km\/h. Sa batterie lithium-ion amovible de 5,6&nbsp;kWh se recharge facilement sur prise standard et poss\u00e8de une autonomie d\u2019environ 135&nbsp;km. Le M\u00f3 dispose de trois modes de conduite (city, sport et \u00e9co) ainsi que d\u2019une marche arri\u00e8re pour simplifier les man\u0153uvres...Lire la suite Lire la suite\" \/>\n<meta property=\"og:url\" content=\"http:\/\/www.peyrac.fr\/actualites\/le-seat-mo-escooter-bientot-en-concession\/\" \/>\n<meta property=\"og:site_name\" content=\"Actualit\u00e9s\" \/>\n<meta property=\"article:publisher\" content=\"https:\/\/fr-fr.facebook.com\/pages\/category\/Insurance-Broker\/Peyrac-Assurances-785156224901716\/\" \/>\n<meta property=\"article:published_time\" content=\"2021-04-23T14:35:52+00:00\" \/>\n<meta property=\"article:modified_time\" content=\"2021-04-23T14:35:53+00:00\" \/>\n<meta property=\"og:image\" content=\"https:\/\/i0.wp.com\/www.peyrac.fr\/actualites\/wp-content\/uploads\/2021\/04\/seat-mo-scooter-electrique-essai-20.jpg?fit=640%2C358&#038;ssl=1\" \/>\n<meta name=\"twitter:card\" content=\"summary\" \/>\n<meta name=\"twitter:creator\" content=\"@PeyracAssurance\" \/>\n<meta name=\"twitter:site\" content=\"@PeyracAssurance\" \/>\n<script type=\"application\/ld+json\" class=\"yoast-schema-graph\">{\"@context\":\"https:\/\/schema.org\",\"@graph\":[{\"@type\":\"WebSite\",\"@id\":\"https:\/\/www.peyrac.fr\/actualites\/#website\",\"url\":\"https:\/\/www.peyrac.fr\/actualites\/\",\"name\":\"Peyrac Assurances\",\"description\":\"\",\"potentialAction\":[{\"@type\":\"SearchAction\",\"target\":\"https:\/\/www.peyrac.fr\/actualites\/?s={search_term_string}\",\"query-input\":\"required name=search_term_string\"}],\"inLanguage\":\"fr-FR\"},{\"@type\":\"ImageObject\",\"@id\":\"http:\/\/www.peyrac.fr\/actualites\/le-seat-mo-escooter-bientot-en-concession\/#primaryimage\",\"inLanguage\":\"fr-FR\",\"url\":\"https:\/\/i0.wp.com\/www.peyrac.fr\/actualites\/wp-content\/uploads\/2021\/04\/seat-mo-scooter-electrique-essai-20.jpg?fit=640%2C358&amp;ssl=1\"},{\"@type\":\"WebPage\",\"@id\":\"http:\/\/www.peyrac.fr\/actualites\/le-seat-mo-escooter-bientot-en-concession\/#webpage\",\"url\":\"http:\/\/www.peyrac.fr\/actualites\/le-seat-mo-escooter-bientot-en-concession\/\",\"name\":\"Le Seat M\\u00f3 eScooter bient\\u00f4t en concession - Actualit\\u00e9s\",\"isPartOf\":{\"@id\":\"https:\/\/www.peyrac.fr\/actualites\/#website\"},\"primaryImageOfPage\":{\"@id\":\"http:\/\/www.peyrac.fr\/actualites\/le-seat-mo-escooter-bientot-en-concession\/#primaryimage\"},\"datePublished\":\"2021-04-23T14:35:52+00:00\",\"dateModified\":\"2021-04-23T14:35:53+00:00\",\"author\":{\"@id\":\"https:\/\/www.peyrac.fr\/actualites\/#\/schema\/person\/162ff8dc4aeb790d0bf315f75b32f724\"},\"breadcrumb\":{\"@id\":\"http:\/\/www.peyrac.fr\/actualites\/le-seat-mo-escooter-bientot-en-concession\/#breadcrumb\"},\"inLanguage\":\"fr-FR\",\"potentialAction\":[{\"@type\":\"ReadAction\",\"target\":[\"http:\/\/www.peyrac.fr\/actualites\/le-seat-mo-escooter-bientot-en-concession\/\"]}]},{\"@type\":\"BreadcrumbList\",\"@id\":\"http:\/\/www.peyrac.fr\/actualites\/le-seat-mo-escooter-bientot-en-concession\/#breadcrumb\",\"itemListElement\":[{\"@type\":\"ListItem\",\"position\":1,\"item\":{\"@type\":\"WebPage\",\"@id\":\"https:\/\/www.peyrac.fr\/actualites\/\",\"url\":\"https:\/\/www.peyrac.fr\/actualites\/\",\"name\":\"Accueil des actualit\\u00e9s\"}},{\"@type\":\"ListItem\",\"position\":2,\"item\":{\"@type\":\"WebPage\",\"@id\":\"https:\/\/www.peyrac.fr\/actualites\/category\/non-classe\/\",\"url\":\"https:\/\/www.peyrac.fr\/actualites\/category\/non-classe\/\",\"name\":\"Non class\\u00e9\"}},{\"@type\":\"ListItem\",\"position\":3,\"item\":{\"@type\":\"WebPage\",\"@id\":\"http:\/\/www.peyrac.fr\/actualites\/le-seat-mo-escooter-bientot-en-concession\/\",\"url\":\"http:\/\/www.peyrac.fr\/actualites\/le-seat-mo-escooter-bientot-en-concession\/\",\"name\":\"Le Seat M\\u00f3 eScooter bient\\u00f4t en concession\"}}]},{\"@type\":[\"Person\"],\"@id\":\"https:\/\/www.peyrac.fr\/actualites\/#\/schema\/person\/162ff8dc4aeb790d0bf315f75b32f724\",\"name\":\"M B\",\"image\":{\"@type\":\"ImageObject\",\"@id\":\"https:\/\/www.peyrac.fr\/actualites\/#personlogo\",\"inLanguage\":\"fr-FR\",\"url\":\"https:\/\/secure.gravatar.com\/avatar\/7095438c901b5d50da8fb9a6f5680d8c?s=96&d=mm&r=g\",\"caption\":\"M B\"}}]}<\/script>\n<!-- \/ Yoast SEO plugin. -->","jetpack_sharing_enabled":true,"jetpack_shortlink":"https:\/\/wp.me\/p9FV2m-eC","jetpack_likes_enabled":true,"jetpack-related-posts":[],"_links":{"self":[{"href":"https:\/\/www.peyrac.fr\/actualites\/wp-json\/wp\/v2\/posts\/906"}],"collection":[{"href":"https:\/\/www.peyrac.fr\/actualites\/wp-json\/wp\/v2\/posts"}],"about":[{"href":"https:\/\/www.peyrac.fr\/actualites\/wp-json\/wp\/v2\/types\/post"}],"author":[{"embeddable":true,"href":"https:\/\/www.peyrac.fr\/actualites\/wp-json\/wp\/v2\/users\/4"}],"replies":[{"embeddable":true,"href":"https:\/\/www.peyrac.fr\/actualites\/wp-json\/wp\/v2\/comments?post=906"}],"version-history":[{"count":7,"href":"https:\/\/www.peyrac.fr\/actualites\/wp-json\/wp\/v2\/posts\/906\/revisions"}],"predecessor-version":[{"id":915,"href":"https:\/\/www.peyrac.fr\/actualites\/wp-json\/wp\/v2\/posts\/906\/revisions\/915"}],"wp:attachment":[{"href":"https:\/\/www.peyrac.fr\/actualites\/wp-json\/wp\/v2\/media?parent=906"}],"wp:term":[{"taxonomy":"category","embeddable":true,"href":"https:\/\/www.peyrac.fr\/actualites\/wp-json\/wp\/v2\/categories?post=906"},{"taxonomy":"post_tag","embeddable":true,"href":"https:\/\/www.peyrac.fr\/actualites\/wp-json\/wp\/v2\/tags?post=906"}],"curies":[{"name":"wp","href":"https:\/\/api.w.org\/{rel}","templated":true}]}}