{"id":916,"date":"2021-05-07T10:32:07","date_gmt":"2021-05-07T08:32:07","guid":{"rendered":"http:\/\/www.peyrac.fr\/actualites\/?p=916"},"modified":"2021-05-07T10:32:08","modified_gmt":"2021-05-07T08:32:08","slug":"liconique-vespa-fete-ses-75-ans","status":"publish","type":"post","link":"https:\/\/www.peyrac.fr\/actualites\/liconique-vespa-fete-ses-75-ans\/","title":{"rendered":"L&rsquo;iconique Vespa f\u00eate ses 75 ans"},"content":{"rendered":"\n<figure class=\"wp-block-gallery aligncenter columns-1 is-cropped\"><ul data-carousel-extra='{\"blog_id\":1,\"permalink\":\"https:\\\/\\\/www.peyrac.fr\\\/actualites\\\/liconique-vespa-fete-ses-75-ans\\\/\"}' class=\"blocks-gallery-grid\"><li class=\"blocks-gallery-item\"><figure><img data-attachment-id=\"924\" data-permalink=\"https:\/\/www.peyrac.fr\/actualites\/liconique-vespa-fete-ses-75-ans\/vespa-1\/\" data-orig-file=\"https:\/\/i2.wp.com\/www.peyrac.fr\/actualites\/wp-content\/uploads\/2021\/05\/vespa-1.png?fit=1000%2C562&amp;ssl=1\" data-orig-size=\"1000,562\" data-comments-opened=\"1\" data-image-meta=\"{&quot;aperture&quot;:&quot;0&quot;,&quot;credit&quot;:&quot;&quot;,&quot;camera&quot;:&quot;&quot;,&quot;caption&quot;:&quot;&quot;,&quot;created_timestamp&quot;:&quot;0&quot;,&quot;copyright&quot;:&quot;&quot;,&quot;focal_length&quot;:&quot;0&quot;,&quot;iso&quot;:&quot;0&quot;,&quot;shutter_speed&quot;:&quot;0&quot;,&quot;title&quot;:&quot;&quot;,&quot;orientation&quot;:&quot;0&quot;}\" data-image-title=\"vespa-1\" data-image-description=\"\" data-medium-file=\"https:\/\/i2.wp.com\/www.peyrac.fr\/actualites\/wp-content\/uploads\/2021\/05\/vespa-1.png?fit=300%2C169&amp;ssl=1\" data-large-file=\"https:\/\/i2.wp.com\/www.peyrac.fr\/actualites\/wp-content\/uploads\/2021\/05\/vespa-1.png?fit=640%2C360&amp;ssl=1\" loading=\"lazy\" width=\"640\" height=\"360\" src=\"https:\/\/i2.wp.com\/www.peyrac.fr\/actualites\/wp-content\/uploads\/2021\/05\/vespa-1.png?resize=640%2C360&#038;ssl=1\" alt=\"\" data-id=\"924\" data-full-url=\"https:\/\/i2.wp.com\/www.peyrac.fr\/actualites\/wp-content\/uploads\/2021\/05\/vespa-1.png?fit=1000%2C562&amp;ssl=1\" data-link=\"https:\/\/www.peyrac.fr\/actualites\/?attachment_id=924\" class=\"wp-image-924\" srcset=\"https:\/\/i2.wp.com\/www.peyrac.fr\/actualites\/wp-content\/uploads\/2021\/05\/vespa-1.png?w=1000&amp;ssl=1 1000w, https:\/\/i2.wp.com\/www.peyrac.fr\/actualites\/wp-content\/uploads\/2021\/05\/vespa-1.png?resize=300%2C169&amp;ssl=1 300w, https:\/\/i2.wp.com\/www.peyrac.fr\/actualites\/wp-content\/uploads\/2021\/05\/vespa-1.png?resize=768%2C432&amp;ssl=1 768w, https:\/\/i2.wp.com\/www.peyrac.fr\/actualites\/wp-content\/uploads\/2021\/05\/vespa-1.png?resize=480%2C270&amp;ssl=1 480w\" sizes=\"(max-width: 640px) 100vw, 640px\" data-recalc-dims=\"1\" \/><\/figure><\/li><\/ul><\/figure>\n\n\n\n<p>2021 sera certainement embl\u00e9matique pour Piaggio car la marque c\u00e9l\u00e8bre cette ann\u00e9e le 75<sup>\u00e8me<\/sup> anniversaire de son iconique Vespa. C\u2019est pour cette occasion que des \u00e9ditions sp\u00e9ciales seront mises en vente jusqu\u2019\u00e0 fin 2021 pour les mod\u00e8les Primavera 50 et 125 ainsi que les GST Supertech 125 et 300.<\/p>\n\n\n\n<p>La Vespa est apparue en 1946 et est devenue avec le temps un mod\u00e8le incontournable voir intemporel, si bien que Vespa est d\u00e9sormais une entit\u00e9 \u00e0 part enti\u00e8re de la marque. Si l\u2019on en croit le constructeur italien, environ 19&nbsp;millions de Vespa ont \u00e9t\u00e9 commercialis\u00e9es dans le monde depuis sa mise en circulation.<\/p>\n\n\n\n<p>C\u2019est donc dans une optique symbolique que Piaggio a d\u00e9cid\u00e9 de commercialiser ces \u00e9ditions anniversaires. Elles se d\u00e9marquent principalement par leur coloris jaune m\u00e9tallis\u00e9 et par le num\u00e9ro&nbsp;75 qu\u2019on retrouve sur les habillages lat\u00e9raux et le garde boue. Le porte-bagage se distingue \u00e9galement par une sacoche ronde qui rappelle la forme des anciens caches de roues de secours.<\/p>\n\n\n\n<p>Les Vespa \u00e9ditions sp\u00e9ciales 75\u00e8me anniversaire seront disponibles jusqu\u2019\u00e0 fin 2021 uniquement. Il faudra compter 3\u2009899\u20ac pour la Primavera 50 et 5499\u20ac pour la version 125. La Vespa GTS 125 Supertech sera affich\u00e9e \u00e0          6\u2009299\u20ac et enfin il faudra pr\u00e9voir 6\u2009649\u20ac pour la GTS 300 Supertech.<\/p>\n\n\n\n<p class=\"has-text-align-center\"><a rel=\"noreferrer noopener\" href=\"https:\/\/www.peyrac.fr\/devis-assurance-2roues\" target=\"_blank\">DEVIS ET SOUSCRIPTION EN LIGNE EN 2 MN<\/a><br><a rel=\"noreferrer noopener\" href=\"https:\/\/www.peyrac.fr\/devis-assurance-2roues\" target=\"_blank\">Cliquez sur l&rsquo;image ci-dessous<\/a><\/p>\n\n\n\n<div data-carousel-extra='{\"blog_id\":1,\"permalink\":\"https:\\\/\\\/www.peyrac.fr\\\/actualites\\\/liconique-vespa-fete-ses-75-ans\\\/\"}' class=\"wp-block-image\"><figure class=\"aligncenter\"><a href=\"https:\/\/www.peyrac.fr\/devis-assurance-2roues\"><img src=\"https:\/\/i0.wp.com\/www.peyrac.fr\/img\/produits\/moto.png?w=640&#038;ssl=1\" alt=\"L\u2019attribut alt de cette image est vide, son nom de fichier est moto.png.\" data-recalc-dims=\"1\"\/><\/a><\/figure><\/div>\n\n\n\n<p><\/p>\n","protected":false},"excerpt":{"rendered":"<p>2021 sera certainement embl\u00e9matique pour Piaggio car la marque c\u00e9l\u00e8bre cette ann\u00e9e le 75\u00e8me anniversaire de son iconique Vespa. C\u2019est pour cette occasion que des \u00e9ditions sp\u00e9ciales seront mises en vente jusqu\u2019\u00e0 fin 2021 pour les mod\u00e8les Primavera 50 et 125 ainsi que les GST Supertech 125 et 300. La Vespa est apparue en 1946 et est devenue avec le temps un mod\u00e8le incontournable voir intemporel, si bien que Vespa est d\u00e9sormais une entit\u00e9 \u00e0 part enti\u00e8re de la marque&#8230;.<\/p>\n<p class=\"read-more\"><a class=\"btn btn-default\" href=\"https:\/\/www.peyrac.fr\/actualites\/liconique-vespa-fete-ses-75-ans\/\">Lire la suite<span class=\"screen-reader-text\"> Lire la suite<\/span><\/a><\/p>\n","protected":false},"author":4,"featured_media":0,"comment_status":"open","ping_status":"open","sticky":false,"template":"","format":"standard","meta":{"spay_email":"","jetpack_publicize_message":""},"categories":[1],"tags":[],"jetpack_featured_media_url":"","jetpack_publicize_connections":[],"yoast_head":"<!-- This site is optimized with the Yoast SEO plugin v14.2 - https:\/\/yoast.com\/wordpress\/plugins\/seo\/ -->\n<title>L&#039;iconique Vespa f\u00eate ses 75 ans - Actualit\u00e9s<\/title>\n<meta name=\"robots\" content=\"index, follow\" \/>\n<meta name=\"googlebot\" content=\"index, follow, max-snippet:-1, max-image-preview:large, max-video-preview:-1\" \/>\n<meta name=\"bingbot\" content=\"index, follow, max-snippet:-1, max-image-preview:large, max-video-preview:-1\" \/>\n<link rel=\"canonical\" href=\"http:\/\/www.peyrac.fr\/actualites\/liconique-vespa-fete-ses-75-ans\/\" \/>\n<meta property=\"og:locale\" content=\"fr_FR\" \/>\n<meta property=\"og:type\" content=\"article\" \/>\n<meta property=\"og:title\" content=\"L&#039;iconique Vespa f\u00eate ses 75 ans - Actualit\u00e9s\" \/>\n<meta property=\"og:description\" content=\"2021 sera certainement embl\u00e9matique pour Piaggio car la marque c\u00e9l\u00e8bre cette ann\u00e9e le 75\u00e8me anniversaire de son iconique Vespa. C\u2019est pour cette occasion que des \u00e9ditions sp\u00e9ciales seront mises en vente jusqu\u2019\u00e0 fin 2021 pour les mod\u00e8les Primavera 50 et 125 ainsi que les GST Supertech 125 et 300. La Vespa est apparue en 1946 et est devenue avec le temps un mod\u00e8le incontournable voir intemporel, si bien que Vespa est d\u00e9sormais une entit\u00e9 \u00e0 part enti\u00e8re de la marque....Lire la suite Lire la suite\" \/>\n<meta property=\"og:url\" content=\"http:\/\/www.peyrac.fr\/actualites\/liconique-vespa-fete-ses-75-ans\/\" \/>\n<meta property=\"og:site_name\" content=\"Actualit\u00e9s\" \/>\n<meta property=\"article:publisher\" content=\"https:\/\/fr-fr.facebook.com\/pages\/category\/Insurance-Broker\/Peyrac-Assurances-785156224901716\/\" \/>\n<meta property=\"article:published_time\" content=\"2021-05-07T08:32:07+00:00\" \/>\n<meta property=\"article:modified_time\" content=\"2021-05-07T08:32:08+00:00\" \/>\n<meta property=\"og:image\" content=\"https:\/\/www.peyrac.fr\/actualites\/wp-content\/uploads\/2021\/05\/vespa-1.png\" \/>\n<meta name=\"twitter:card\" content=\"summary\" \/>\n<meta name=\"twitter:creator\" content=\"@PeyracAssurance\" \/>\n<meta name=\"twitter:site\" content=\"@PeyracAssurance\" \/>\n<script type=\"application\/ld+json\" class=\"yoast-schema-graph\">{\"@context\":\"https:\/\/schema.org\",\"@graph\":[{\"@type\":\"WebSite\",\"@id\":\"https:\/\/www.peyrac.fr\/actualites\/#website\",\"url\":\"https:\/\/www.peyrac.fr\/actualites\/\",\"name\":\"Peyrac Assurances\",\"description\":\"\",\"potentialAction\":[{\"@type\":\"SearchAction\",\"target\":\"https:\/\/www.peyrac.fr\/actualites\/?s={search_term_string}\",\"query-input\":\"required name=search_term_string\"}],\"inLanguage\":\"fr-FR\"},{\"@type\":\"ImageObject\",\"@id\":\"http:\/\/www.peyrac.fr\/actualites\/liconique-vespa-fete-ses-75-ans\/#primaryimage\",\"inLanguage\":\"fr-FR\",\"url\":\"https:\/\/i2.wp.com\/www.peyrac.fr\/actualites\/wp-content\/uploads\/2021\/05\/vespa-1.png?fit=1000%2C562&ssl=1\",\"width\":1000,\"height\":562},{\"@type\":\"WebPage\",\"@id\":\"http:\/\/www.peyrac.fr\/actualites\/liconique-vespa-fete-ses-75-ans\/#webpage\",\"url\":\"http:\/\/www.peyrac.fr\/actualites\/liconique-vespa-fete-ses-75-ans\/\",\"name\":\"L'iconique Vespa f\\u00eate ses 75 ans - Actualit\\u00e9s\",\"isPartOf\":{\"@id\":\"https:\/\/www.peyrac.fr\/actualites\/#website\"},\"primaryImageOfPage\":{\"@id\":\"http:\/\/www.peyrac.fr\/actualites\/liconique-vespa-fete-ses-75-ans\/#primaryimage\"},\"datePublished\":\"2021-05-07T08:32:07+00:00\",\"dateModified\":\"2021-05-07T08:32:08+00:00\",\"author\":{\"@id\":\"https:\/\/www.peyrac.fr\/actualites\/#\/schema\/person\/162ff8dc4aeb790d0bf315f75b32f724\"},\"breadcrumb\":{\"@id\":\"http:\/\/www.peyrac.fr\/actualites\/liconique-vespa-fete-ses-75-ans\/#breadcrumb\"},\"inLanguage\":\"fr-FR\",\"potentialAction\":[{\"@type\":\"ReadAction\",\"target\":[\"http:\/\/www.peyrac.fr\/actualites\/liconique-vespa-fete-ses-75-ans\/\"]}]},{\"@type\":\"BreadcrumbList\",\"@id\":\"http:\/\/www.peyrac.fr\/actualites\/liconique-vespa-fete-ses-75-ans\/#breadcrumb\",\"itemListElement\":[{\"@type\":\"ListItem\",\"position\":1,\"item\":{\"@type\":\"WebPage\",\"@id\":\"https:\/\/www.peyrac.fr\/actualites\/\",\"url\":\"https:\/\/www.peyrac.fr\/actualites\/\",\"name\":\"Accueil des actualit\\u00e9s\"}},{\"@type\":\"ListItem\",\"position\":2,\"item\":{\"@type\":\"WebPage\",\"@id\":\"https:\/\/www.peyrac.fr\/actualites\/category\/non-classe\/\",\"url\":\"https:\/\/www.peyrac.fr\/actualites\/category\/non-classe\/\",\"name\":\"Non class\\u00e9\"}},{\"@type\":\"ListItem\",\"position\":3,\"item\":{\"@type\":\"WebPage\",\"@id\":\"http:\/\/www.peyrac.fr\/actualites\/liconique-vespa-fete-ses-75-ans\/\",\"url\":\"http:\/\/www.peyrac.fr\/actualites\/liconique-vespa-fete-ses-75-ans\/\",\"name\":\"L&rsquo;iconique Vespa f\\u00eate ses 75 ans\"}}]},{\"@type\":[\"Person\"],\"@id\":\"https:\/\/www.peyrac.fr\/actualites\/#\/schema\/person\/162ff8dc4aeb790d0bf315f75b32f724\",\"name\":\"M B\",\"image\":{\"@type\":\"ImageObject\",\"@id\":\"https:\/\/www.peyrac.fr\/actualites\/#personlogo\",\"inLanguage\":\"fr-FR\",\"url\":\"https:\/\/secure.gravatar.com\/avatar\/7095438c901b5d50da8fb9a6f5680d8c?s=96&d=mm&r=g\",\"caption\":\"M B\"}}]}<\/script>\n<!-- \/ Yoast SEO plugin. -->","jetpack_sharing_enabled":true,"jetpack_shortlink":"https:\/\/wp.me\/p9FV2m-eM","jetpack_likes_enabled":true,"jetpack-related-posts":[],"_links":{"self":[{"href":"https:\/\/www.peyrac.fr\/actualites\/wp-json\/wp\/v2\/posts\/916"}],"collection":[{"href":"https:\/\/www.peyrac.fr\/actualites\/wp-json\/wp\/v2\/posts"}],"about":[{"href":"https:\/\/www.peyrac.fr\/actualites\/wp-json\/wp\/v2\/types\/post"}],"author":[{"embeddable":true,"href":"https:\/\/www.peyrac.fr\/actualites\/wp-json\/wp\/v2\/users\/4"}],"replies":[{"embeddable":true,"href":"https:\/\/www.peyrac.fr\/actualites\/wp-json\/wp\/v2\/comments?post=916"}],"version-history":[{"count":9,"href":"https:\/\/www.peyrac.fr\/actualites\/wp-json\/wp\/v2\/posts\/916\/revisions"}],"predecessor-version":[{"id":928,"href":"https:\/\/www.peyrac.fr\/actualites\/wp-json\/wp\/v2\/posts\/916\/revisions\/928"}],"wp:attachment":[{"href":"https:\/\/www.peyrac.fr\/actualites\/wp-json\/wp\/v2\/media?parent=916"}],"wp:term":[{"taxonomy":"category","embeddable":true,"href":"https:\/\/www.peyrac.fr\/actualites\/wp-json\/wp\/v2\/categories?post=916"},{"taxonomy":"post_tag","embeddable":true,"href":"https:\/\/www.peyrac.fr\/actualites\/wp-json\/wp\/v2\/tags?post=916"}],"curies":[{"name":"wp","href":"https:\/\/api.w.org\/{rel}","templated":true}]}}