{"id":929,"date":"2021-05-21T17:05:04","date_gmt":"2021-05-21T15:05:04","guid":{"rendered":"http:\/\/www.peyrac.fr\/actualites\/?p=929"},"modified":"2021-05-21T17:05:04","modified_gmt":"2021-05-21T15:05:04","slug":"le-centre-historique-de-paris-bientot-reserve-aux-pietons","status":"publish","type":"post","link":"https:\/\/www.peyrac.fr\/actualites\/le-centre-historique-de-paris-bientot-reserve-aux-pietons\/","title":{"rendered":"Le centre historique de Paris bient\u00f4t r\u00e9serv\u00e9 aux pi\u00e9tons ?"},"content":{"rendered":"\n<figure class=\"wp-block-gallery aligncenter columns-1 is-cropped\"><ul data-carousel-extra='{\"blog_id\":1,\"permalink\":\"https:\\\/\\\/www.peyrac.fr\\\/actualites\\\/le-centre-historique-de-paris-bientot-reserve-aux-pietons\\\/\"}' class=\"blocks-gallery-grid\"><li class=\"blocks-gallery-item\"><figure><img data-attachment-id=\"931\" data-permalink=\"https:\/\/www.peyrac.fr\/actualites\/le-centre-historique-de-paris-bientot-reserve-aux-pietons\/pexels-viviana-ceballos-3341574\/\" data-orig-file=\"https:\/\/i2.wp.com\/www.peyrac.fr\/actualites\/wp-content\/uploads\/2021\/05\/pexels-viviana-ceballos-3341574-scaled.jpg?fit=2560%2C1709&amp;ssl=1\" data-orig-size=\"2560,1709\" data-comments-opened=\"1\" data-image-meta=\"{&quot;aperture&quot;:&quot;0&quot;,&quot;credit&quot;:&quot;&quot;,&quot;camera&quot;:&quot;&quot;,&quot;caption&quot;:&quot;&quot;,&quot;created_timestamp&quot;:&quot;0&quot;,&quot;copyright&quot;:&quot;&quot;,&quot;focal_length&quot;:&quot;0&quot;,&quot;iso&quot;:&quot;0&quot;,&quot;shutter_speed&quot;:&quot;0&quot;,&quot;title&quot;:&quot;&quot;,&quot;orientation&quot;:&quot;0&quot;}\" data-image-title=\"pexels-viviana-ceballos-3341574\" data-image-description=\"\" data-medium-file=\"https:\/\/i2.wp.com\/www.peyrac.fr\/actualites\/wp-content\/uploads\/2021\/05\/pexels-viviana-ceballos-3341574-scaled.jpg?fit=300%2C200&amp;ssl=1\" data-large-file=\"https:\/\/i2.wp.com\/www.peyrac.fr\/actualites\/wp-content\/uploads\/2021\/05\/pexels-viviana-ceballos-3341574-scaled.jpg?fit=640%2C428&amp;ssl=1\" loading=\"lazy\" width=\"2560\" height=\"1709\" src=\"https:\/\/i2.wp.com\/www.peyrac.fr\/actualites\/wp-content\/uploads\/2021\/05\/pexels-viviana-ceballos-3341574-scaled.jpg?fit=640%2C428&amp;ssl=1\" alt=\"\" data-id=\"931\" data-full-url=\"https:\/\/i2.wp.com\/www.peyrac.fr\/actualites\/wp-content\/uploads\/2021\/05\/pexels-viviana-ceballos-3341574-scaled.jpg?fit=2560%2C1709&amp;ssl=1\" data-link=\"https:\/\/www.peyrac.fr\/actualites\/?attachment_id=931\" class=\"wp-image-931\" srcset=\"https:\/\/i2.wp.com\/www.peyrac.fr\/actualites\/wp-content\/uploads\/2021\/05\/pexels-viviana-ceballos-3341574-scaled.jpg?w=2560&amp;ssl=1 2560w, https:\/\/i2.wp.com\/www.peyrac.fr\/actualites\/wp-content\/uploads\/2021\/05\/pexels-viviana-ceballos-3341574-scaled.jpg?resize=300%2C200&amp;ssl=1 300w, https:\/\/i2.wp.com\/www.peyrac.fr\/actualites\/wp-content\/uploads\/2021\/05\/pexels-viviana-ceballos-3341574-scaled.jpg?resize=1024%2C684&amp;ssl=1 1024w, https:\/\/i2.wp.com\/www.peyrac.fr\/actualites\/wp-content\/uploads\/2021\/05\/pexels-viviana-ceballos-3341574-scaled.jpg?resize=768%2C513&amp;ssl=1 768w, https:\/\/i2.wp.com\/www.peyrac.fr\/actualites\/wp-content\/uploads\/2021\/05\/pexels-viviana-ceballos-3341574-scaled.jpg?resize=1536%2C1026&amp;ssl=1 1536w, https:\/\/i2.wp.com\/www.peyrac.fr\/actualites\/wp-content\/uploads\/2021\/05\/pexels-viviana-ceballos-3341574-scaled.jpg?resize=2048%2C1367&amp;ssl=1 2048w, https:\/\/i2.wp.com\/www.peyrac.fr\/actualites\/wp-content\/uploads\/2021\/05\/pexels-viviana-ceballos-3341574-scaled.jpg?resize=404%2C270&amp;ssl=1 404w, https:\/\/i2.wp.com\/www.peyrac.fr\/actualites\/wp-content\/uploads\/2021\/05\/pexels-viviana-ceballos-3341574-scaled.jpg?w=1280 1280w, https:\/\/i2.wp.com\/www.peyrac.fr\/actualites\/wp-content\/uploads\/2021\/05\/pexels-viviana-ceballos-3341574-scaled.jpg?w=1920 1920w\" sizes=\"(max-width: 640px) 100vw, 640px\" \/><\/figure><\/li><\/ul><figcaption class=\"blocks-gallery-caption\">Photo Pexels de Viviana Cabellos<\/figcaption><\/figure>\n\n\n\n<p>Cela fait d\u00e9j\u00e0 quelques ann\u00e9es que La Mairie de Paris a entam\u00e9 son plan d\u2019action pour r\u00e9duire consid\u00e9rablement le trafic au sein de la Capitale. On se souvient notamment de la fermeture des voies sur berge et de la rue de Rivoli. La municipalit\u00e9 envisage d\u00e9sormais d\u2019interdire la circulation des v\u00e9hicules motoris\u00e9s dans le c\u0153ur historique de Paris, comme c\u2019est d\u00e9j\u00e0 le cas dans certaines villes telles que Madrid ou Rome.<\/p>\n\n\n\n<p>C\u2019est dans cette optique qu\u2019une grande consultation a \u00e9t\u00e9 lanc\u00e9e le mercredi 12&nbsp;mai. Anne Hidalgo et son \u00e9quipe souhaitent que le centre de Paris soit compl\u00e9tement pi\u00e9tonnis\u00e9 d\u2019ici 2022. Il est \u00e9galement question de d\u00e9finir de fa\u00e7on plus pr\u00e9cise les cat\u00e9gories d\u2019usagers qui pourront continuer \u00e0 circuler dans cette \u00ab&nbsp;zone de trafic limit\u00e9&nbsp;\u00bb, comme les r\u00e9sidents, les transports en commun ou les taxis. Elle devrait concern\u00e9e l\u2019ensemble du 4er arrondissement et une partie des 5\u00e8me, 6\u00e8me et 7\u00e8me arrondissements, jusqu\u2019au nord du boulevard Saint Germain.<\/p>\n\n\n\n<p>L\u2019adjoint au Maire David Belliard, en charge de la transformation des transports et des mobilit\u00e9s, entend g\u00e9n\u00e9raliser l\u2019utilisation du v\u00e9lo et des transports en commun dans le centre historique de Paris. Il veut \u00e9galement donner plus de place aux pi\u00e9tons gr\u00e2ce \u00e0 de nouveaux am\u00e9nagements.<\/p>\n\n\n\n<p>On peut n\u00e9anmoins s\u2019interroger sur les r\u00e9percutions d&rsquo;un tel projet sur le long terme. De nombreux riverains s\u2019inqui\u00e8tent d\u00e9j\u00e0 de ses cons\u00e9quences, en particulier au niveau logistique et financier.<\/p>\n\n\n\n<p class=\"has-text-align-center\"><a rel=\"noreferrer noopener\" href=\"https:\/\/www.peyrac.fr\/devis-assurance-2roues\" target=\"_blank\">DEVIS ET SOUSCRIPTION EN LIGNE EN 2 MN<\/a><br><a rel=\"noreferrer noopener\" href=\"https:\/\/www.peyrac.fr\/devis-assurance-2roues\" target=\"_blank\">Cliquez sur l&rsquo;image ci-dessous<\/a><\/p>\n\n\n\n<div data-carousel-extra='{\"blog_id\":1,\"permalink\":\"https:\\\/\\\/www.peyrac.fr\\\/actualites\\\/le-centre-historique-de-paris-bientot-reserve-aux-pietons\\\/\"}' class=\"wp-block-image\"><figure class=\"aligncenter\"><a href=\"https:\/\/www.peyrac.fr\/devis-assurance-2roues\"><img src=\"https:\/\/i0.wp.com\/www.peyrac.fr\/img\/produits\/moto.png?w=640&#038;ssl=1\" alt=\"L\u2019attribut alt de cette image est vide, son nom de fichier est moto.png.\" data-recalc-dims=\"1\"\/><\/a><\/figure><\/div>\n","protected":false},"excerpt":{"rendered":"<p>Cela fait d\u00e9j\u00e0 quelques ann\u00e9es que La Mairie de Paris a entam\u00e9 son plan d\u2019action pour r\u00e9duire consid\u00e9rablement le trafic au sein de la Capitale. On se souvient notamment de la fermeture des voies sur berge et de la rue de Rivoli. La municipalit\u00e9 envisage d\u00e9sormais d\u2019interdire la circulation des v\u00e9hicules motoris\u00e9s dans le c\u0153ur historique de Paris, comme c\u2019est d\u00e9j\u00e0 le cas dans certaines villes telles que Madrid ou Rome. C\u2019est dans cette optique qu\u2019une grande consultation a \u00e9t\u00e9&#8230;<\/p>\n<p class=\"read-more\"><a class=\"btn btn-default\" href=\"https:\/\/www.peyrac.fr\/actualites\/le-centre-historique-de-paris-bientot-reserve-aux-pietons\/\">Lire la suite<span class=\"screen-reader-text\"> Lire la suite<\/span><\/a><\/p>\n","protected":false},"author":4,"featured_media":0,"comment_status":"open","ping_status":"open","sticky":false,"template":"","format":"standard","meta":{"spay_email":"","jetpack_publicize_message":""},"categories":[1],"tags":[],"jetpack_featured_media_url":"","jetpack_publicize_connections":[],"yoast_head":"<!-- This site is optimized with the Yoast SEO plugin v14.2 - https:\/\/yoast.com\/wordpress\/plugins\/seo\/ -->\n<title>Le centre historique de Paris bient\u00f4t r\u00e9serv\u00e9 aux pi\u00e9tons ? - Actualit\u00e9s<\/title>\n<meta name=\"robots\" content=\"index, follow\" \/>\n<meta name=\"googlebot\" content=\"index, follow, max-snippet:-1, max-image-preview:large, max-video-preview:-1\" \/>\n<meta name=\"bingbot\" content=\"index, follow, max-snippet:-1, max-image-preview:large, max-video-preview:-1\" \/>\n<link rel=\"canonical\" href=\"http:\/\/www.peyrac.fr\/actualites\/le-centre-historique-de-paris-bientot-reserve-aux-pietons\/\" \/>\n<meta property=\"og:locale\" content=\"fr_FR\" \/>\n<meta property=\"og:type\" content=\"article\" \/>\n<meta property=\"og:title\" content=\"Le centre historique de Paris bient\u00f4t r\u00e9serv\u00e9 aux pi\u00e9tons ? - Actualit\u00e9s\" \/>\n<meta property=\"og:description\" content=\"Cela fait d\u00e9j\u00e0 quelques ann\u00e9es que La Mairie de Paris a entam\u00e9 son plan d\u2019action pour r\u00e9duire consid\u00e9rablement le trafic au sein de la Capitale. On se souvient notamment de la fermeture des voies sur berge et de la rue de Rivoli. La municipalit\u00e9 envisage d\u00e9sormais d\u2019interdire la circulation des v\u00e9hicules motoris\u00e9s dans le c\u0153ur historique de Paris, comme c\u2019est d\u00e9j\u00e0 le cas dans certaines villes telles que Madrid ou Rome. C\u2019est dans cette optique qu\u2019une grande consultation a \u00e9t\u00e9...Lire la suite Lire la suite\" \/>\n<meta property=\"og:url\" content=\"http:\/\/www.peyrac.fr\/actualites\/le-centre-historique-de-paris-bientot-reserve-aux-pietons\/\" \/>\n<meta property=\"og:site_name\" content=\"Actualit\u00e9s\" \/>\n<meta property=\"article:publisher\" content=\"https:\/\/fr-fr.facebook.com\/pages\/category\/Insurance-Broker\/Peyrac-Assurances-785156224901716\/\" \/>\n<meta property=\"article:published_time\" content=\"2021-05-21T15:05:04+00:00\" \/>\n<meta property=\"og:image\" content=\"https:\/\/i2.wp.com\/www.peyrac.fr\/actualites\/wp-content\/uploads\/2021\/05\/pexels-viviana-ceballos-3341574-scaled.jpg?fit=640%2C428&#038;ssl=1\" \/>\n<meta name=\"twitter:card\" content=\"summary\" \/>\n<meta name=\"twitter:creator\" content=\"@PeyracAssurance\" \/>\n<meta name=\"twitter:site\" content=\"@PeyracAssurance\" \/>\n<script type=\"application\/ld+json\" class=\"yoast-schema-graph\">{\"@context\":\"https:\/\/schema.org\",\"@graph\":[{\"@type\":\"WebSite\",\"@id\":\"https:\/\/www.peyrac.fr\/actualites\/#website\",\"url\":\"https:\/\/www.peyrac.fr\/actualites\/\",\"name\":\"Peyrac Assurances\",\"description\":\"\",\"potentialAction\":[{\"@type\":\"SearchAction\",\"target\":\"https:\/\/www.peyrac.fr\/actualites\/?s={search_term_string}\",\"query-input\":\"required name=search_term_string\"}],\"inLanguage\":\"fr-FR\"},{\"@type\":\"ImageObject\",\"@id\":\"http:\/\/www.peyrac.fr\/actualites\/le-centre-historique-de-paris-bientot-reserve-aux-pietons\/#primaryimage\",\"inLanguage\":\"fr-FR\",\"url\":\"https:\/\/i2.wp.com\/www.peyrac.fr\/actualites\/wp-content\/uploads\/2021\/05\/pexels-viviana-ceballos-3341574-scaled.jpg?fit=640%2C428&amp;ssl=1\"},{\"@type\":\"WebPage\",\"@id\":\"http:\/\/www.peyrac.fr\/actualites\/le-centre-historique-de-paris-bientot-reserve-aux-pietons\/#webpage\",\"url\":\"http:\/\/www.peyrac.fr\/actualites\/le-centre-historique-de-paris-bientot-reserve-aux-pietons\/\",\"name\":\"Le centre historique de Paris bient\\u00f4t r\\u00e9serv\\u00e9 aux pi\\u00e9tons ? - Actualit\\u00e9s\",\"isPartOf\":{\"@id\":\"https:\/\/www.peyrac.fr\/actualites\/#website\"},\"primaryImageOfPage\":{\"@id\":\"http:\/\/www.peyrac.fr\/actualites\/le-centre-historique-de-paris-bientot-reserve-aux-pietons\/#primaryimage\"},\"datePublished\":\"2021-05-21T15:05:04+00:00\",\"dateModified\":\"2021-05-21T15:05:04+00:00\",\"author\":{\"@id\":\"https:\/\/www.peyrac.fr\/actualites\/#\/schema\/person\/162ff8dc4aeb790d0bf315f75b32f724\"},\"breadcrumb\":{\"@id\":\"http:\/\/www.peyrac.fr\/actualites\/le-centre-historique-de-paris-bientot-reserve-aux-pietons\/#breadcrumb\"},\"inLanguage\":\"fr-FR\",\"potentialAction\":[{\"@type\":\"ReadAction\",\"target\":[\"http:\/\/www.peyrac.fr\/actualites\/le-centre-historique-de-paris-bientot-reserve-aux-pietons\/\"]}]},{\"@type\":\"BreadcrumbList\",\"@id\":\"http:\/\/www.peyrac.fr\/actualites\/le-centre-historique-de-paris-bientot-reserve-aux-pietons\/#breadcrumb\",\"itemListElement\":[{\"@type\":\"ListItem\",\"position\":1,\"item\":{\"@type\":\"WebPage\",\"@id\":\"https:\/\/www.peyrac.fr\/actualites\/\",\"url\":\"https:\/\/www.peyrac.fr\/actualites\/\",\"name\":\"Accueil des actualit\\u00e9s\"}},{\"@type\":\"ListItem\",\"position\":2,\"item\":{\"@type\":\"WebPage\",\"@id\":\"https:\/\/www.peyrac.fr\/actualites\/category\/non-classe\/\",\"url\":\"https:\/\/www.peyrac.fr\/actualites\/category\/non-classe\/\",\"name\":\"Non class\\u00e9\"}},{\"@type\":\"ListItem\",\"position\":3,\"item\":{\"@type\":\"WebPage\",\"@id\":\"http:\/\/www.peyrac.fr\/actualites\/le-centre-historique-de-paris-bientot-reserve-aux-pietons\/\",\"url\":\"http:\/\/www.peyrac.fr\/actualites\/le-centre-historique-de-paris-bientot-reserve-aux-pietons\/\",\"name\":\"Le centre historique de Paris bient\\u00f4t r\\u00e9serv\\u00e9 aux pi\\u00e9tons ?\"}}]},{\"@type\":[\"Person\"],\"@id\":\"https:\/\/www.peyrac.fr\/actualites\/#\/schema\/person\/162ff8dc4aeb790d0bf315f75b32f724\",\"name\":\"M B\",\"image\":{\"@type\":\"ImageObject\",\"@id\":\"https:\/\/www.peyrac.fr\/actualites\/#personlogo\",\"inLanguage\":\"fr-FR\",\"url\":\"https:\/\/secure.gravatar.com\/avatar\/7095438c901b5d50da8fb9a6f5680d8c?s=96&d=mm&r=g\",\"caption\":\"M B\"}}]}<\/script>\n<!-- \/ Yoast SEO plugin. -->","jetpack_sharing_enabled":true,"jetpack_shortlink":"https:\/\/wp.me\/p9FV2m-eZ","jetpack_likes_enabled":true,"jetpack-related-posts":[],"_links":{"self":[{"href":"https:\/\/www.peyrac.fr\/actualites\/wp-json\/wp\/v2\/posts\/929"}],"collection":[{"href":"https:\/\/www.peyrac.fr\/actualites\/wp-json\/wp\/v2\/posts"}],"about":[{"href":"https:\/\/www.peyrac.fr\/actualites\/wp-json\/wp\/v2\/types\/post"}],"author":[{"embeddable":true,"href":"https:\/\/www.peyrac.fr\/actualites\/wp-json\/wp\/v2\/users\/4"}],"replies":[{"embeddable":true,"href":"https:\/\/www.peyrac.fr\/actualites\/wp-json\/wp\/v2\/comments?post=929"}],"version-history":[{"count":6,"href":"https:\/\/www.peyrac.fr\/actualites\/wp-json\/wp\/v2\/posts\/929\/revisions"}],"predecessor-version":[{"id":937,"href":"https:\/\/www.peyrac.fr\/actualites\/wp-json\/wp\/v2\/posts\/929\/revisions\/937"}],"wp:attachment":[{"href":"https:\/\/www.peyrac.fr\/actualites\/wp-json\/wp\/v2\/media?parent=929"}],"wp:term":[{"taxonomy":"category","embeddable":true,"href":"https:\/\/www.peyrac.fr\/actualites\/wp-json\/wp\/v2\/categories?post=929"},{"taxonomy":"post_tag","embeddable":true,"href":"https:\/\/www.peyrac.fr\/actualites\/wp-json\/wp\/v2\/tags?post=929"}],"curies":[{"name":"wp","href":"https:\/\/api.w.org\/{rel}","templated":true}]}}