{"id":968,"date":"2021-09-03T17:11:39","date_gmt":"2021-09-03T15:11:39","guid":{"rendered":"http:\/\/www.peyrac.fr\/actualites\/?p=968"},"modified":"2021-09-03T17:11:39","modified_gmt":"2021-09-03T15:11:39","slug":"le-bmw-ce-02-un-nouveau-concept-zero-emission","status":"publish","type":"post","link":"https:\/\/www.peyrac.fr\/actualites\/le-bmw-ce-02-un-nouveau-concept-zero-emission\/","title":{"rendered":"Le BMW CE 02 : un nouveau concept z\u00e9ro \u00e9mission"},"content":{"rendered":"\n<figure class=\"wp-block-gallery aligncenter columns-1 is-cropped\"><ul data-carousel-extra='{\"blog_id\":1,\"permalink\":\"https:\\\/\\\/www.peyrac.fr\\\/actualites\\\/le-bmw-ce-02-un-nouveau-concept-zero-emission\\\/\"}' class=\"blocks-gallery-grid\"><li class=\"blocks-gallery-item\"><figure><img data-attachment-id=\"969\" data-permalink=\"https:\/\/www.peyrac.fr\/actualites\/le-bmw-ce-02-un-nouveau-concept-zero-emission\/bmw-motorrad-ce-02-concept\/\" data-orig-file=\"https:\/\/i1.wp.com\/www.peyrac.fr\/actualites\/wp-content\/uploads\/2021\/09\/bmw-motorrad-ce-02-concept.jpg?fit=1920%2C1080&amp;ssl=1\" data-orig-size=\"1920,1080\" data-comments-opened=\"1\" data-image-meta=\"{&quot;aperture&quot;:&quot;0&quot;,&quot;credit&quot;:&quot;&quot;,&quot;camera&quot;:&quot;&quot;,&quot;caption&quot;:&quot;&quot;,&quot;created_timestamp&quot;:&quot;0&quot;,&quot;copyright&quot;:&quot;&quot;,&quot;focal_length&quot;:&quot;0&quot;,&quot;iso&quot;:&quot;0&quot;,&quot;shutter_speed&quot;:&quot;0&quot;,&quot;title&quot;:&quot;&quot;,&quot;orientation&quot;:&quot;0&quot;}\" data-image-title=\"bmw-motorrad-ce-02-concept\" data-image-description=\"\" data-medium-file=\"https:\/\/i1.wp.com\/www.peyrac.fr\/actualites\/wp-content\/uploads\/2021\/09\/bmw-motorrad-ce-02-concept.jpg?fit=300%2C169&amp;ssl=1\" data-large-file=\"https:\/\/i1.wp.com\/www.peyrac.fr\/actualites\/wp-content\/uploads\/2021\/09\/bmw-motorrad-ce-02-concept.jpg?fit=640%2C360&amp;ssl=1\" loading=\"lazy\" width=\"1920\" height=\"1080\" src=\"https:\/\/i1.wp.com\/www.peyrac.fr\/actualites\/wp-content\/uploads\/2021\/09\/bmw-motorrad-ce-02-concept.jpg?fit=640%2C360&amp;ssl=1\" alt=\"\" data-id=\"969\" data-full-url=\"https:\/\/i1.wp.com\/www.peyrac.fr\/actualites\/wp-content\/uploads\/2021\/09\/bmw-motorrad-ce-02-concept.jpg?fit=1920%2C1080&amp;ssl=1\" data-link=\"https:\/\/www.peyrac.fr\/actualites\/?attachment_id=969\" class=\"wp-image-969\" srcset=\"https:\/\/i1.wp.com\/www.peyrac.fr\/actualites\/wp-content\/uploads\/2021\/09\/bmw-motorrad-ce-02-concept.jpg?w=1920&amp;ssl=1 1920w, https:\/\/i1.wp.com\/www.peyrac.fr\/actualites\/wp-content\/uploads\/2021\/09\/bmw-motorrad-ce-02-concept.jpg?resize=300%2C169&amp;ssl=1 300w, https:\/\/i1.wp.com\/www.peyrac.fr\/actualites\/wp-content\/uploads\/2021\/09\/bmw-motorrad-ce-02-concept.jpg?resize=1024%2C576&amp;ssl=1 1024w, https:\/\/i1.wp.com\/www.peyrac.fr\/actualites\/wp-content\/uploads\/2021\/09\/bmw-motorrad-ce-02-concept.jpg?resize=768%2C432&amp;ssl=1 768w, https:\/\/i1.wp.com\/www.peyrac.fr\/actualites\/wp-content\/uploads\/2021\/09\/bmw-motorrad-ce-02-concept.jpg?resize=1536%2C864&amp;ssl=1 1536w, https:\/\/i1.wp.com\/www.peyrac.fr\/actualites\/wp-content\/uploads\/2021\/09\/bmw-motorrad-ce-02-concept.jpg?resize=480%2C270&amp;ssl=1 480w, https:\/\/i1.wp.com\/www.peyrac.fr\/actualites\/wp-content\/uploads\/2021\/09\/bmw-motorrad-ce-02-concept.jpg?w=1280 1280w\" sizes=\"(max-width: 640px) 100vw, 640px\" \/><\/figure><\/li><\/ul><\/figure>\n\n\n\n<p>V\u00e9ritable avant-gardiste sur le march\u00e9 de la mobilit\u00e9 \u00e9lectrique, notamment depuis la sortie de son mod\u00e8le C Evolution en 2014, BMW a d\u00e9voil\u00e9 il y a maintenant plusieurs semaines son nouveau scooter z\u00e9ro \u00e9mission, le BMW CE 04. Ayant toujours plus \u00e0 c\u0153ur le d\u00e9veloppement de v\u00e9hicules \u00e9lectriques urbains, le constructeur poursuit sa strat\u00e9gie avec la pr\u00e9sentation d\u2019un mod\u00e8le novateur et futuriste, le Concept CE 02.<\/p>\n\n\n\n<p>Savant m\u00e9lange entre moto et scooter, BMW a pour objectif avec ce nouveau projet de cibler une client\u00e8le plus jeune et citadine. L\u00e9ger et compact, le Concept CE 02 offre une puissance de 11\u00a0kW pour une vitesse maximale de 90\u00a0km\/h, avec une autonomie d\u2019environ 90\u00a0km. Equivalent du 125 thermique, ses performances font de lui un v\u00e9hicule id\u00e9al pour la circulation en milieu urbain.<\/p>\n\n\n\n<p>Le Concept CE 02 sera officiellement pr\u00e9sent\u00e9 le 06\/09 \u00e0 l\u2019occasion du salon de l\u2019auto de Munich. Reste \u00e0 savoir s&rsquo;il aboutira dans un futur proche \u00e0 une mise sur le march\u00e9. R\u00e9ponse \u00e0 suivre\u2026<\/p>\n\n\n\n<p class=\"has-text-align-center\"><a rel=\"noreferrer noopener\" href=\"https:\/\/www.peyrac.fr\/devis-assurance-2roues\" target=\"_blank\">DEVIS ET SOUSCRIPTION EN LIGNE EN 2 MN<\/a><br><a rel=\"noreferrer noopener\" href=\"https:\/\/www.peyrac.fr\/devis-assurance-2roues\" target=\"_blank\">Cliquez sur l&rsquo;image ci-dessous<\/a><\/p>\n\n\n\n<div data-carousel-extra='{\"blog_id\":1,\"permalink\":\"https:\\\/\\\/www.peyrac.fr\\\/actualites\\\/le-bmw-ce-02-un-nouveau-concept-zero-emission\\\/\"}' class=\"wp-block-image\"><figure class=\"aligncenter\"><a href=\"https:\/\/www.peyrac.fr\/devis-assurance-2roues\"><img src=\"https:\/\/i0.wp.com\/www.peyrac.fr\/img\/produits\/moto.png?w=640&#038;ssl=1\" alt=\"L\u2019attribut alt de cette image est vide, son nom de fichier est moto.png.\" data-recalc-dims=\"1\"\/><\/a><\/figure><\/div>\n","protected":false},"excerpt":{"rendered":"<p>V\u00e9ritable avant-gardiste sur le march\u00e9 de la mobilit\u00e9 \u00e9lectrique, notamment depuis la sortie de son mod\u00e8le C Evolution en 2014, BMW a d\u00e9voil\u00e9 il y a maintenant plusieurs semaines son nouveau scooter z\u00e9ro \u00e9mission, le BMW CE 04. Ayant toujours plus \u00e0 c\u0153ur le d\u00e9veloppement de v\u00e9hicules \u00e9lectriques urbains, le constructeur poursuit sa strat\u00e9gie avec la pr\u00e9sentation d\u2019un mod\u00e8le novateur et futuriste, le Concept CE 02. Savant m\u00e9lange entre moto et scooter, BMW a pour objectif avec ce nouveau projet&#8230;<\/p>\n<p class=\"read-more\"><a class=\"btn btn-default\" href=\"https:\/\/www.peyrac.fr\/actualites\/le-bmw-ce-02-un-nouveau-concept-zero-emission\/\">Lire la suite<span class=\"screen-reader-text\"> Lire la suite<\/span><\/a><\/p>\n","protected":false},"author":4,"featured_media":0,"comment_status":"open","ping_status":"open","sticky":false,"template":"","format":"standard","meta":{"spay_email":"","jetpack_publicize_message":""},"categories":[1],"tags":[],"jetpack_featured_media_url":"","jetpack_publicize_connections":[],"yoast_head":"<!-- This site is optimized with the Yoast SEO plugin v14.2 - https:\/\/yoast.com\/wordpress\/plugins\/seo\/ -->\n<title>Le BMW CE 02 : un nouveau concept z\u00e9ro \u00e9mission - Actualit\u00e9s<\/title>\n<meta name=\"robots\" content=\"index, follow\" \/>\n<meta name=\"googlebot\" content=\"index, follow, max-snippet:-1, max-image-preview:large, max-video-preview:-1\" \/>\n<meta name=\"bingbot\" content=\"index, follow, max-snippet:-1, max-image-preview:large, max-video-preview:-1\" \/>\n<link rel=\"canonical\" href=\"http:\/\/www.peyrac.fr\/actualites\/le-bmw-ce-02-un-nouveau-concept-zero-emission\/\" \/>\n<meta property=\"og:locale\" content=\"fr_FR\" \/>\n<meta property=\"og:type\" content=\"article\" \/>\n<meta property=\"og:title\" content=\"Le BMW CE 02 : un nouveau concept z\u00e9ro \u00e9mission - Actualit\u00e9s\" \/>\n<meta property=\"og:description\" content=\"V\u00e9ritable avant-gardiste sur le march\u00e9 de la mobilit\u00e9 \u00e9lectrique, notamment depuis la sortie de son mod\u00e8le C Evolution en 2014, BMW a d\u00e9voil\u00e9 il y a maintenant plusieurs semaines son nouveau scooter z\u00e9ro \u00e9mission, le BMW CE 04. Ayant toujours plus \u00e0 c\u0153ur le d\u00e9veloppement de v\u00e9hicules \u00e9lectriques urbains, le constructeur poursuit sa strat\u00e9gie avec la pr\u00e9sentation d\u2019un mod\u00e8le novateur et futuriste, le Concept CE 02. Savant m\u00e9lange entre moto et scooter, BMW a pour objectif avec ce nouveau projet...Lire la suite Lire la suite\" \/>\n<meta property=\"og:url\" content=\"http:\/\/www.peyrac.fr\/actualites\/le-bmw-ce-02-un-nouveau-concept-zero-emission\/\" \/>\n<meta property=\"og:site_name\" content=\"Actualit\u00e9s\" \/>\n<meta property=\"article:publisher\" content=\"https:\/\/fr-fr.facebook.com\/pages\/category\/Insurance-Broker\/Peyrac-Assurances-785156224901716\/\" \/>\n<meta property=\"article:published_time\" content=\"2021-09-03T15:11:39+00:00\" \/>\n<meta property=\"og:image\" content=\"https:\/\/i1.wp.com\/www.peyrac.fr\/actualites\/wp-content\/uploads\/2021\/09\/bmw-motorrad-ce-02-concept.jpg?fit=640%2C360&#038;ssl=1\" \/>\n<meta name=\"twitter:card\" content=\"summary\" \/>\n<meta name=\"twitter:creator\" content=\"@PeyracAssurance\" \/>\n<meta name=\"twitter:site\" content=\"@PeyracAssurance\" \/>\n<script type=\"application\/ld+json\" class=\"yoast-schema-graph\">{\"@context\":\"https:\/\/schema.org\",\"@graph\":[{\"@type\":\"WebSite\",\"@id\":\"https:\/\/www.peyrac.fr\/actualites\/#website\",\"url\":\"https:\/\/www.peyrac.fr\/actualites\/\",\"name\":\"Peyrac Assurances\",\"description\":\"\",\"potentialAction\":[{\"@type\":\"SearchAction\",\"target\":\"https:\/\/www.peyrac.fr\/actualites\/?s={search_term_string}\",\"query-input\":\"required name=search_term_string\"}],\"inLanguage\":\"fr-FR\"},{\"@type\":\"ImageObject\",\"@id\":\"http:\/\/www.peyrac.fr\/actualites\/le-bmw-ce-02-un-nouveau-concept-zero-emission\/#primaryimage\",\"inLanguage\":\"fr-FR\",\"url\":\"https:\/\/i1.wp.com\/www.peyrac.fr\/actualites\/wp-content\/uploads\/2021\/09\/bmw-motorrad-ce-02-concept.jpg?fit=640%2C360&amp;ssl=1\"},{\"@type\":\"WebPage\",\"@id\":\"http:\/\/www.peyrac.fr\/actualites\/le-bmw-ce-02-un-nouveau-concept-zero-emission\/#webpage\",\"url\":\"http:\/\/www.peyrac.fr\/actualites\/le-bmw-ce-02-un-nouveau-concept-zero-emission\/\",\"name\":\"Le BMW CE 02 : un nouveau concept z\\u00e9ro \\u00e9mission - Actualit\\u00e9s\",\"isPartOf\":{\"@id\":\"https:\/\/www.peyrac.fr\/actualites\/#website\"},\"primaryImageOfPage\":{\"@id\":\"http:\/\/www.peyrac.fr\/actualites\/le-bmw-ce-02-un-nouveau-concept-zero-emission\/#primaryimage\"},\"datePublished\":\"2021-09-03T15:11:39+00:00\",\"dateModified\":\"2021-09-03T15:11:39+00:00\",\"author\":{\"@id\":\"https:\/\/www.peyrac.fr\/actualites\/#\/schema\/person\/162ff8dc4aeb790d0bf315f75b32f724\"},\"breadcrumb\":{\"@id\":\"http:\/\/www.peyrac.fr\/actualites\/le-bmw-ce-02-un-nouveau-concept-zero-emission\/#breadcrumb\"},\"inLanguage\":\"fr-FR\",\"potentialAction\":[{\"@type\":\"ReadAction\",\"target\":[\"http:\/\/www.peyrac.fr\/actualites\/le-bmw-ce-02-un-nouveau-concept-zero-emission\/\"]}]},{\"@type\":\"BreadcrumbList\",\"@id\":\"http:\/\/www.peyrac.fr\/actualites\/le-bmw-ce-02-un-nouveau-concept-zero-emission\/#breadcrumb\",\"itemListElement\":[{\"@type\":\"ListItem\",\"position\":1,\"item\":{\"@type\":\"WebPage\",\"@id\":\"https:\/\/www.peyrac.fr\/actualites\/\",\"url\":\"https:\/\/www.peyrac.fr\/actualites\/\",\"name\":\"Accueil des actualit\\u00e9s\"}},{\"@type\":\"ListItem\",\"position\":2,\"item\":{\"@type\":\"WebPage\",\"@id\":\"https:\/\/www.peyrac.fr\/actualites\/category\/non-classe\/\",\"url\":\"https:\/\/www.peyrac.fr\/actualites\/category\/non-classe\/\",\"name\":\"Non class\\u00e9\"}},{\"@type\":\"ListItem\",\"position\":3,\"item\":{\"@type\":\"WebPage\",\"@id\":\"http:\/\/www.peyrac.fr\/actualites\/le-bmw-ce-02-un-nouveau-concept-zero-emission\/\",\"url\":\"http:\/\/www.peyrac.fr\/actualites\/le-bmw-ce-02-un-nouveau-concept-zero-emission\/\",\"name\":\"Le BMW CE 02 : un nouveau concept z\\u00e9ro \\u00e9mission\"}}]},{\"@type\":[\"Person\"],\"@id\":\"https:\/\/www.peyrac.fr\/actualites\/#\/schema\/person\/162ff8dc4aeb790d0bf315f75b32f724\",\"name\":\"M B\",\"image\":{\"@type\":\"ImageObject\",\"@id\":\"https:\/\/www.peyrac.fr\/actualites\/#personlogo\",\"inLanguage\":\"fr-FR\",\"url\":\"https:\/\/secure.gravatar.com\/avatar\/7095438c901b5d50da8fb9a6f5680d8c?s=96&d=mm&r=g\",\"caption\":\"M B\"}}]}<\/script>\n<!-- \/ Yoast SEO plugin. -->","jetpack_sharing_enabled":true,"jetpack_shortlink":"https:\/\/wp.me\/p9FV2m-fC","jetpack_likes_enabled":true,"jetpack-related-posts":[],"_links":{"self":[{"href":"https:\/\/www.peyrac.fr\/actualites\/wp-json\/wp\/v2\/posts\/968"}],"collection":[{"href":"https:\/\/www.peyrac.fr\/actualites\/wp-json\/wp\/v2\/posts"}],"about":[{"href":"https:\/\/www.peyrac.fr\/actualites\/wp-json\/wp\/v2\/types\/post"}],"author":[{"embeddable":true,"href":"https:\/\/www.peyrac.fr\/actualites\/wp-json\/wp\/v2\/users\/4"}],"replies":[{"embeddable":true,"href":"https:\/\/www.peyrac.fr\/actualites\/wp-json\/wp\/v2\/comments?post=968"}],"version-history":[{"count":8,"href":"https:\/\/www.peyrac.fr\/actualites\/wp-json\/wp\/v2\/posts\/968\/revisions"}],"predecessor-version":[{"id":977,"href":"https:\/\/www.peyrac.fr\/actualites\/wp-json\/wp\/v2\/posts\/968\/revisions\/977"}],"wp:attachment":[{"href":"https:\/\/www.peyrac.fr\/actualites\/wp-json\/wp\/v2\/media?parent=968"}],"wp:term":[{"taxonomy":"category","embeddable":true,"href":"https:\/\/www.peyrac.fr\/actualites\/wp-json\/wp\/v2\/categories?post=968"},{"taxonomy":"post_tag","embeddable":true,"href":"https:\/\/www.peyrac.fr\/actualites\/wp-json\/wp\/v2\/tags?post=968"}],"curies":[{"name":"wp","href":"https:\/\/api.w.org\/{rel}","templated":true}]}}